{"id":17142,"date":"2024-06-04T17:00:07","date_gmt":"2024-06-04T17:00:07","guid":{"rendered":"https:\/\/ekamu.net\/?p=17142"},"modified":"2024-06-04T17:00:07","modified_gmt":"2024-06-04T17:00:07","slug":"efes-yine-nefes-kesti","status":"publish","type":"post","link":"https:\/\/ekamu.net\/index.php\/2024\/06\/04\/efes-yine-nefes-kesti\/","title":{"rendered":"Efes yine nefes kesti"},"content":{"rendered":"<p><p><strong>SEFER\u0130H\u0130SAR\u00a0<\/strong><\/p>\n<p>T\u00fcrk Silahl\u0131 Kuvvetleri (TSK), Efes 2024 Tatbikat\u0131\u2019nda ate\u015f g\u00fcc\u00fcn\u00fcn yan\u0131 s\u0131ra kara, deniz ve hava unsurlar\u0131 ile m\u00fc\u015fterek harekat yapma kabiliyetini sergiledi. Savunma sanayiinde gelinen a\u015faman\u0131n da g\u00f6zler \u00f6n\u00fcne serildi\u011fi tatbikatta, envantere yeni al\u0131nan milli \u00fcretim 33 silah, ara\u00e7 ve sistem de ilk kez kullan\u0131ld\u0131. T\u00fcrk donanmas\u0131, tatbikat\u0131n se\u00e7im g\u00f6zlemci g\u00fcn\u00fcnde K\u0131br\u0131s Bar\u0131\u015f Harekat\u0131\u2019n\u0131n 50. Y\u0131l\u0131\u2019na at\u0131fla 50 gemi ile boy g\u00f6sterdi. \u00a0<\/p>\n<div>\n<div> <img decoding=\"async\" src=\"https:\/\/ekamu.net\/wp-content\/uploads\/2024\/06\/efes-yine-nefes-kesti-0-tPJ49rhP.jpg\"\/><\/img> <\/div>\n<\/p><\/div>\n<\/p>\n<p>TSK\u2019n\u0131n en b\u00fcy\u00fck birle\u015fik, m\u00fc\u015fterek tatbikatlar\u0131ndan Efes-2024 Tatbikat\u0131\u2019n\u0131n d\u00fcn icra edilen se\u00e7kin g\u00f6zlemci g\u00fcn\u00fcne Cumhurba\u015fkan\u0131 Recep Tayyip Erdo\u011fan, Milli Savunma Bakan\u0131 Ya\u015far G\u00fcler, Genelkurmay Ba\u015fkan\u0131 Orgeneral Metin G\u00fcrak ve kuvvet komutanlar\u0131n\u0131n yan\u0131 s\u0131ra dost \u00fclkelerden \u00e7ok say\u0131da bakan ile genelkurmay ba\u015fkan\u0131 kat\u0131ld\u0131. Faaliyeti, 95 askeri ata\u015fe de izledi.\u00a0<\/p>\n<p><strong>Gece g\u00f6sterisi\u00a0<\/strong><\/p>\n<p>Se\u00e7kin g\u00f6zlemci g\u00fcn\u00fcn\u00fcn gece safhas\u0131, 29 May\u0131s ak\u015fam\u0131 icra edildi. TSK\u2019n\u0131n gece \u015fartlar\u0131nda ate\u015f g\u00fcc\u00fc ile harekat kabiliyetlerini sergiledi\u011fi bu safhay\u0131 Milli Savunma Bakan\u0131 G\u00fcler, konuk \u00fclkelerin savunma bakanlar\u0131, genelkurmay ba\u015fkanlar\u0131 ve TSK komuta kademesi ile birlikte izledi.\u00a0 \u00a0<\/p>\n<div>\n<div> <img decoding=\"async\" src=\"https:\/\/ekamu.net\/wp-content\/uploads\/2024\/06\/efes-yine-nefes-kesti-1-OSmItcFc.jpg\"\/><\/img> <\/div>\n<\/p><\/div>\n<\/p>\n<p><strong>Piyadeler sahile \u00e7\u0131kt\u0131\u00a0<\/strong><\/p>\n<p>Tabikat\u0131n se\u00e7kin g\u00f6zlemci g\u00fcn\u00fcn\u00fcn g\u00fcnd\u00fcz safhas\u0131 ise d\u00fcn sabah denizden kara hedeflerine yap\u0131lan bombard\u0131man ile ba\u015flad\u0131. Deniz Kuvvetlerine ait gemiler, belirlenen hedefleri ba\u015far\u0131yla vurdu. Kara Kuvvetleri Komutanl\u0131\u011f\u0131\u2019na ait helikopterler kol halinde hedeflere sald\u0131r\u0131rken, kolun emniyetini, ATAK helikopterleri sa\u011flad\u0131. F-16 sava\u015f u\u00e7aklar\u0131, 12 kilometre mesafe ve 4 bin 500 metreye ula\u015fan y\u00fckseklikten hedeflere bomba b\u0131rakt\u0131. Deniz piyadeleri, tank ve z\u0131rhl\u0131 ara\u00e7lar; amfibi h\u00fccum harekat\u0131 \u00e7er\u00e7evesinde \u00e7\u0131kartma gemileri ile sahile \u00e7\u0131kar\u0131ld\u0131. Deniz piyadeleri, tanklar\u0131n korumas\u0131nda kara i\u00e7ine do\u011fru ilerledi. Harekat s\u00fcrerken, hedefler taarruz helikopterleri ve sava\u015f u\u00e7aklar\u0131 taraf\u0131ndan ba\u015far\u0131l\u0131 \u015fekilde imha edildi.\u00a0<\/p>\n<p><strong>\u2018Kahraman ordumuz bar\u0131\u015fa katk\u0131 sa\u011fl\u0131yor\u2019<\/strong><\/p>\n<p>Milli Savunma Bakan\u0131 Ya\u015far G\u00fcler, tatbikata kat\u0131l\u0131m\u0131n s\u00fcrekli artmas\u0131n\u0131n T\u00fcrkiye\u2019nin bu alandaki etkin ve kapsay\u0131c\u0131 rol\u00fc ile y\u00fcksek organizasyon yetene\u011fini de ortaya koydu\u011funu ifade ederek, \u201cTatbikat\u0131m\u0131z, b\u00fcy\u00fck bir ba\u015far\u0131yla icra edilmi\u015f; kahraman ordumuzun cayd\u0131r\u0131c\u0131 nitelikleri ile karde\u015f, dost ve m\u00fcttefiklerimizle uyum i\u00e7indeki \u00e7al\u0131\u015fmalar\u0131 bir kez daha sergilenmi\u015ftir. \u00dclkemizin uluslararas\u0131 arenada b\u00f6ylesine \u00f6nc\u00fc bir rol \u00fcstlenmesiyle kahraman ordumuz da ba\u015fta g\u00f6n\u00fcl co\u011frafyam\u0131z olmak \u00fczere d\u00fcnyan\u0131n \u00e7e\u015fitli b\u00f6lgelerinde g\u00fcvenlik, bar\u0131\u015f ve istikrara ciddi katk\u0131lar sa\u011flamaktad\u0131r\u201d dedi.<\/p>\n<div>\n<div> <img decoding=\"async\" src=\"https:\/\/ekamu.net\/wp-content\/uploads\/2024\/06\/efes-yine-nefes-kesti-2-vLJa5qBW.jpg\"\/><\/img> <\/div>\n<\/p><\/div>\n<\/p>\n<p><strong>Hi\u00e7bir \u00fclke hedef al\u0131nmad\u0131<\/strong><\/p>\n<p>Efes 2024 Tatbikat\u0131, bug\u00fcne kadar icra edilen Efes serisi tatbikatlar i\u00e7erisindeki en geni\u015f kat\u0131l\u0131ml\u0131 tatbikat oldu. Tatbikat\u0131n bro\u015f\u00fcr\u00fcnde Yunanistan dahil hi\u00e7 bir \u00fclkenin hedef al\u0131nmad\u0131\u011f\u0131 vurguland\u0131. Tatbikat\u0131n dili \u0130ngilizce olarak belirlendi. Se\u00e7kin g\u00f6zlemci g\u00fcn\u00fcnde yap\u0131lacak faaliyetlerin \u0130ngilizce, Rus\u00e7a, Arap\u00e7a ve Frans\u0131zca dillerinde sim\u00fcltane terc\u00fcmesi yap\u0131ld\u0131. Tatbikata 9 bin 139\u2019u T\u00fcrk, 45 \u00fclkeden bin 745 misafir personel olmak \u00fczere toplam 10 bin 884 personel kat\u0131ld\u0131.<\/p>\n<p><strong>Tatbikat\u0131n ilkleri<\/strong><\/p>\n<p>Tatbikatta, milli \u00fcretim 33 yeni sistem, silah ve ara\u00e7lar ilk kez denendi. Kara harekat\u0131nda Yeni Nesil F\u0131rt\u0131na 2 ve Boran \u00f6b\u00fcslerinden \u015fi\u015firilebilir sahte tanklara kadar \u00e7ok say\u0131da silah, platform ve sistem ilk kez kullan\u0131ld\u0131. Deniz harek\u00e2t\u0131nda; ilk kez TCG ANADOLU \u00c7ok Maksath Amfibi Gemi ve TCG P\u0130R\u0130RE\u0130S Denizalt\u0131s\u0131, TCG DERYA \u0130kmal Muharebe Destek Gemisi, TCG \u0130STANBUL F\u0131rkateyni ve ZAHA (Z\u0131rhl\u0131 Amfibi H\u00fccum Arac\u0131) tatbikatta yer ald\u0131.<\/p>\n\n<p>Kaynak :\u00a0<span style=\"background-color: rgb(255, 249, 236); color: rgb(55, 58, 60); font-size: 14px;\">http:\/\/www.milliyet.com.tr\/yazarlar\/didem-ozel-tumer\/efes-yine-nefes-kesti-7134986<\/span><\/p>\n","protected":false},"excerpt":{"rendered":"<p>SEFER\u0130H\u0130SAR\u00a0 T\u00fcrk Silahl\u0131 Kuvvetleri (TSK), Efes 2024 Tatbikat\u0131\u2019nda ate\u015f g\u00fcc\u00fcn\u00fcn yan\u0131 s\u0131ra kara, deniz ve hava unsurlar\u0131 ile m\u00fc\u015fterek harekat yapma kabiliyetini sergiledi. Savunma sanayiinde gelinen a\u015faman\u0131n da g\u00f6zler \u00f6n\u00fcne serildi\u011fi tatbikatta &#8230;<\/p>\n","protected":false},"author":1,"featured_media":17143,"comment_status":"open","ping_status":"open","sticky":false,"template":"","format":"standard","meta":{"footnotes":""},"categories":[8],"tags":[338,1234,919,1233,305],"class_list":["post-17142","post","type-post","status-publish","format-standard","has-post-thumbnail","hentry","category-teknoloji","tag-deniz","tag-harekat","tag-hedefler","tag-tatbikat","tag-ulke"],"_links":{"self":[{"href":"https:\/\/ekamu.net\/index.php\/wp-json\/wp\/v2\/posts\/17142","targetHints":{"allow":["GET"]}}],"collection":[{"href":"https:\/\/ekamu.net\/index.php\/wp-json\/wp\/v2\/posts"}],"about":[{"href":"https:\/\/ekamu.net\/index.php\/wp-json\/wp\/v2\/types\/post"}],"author":[{"embeddable":true,"href":"https:\/\/ekamu.net\/index.php\/wp-json\/wp\/v2\/users\/1"}],"replies":[{"embeddable":true,"href":"https:\/\/ekamu.net\/index.php\/wp-json\/wp\/v2\/comments?post=17142"}],"version-history":[{"count":1,"href":"https:\/\/ekamu.net\/index.php\/wp-json\/wp\/v2\/posts\/17142\/revisions"}],"predecessor-version":[{"id":17147,"href":"https:\/\/ekamu.net\/index.php\/wp-json\/wp\/v2\/posts\/17142\/revisions\/17147"}],"wp:featuredmedia":[{"embeddable":true,"href":"https:\/\/ekamu.net\/index.php\/wp-json\/wp\/v2\/media\/17143"}],"wp:attachment":[{"href":"https:\/\/ekamu.net\/index.php\/wp-json\/wp\/v2\/media?parent=17142"}],"wp:term":[{"taxonomy":"category","embeddable":true,"href":"https:\/\/ekamu.net\/index.php\/wp-json\/wp\/v2\/categories?post=17142"},{"taxonomy":"post_tag","embeddable":true,"href":"https:\/\/ekamu.net\/index.php\/wp-json\/wp\/v2\/tags?post=17142"}],"curies":[{"name":"wp","href":"https:\/\/api.w.org\/{rel}","templated":true}]}}