{"id":17246,"date":"2024-06-04T19:12:05","date_gmt":"2024-06-04T19:12:05","guid":{"rendered":"https:\/\/ekamu.net\/?p=17246"},"modified":"2024-06-04T19:12:05","modified_gmt":"2024-06-04T19:12:05","slug":"tabuttaki-son-civi-ahlaki-cokus","status":"publish","type":"post","link":"https:\/\/ekamu.net\/index.php\/2024\/06\/04\/tabuttaki-son-civi-ahlaki-cokus\/","title":{"rendered":"Tabuttaki son \u00e7ivi, ahlaki \u00e7\u00f6k\u00fc\u015f&#8230;"},"content":{"rendered":"<p><p>Bat\u0131 medeniyetinin k\u0131r\u0131lgan yanlar\u0131 var.<\/p>\n<p>Mesela n\u00fcfuslar\u0131 ya\u015flan\u0131yor, i\u015fg\u00fcc\u00fc ithal ederek sistemlerini ayakta tutuyorlar.<\/p>\n<p>Demokratik rejimleri \u00e7\u00f6z\u00fcm de\u011fil sorun \u00fcreten bir hale d\u00f6nd\u00fc.<\/p>\n<div>\n<div> <img decoding=\"async\" src=\"https:\/\/ekamu.net\/wp-content\/uploads\/2024\/06\/tabuttaki-son-civi-ahlaki-cokus-0-lGh5mmnM.jpg\"\/><\/img> <\/div>\n<\/p><\/div>\n<\/p>\n<p>ABD, k\u00fcrtaj-LGBT haklar\u0131 gibi konularda ikiye b\u00f6l\u00fcnm\u00fc\u015f durumda, birlikten ayr\u0131lmak isteyen eyalet say\u0131s\u0131 art\u0131yor.<\/p>\n<p>Avrupa\u2019da a\u015f\u0131r\u0131 sa\u011f\u0131n y\u00fckseli\u015fi durdurulam\u0131yor.<\/p>\n<p>K\u00fcresel salg\u0131n s\u0131ras\u0131nda g\u00f6r\u00fcld\u00fc ki, sanayi \u00fcretimini uzak co\u011frafyalara kayd\u0131rma karar\u0131 tedarik zincirlerini k\u0131r\u0131yormu\u015f.<\/p>\n<p>Avrupa, Rusya-Ukrayna Sava\u015f\u0131 s\u0131ras\u0131nda hem enerji ba\u011f\u0131ml\u0131l\u0131\u011f\u0131 hem de savunmadaki g\u00fc\u00e7s\u00fczl\u00fc\u011f\u00fcyle y\u00fczle\u015fti.<\/p>\n<p>Bat\u0131 ge\u00e7mi\u015fte de buna benzer sorunlar ya\u015fam\u0131\u015ft\u0131 ama bu kez durum farkl\u0131.<\/p>\n<p>So\u011fuk Sava\u015f d\u00f6neminde Bat\u0131\u2019n\u0131n Do\u011fu\u2019ya kar\u015f\u0131 \u00fcst\u00fcnl\u00fc\u011f\u00fcn\u00fcn ana sebebi sa\u011flad\u0131\u011f\u0131 \u00f6zg\u00fcrl\u00fck ortam\u0131yd\u0131.<\/p>\n<p>Engizisyon karanl\u0131\u011f\u0131ndan \u00fcniversitelerle \u00e7\u0131kan Bat\u0131\u2019n\u0131n kamp\u00fcslerinde art\u0131k \u0130srail\u2019i protesto etmek yasak.<\/p>\n<p>1968 Bahar\u0131\u2019n\u0131n ba\u015flad\u0131\u011f\u0131 Paris\u2019te Filistin\u2019e destek g\u00f6sterileri tamamen yasaklanm\u0131\u015f durumda.<\/p>\n<p>Almanya\u2019y\u0131 ikiye b\u00f6len Berlin Duvar\u0131\u2019na utan\u00e7 duvar\u0131 denilirdi, \u015fimdi tek bir Almanya var ve ge\u00e7mi\u015fte yapt\u0131klar\u0131 soyk\u0131r\u0131m y\u00fcz\u00fcnden \u0130srail\u2019in soyk\u0131r\u0131m\u0131na destek oluyorlar, son Refah Katliam\u0131 i\u00e7inse ses \u00e7\u0131karmama politikas\u0131 izliyorlar.<\/p>\n<p>Bat\u0131 kendi de\u011ferlerinin o kadar d\u0131\u015f\u0131na \u00e7\u0131kt\u0131 ki, Putin rejiminde ya\u015famak istemedi\u011fi i\u00e7in Avrupa\u2019ya giden Ruslar, g\u00f6rd\u00fckleri ayr\u0131mc\u0131l\u0131ktan sonra \u015fimdi Rus milliyet\u00e7isi olarak \u00fclkelerine d\u00f6n\u00fcyorlar.<\/p>\n<p>Bat\u0131 sanat\u0131n\u0131 g\u00fc\u00e7lendiren \u00f6zg\u00fcrl\u00fck ortam\u0131 gitti, d\u00fcnyan\u0131n en sayg\u0131n opera sanat\u00e7\u0131lar\u0131n\u0131n Rusya vatanda\u015f\u0131 olduklar\u0131 i\u00e7in sahne bulamad\u0131klar\u0131 bir d\u00f6neme girdik. Ad\u0131n\u0131 net olarak koymam\u0131z laz\u0131m, Avrupa bir kez daha Orta \u00e7a\u011f karanl\u0131\u011f\u0131na d\u00f6n\u00fcyor.<\/p>\n<p>Bu ahlaki \u00e7\u00f6k\u00fc\u015f\u00fcn \u00f6nc\u00fcl\u00fc\u011f\u00fcn\u00fc de \u201c\u0130srail k\u0131rm\u0131z\u0131 \u00e7izgiyi a\u015fmad\u0131\u00bb diyebilen, diplomatlar\u0131 bomba \u00fczerine katliam notlar\u0131 yazan ABD yap\u0131yor&#8230;<\/p>\n<div>\n<div> <img decoding=\"async\" src=\"https:\/\/ekamu.net\/wp-content\/uploads\/2024\/06\/tabuttaki-son-civi-ahlaki-cokus-1-gYlXKUiK.jpg\"\/><\/img> <\/div>\n<\/p><\/div>\n<\/p>\n<p><strong>Kemal K\u0131l\u0131\u00e7daro\u011flu parti kurmal\u0131<\/strong><\/p>\n<p>CHP\u2019nin Eski Genel Ba\u015fkan\u0131 Kemal K\u0131l\u0131\u00e7daro\u011flu siyasi iddias\u0131ndan vazge\u00e7meyecek gibi duruyor.<\/p>\n<p>Bu iddiay\u0131 ortaya koyarken de bizim bildi\u011fimizden farkl\u0131 bir tarih\u00e7e anlat\u0131yor.<\/p>\n<p>Mesela \u201cCumhurba\u015fkan\u0131 aday\u0131 olmay\u0131 ben istemedim\u201d a\u00e7\u0131klamas\u0131yla, \u0130Y\u0130 Parti Eski Genel Ba\u015fkan\u0131 Meral Ak\u015fener\u2019in masadan kalk\u0131p, geri oturdu\u011fu s\u00fcre\u00e7te ya\u015fananlar taban tabana z\u0131t.<\/p>\n<p>Bu kadar iddial\u0131 ve kendini ba\u015far\u0131l\u0131 g\u00f6ren bir siyaset\u00e7i olarak Kemal K\u0131l\u0131\u00e7daro\u011flu parti kurmal\u0131.<\/p>\n<p>K\u0131l\u0131\u00e7daro\u011flu\u2019nun ortaya koydu\u011fu tabloya bakacak olursak CHP\u2019deki \u201chain\u201dler hari\u00e7 herkes genel ba\u015fkanl\u0131\u011f\u0131n\u0131 ba\u015far\u0131l\u0131 buluyor.<\/p>\n<p>Kemal Bey, b\u00f6yle bir parti kurarsa, CHP\u2019den alaca\u011f\u0131 kadrolar, sa\u011f partilerden CHP\u2019nin en \u00f6nemli koltuklar\u0131na oturttu\u011fu isimler, Abdullah G\u00fcl referans\u0131yla genel ba\u015fkan yard\u0131mc\u0131s\u0131 yapt\u0131\u011f\u0131 ki\u015filer ve Anayasa \u00f6nerilerinde \u201cT\u00fcrk vatanda\u015f\u0131\u201d yerine \u201cT\u00fcrkiye yurtta\u015f\u0131\u201d demeyi tercih eden 10 Aral\u0131k Harek\u00e2t\u0131\u2019ndan isimlerle beraber ge\u00e7mi\u015fte oldu\u011fu gibi ba\u015far\u0131dan ba\u015far\u0131ya ko\u015fabilir.<\/p>\n<p>31 Mart se\u00e7imlerinde binde 7\u2019lik sonucun ard\u0131ndan \u201c\u015eahsi oyum, partimin oyunun \u00fczerinde\u201d diyen Gelecek Partisi Genel Ba\u015fkan\u0131 Ahmet Davuto\u011flu kendisine seve seve rehberlik edecektir.<\/p>\n\n<p>Kaynak :\u00a0<span style=\"background-color: rgb(255, 249, 236); color: rgb(55, 58, 60); font-size: 14px;\">http:\/\/www.milliyet.com.tr\/yazarlar\/ozay-sendir\/tabuttaki-son-civi-ahlaki-cokus-7135042<\/span><\/p>\n","protected":false},"excerpt":{"rendered":"<p>Bat\u0131 medeniyetinin k\u0131r\u0131lgan yanlar\u0131 var. Mesela n\u00fcfuslar\u0131 ya\u015flan\u0131yor, i\u015fg\u00fcc\u00fc ithal ederek sistemlerini ayakta tutuyorlar. Demokratik rejimleri \u00e7\u00f6z\u00fcm de\u011fil sorun \u00fcreten bir hale d\u00f6nd\u00fc. ABD, k\u00fcrtaj-LGBT haklar\u0131 gibi konularda ikiye b\u00f6l\u00fcnm\u00fc\u015f &#8230;<\/p>\n","protected":false},"author":1,"featured_media":17247,"comment_status":"open","ping_status":"open","sticky":false,"template":"","format":"standard","meta":{"footnotes":""},"categories":[8],"tags":[880,939,806,164],"class_list":["post-17246","post","type-post","status-publish","format-standard","has-post-thumbnail","hentry","category-teknoloji","tag-bati","tag-genel-baskan","tag-orta","tag-parti"],"_links":{"self":[{"href":"https:\/\/ekamu.net\/index.php\/wp-json\/wp\/v2\/posts\/17246","targetHints":{"allow":["GET"]}}],"collection":[{"href":"https:\/\/ekamu.net\/index.php\/wp-json\/wp\/v2\/posts"}],"about":[{"href":"https:\/\/ekamu.net\/index.php\/wp-json\/wp\/v2\/types\/post"}],"author":[{"embeddable":true,"href":"https:\/\/ekamu.net\/index.php\/wp-json\/wp\/v2\/users\/1"}],"replies":[{"embeddable":true,"href":"https:\/\/ekamu.net\/index.php\/wp-json\/wp\/v2\/comments?post=17246"}],"version-history":[{"count":1,"href":"https:\/\/ekamu.net\/index.php\/wp-json\/wp\/v2\/posts\/17246\/revisions"}],"predecessor-version":[{"id":17250,"href":"https:\/\/ekamu.net\/index.php\/wp-json\/wp\/v2\/posts\/17246\/revisions\/17250"}],"wp:featuredmedia":[{"embeddable":true,"href":"https:\/\/ekamu.net\/index.php\/wp-json\/wp\/v2\/media\/17247"}],"wp:attachment":[{"href":"https:\/\/ekamu.net\/index.php\/wp-json\/wp\/v2\/media?parent=17246"}],"wp:term":[{"taxonomy":"category","embeddable":true,"href":"https:\/\/ekamu.net\/index.php\/wp-json\/wp\/v2\/categories?post=17246"},{"taxonomy":"post_tag","embeddable":true,"href":"https:\/\/ekamu.net\/index.php\/wp-json\/wp\/v2\/tags?post=17246"}],"curies":[{"name":"wp","href":"https:\/\/api.w.org\/{rel}","templated":true}]}}