{"id":19015,"date":"2024-06-05T10:36:11","date_gmt":"2024-06-05T10:36:11","guid":{"rendered":"https:\/\/ekamu.net\/?p=19015"},"modified":"2024-06-05T10:36:11","modified_gmt":"2024-06-05T10:36:11","slug":"3-cete-daha-cokertildi-kuyu-2-operasyonunun-ayrintilari-belli-oldu","status":"publish","type":"post","link":"https:\/\/ekamu.net\/index.php\/2024\/06\/05\/3-cete-daha-cokertildi-kuyu-2-operasyonunun-ayrintilari-belli-oldu\/","title":{"rendered":"3 \u00e7ete daha \u00e7\u00f6kertildi! Kuyu-2 operasyonunun ayr\u0131nt\u0131lar\u0131 belli oldu"},"content":{"rendered":"<p><p>Ayd\u0131n, Erzurum ve Karaman merkezli 5 ilde Jandarma taraf\u0131ndan d\u00fczenlenen &#8220;KUYU-2&#8221; operasyonlar\u0131nda;<br \/>&#8211; Ayd\u0131n\u2019da Hakan G\u00fcrel\u2019in,<br \/>&#8211; Erzurum&#8217;da Erkan Yaprak ve Muhammet Tokyay&#8217;\u0131n, <br \/>&#8211; Karaman\u2019da \u0130brahim \u00d6zt\u00fcrk\u2019\u00fcn eleba\u015f\u0131l\u0131\u011f\u0131n\u0131 yapt\u0131\u011f\u0131 3 ayr\u0131 Organize Su\u00e7 \u00d6rg\u00fct\u00fc \u00e7\u00f6kertildi.<\/p>\n<p>Operasyonlarda eleba\u015flar\u0131n\u0131n da i\u00e7erisinde bulundu\u011fu organize su\u00e7 \u00f6rg\u00fct\u00fc \u00fcyesi 45 \u015f\u00fcpheli yakaland\u0131.<\/p>\n<p>Aziz Milletimizin Bilmesini \u0130sterim ki;<br \/>D\u00fcnyan\u0131n \u00f6b\u00fcr ucuna da ka\u00e7salar, su\u00e7ta kibirlenen organize su\u00e7 \u00f6rg\u00fct\u00fc \u00fcyelerini bir bir yakalay\u0131p adalete teslim edece\u011fiz. Milletimizin duas\u0131 ve deste\u011fiyle organize su\u00e7 \u00f6rg\u00fctlerine ve \u00e7etelere kar\u015f\u0131 operasyonlar\u0131m\u0131z kararl\u0131l\u0131kla devam edecek.<\/p>\n<p>* Jandarma Genel Komutanl\u0131\u011f\u0131 KOM Daire Ba\u015fkanl\u0131\u011f\u0131 koordinesinde; Ayd\u0131n, Erzurum, Mu\u015f, Karaman ve Konya\u2019da \u201cKUYU-2\u201d operasyonlar\u0131 d\u00fczenlendi.<\/p>\n<p><strong>AYDIN:<\/strong><br \/>&#8211; S\u00f6ke Cumhuriyet Ba\u015fsavc\u0131l\u0131\u011f\u0131 koordinesinde; Ayd\u0131n \u0130l Jandarma Komutanl\u0131\u011f\u0131nca yap\u0131lan \u00e7al\u0131\u015fmalar sonucu; Ayd\u0131n&#8217;\u0131n S\u00f6ke, Ku\u015fadas\u0131, Didim ve Efeler il\u00e7elerinde d\u00fczenlenen operasyonlarda; Nitelikli Doland\u0131r\u0131c\u0131l\u0131k, Resmi Belgede Sahtecilik ve Vergi Usul Kanununa Muhalefet su\u00e7lar\u0131n\u0131 i\u015fledi\u011fi tespit edilen 21 \u015f\u00fcpheli yakaland\u0131. Organize su\u00e7 \u00f6rg\u00fct\u00fc \u00fcyesi \u015f\u00fcphelilerin; <br \/>&#8211; Online Sat\u0131\u015f Platformlar\u0131nda kurye olarak faaliyet g\u00f6sterdikleri, <br \/>&#8211; Akaryak\u0131t istasyonlar\u0131ndan yak\u0131t al\u0131nm\u0131\u015f gibi g\u00f6stererek, sahte faturalar ve fi\u015fler kar\u015f\u0131l\u0131\u011f\u0131nda devleti y\u00fcksek mebla\u011flarda zarara u\u011fratt\u0131klar\u0131 tespit edildi.<\/p>\n<p><strong>ERZURUM:<\/strong> <br \/>&#8211; Karayaz\u0131 Cumhuriyet Ba\u015fsavc\u0131l\u0131\u011f\u0131 koordinesinde; Erzurum \u0130l Jandarma Komutanl\u0131\u011f\u0131nca yap\u0131lan \u00e7al\u0131\u015fmalar sonucu; Erzurum ve Mu\u015f\u2019ta d\u00fczenlenen operasyonlarda &#8220;Uyu\u015fturucu Madde \u0130mal ve Ticareti&#8221; su\u00e7unu \u00f6rg\u00fctl\u00fc olarak i\u015fledikleri tespit edilen 17 \u015f\u00fcpheli yakaland\u0131. Organize su\u00e7 \u00f6rg\u00fct\u00fc \u00fcyesi \u015f\u00fcphelilerin; <br \/>&#8211; Erzurum ve Mu\u015f&#8217;tan temin ettikleri uyu\u015fturucu ve uyar\u0131c\u0131 maddeleri piyasaya s\u00fcrerek, sat\u0131\u015f\u0131n\u0131 yapt\u0131klar\u0131 tespit edildi.<\/p>\n<p><strong>KARAMAN:<\/strong> <br \/>&#8211; Ermenek Cumhuriyet Ba\u015fsavc\u0131l\u0131\u011f\u0131 koordinesinde; Karaman \u0130l Jandarma Komutanl\u0131\u011f\u0131nca yap\u0131lan \u00e7al\u0131\u015fmalar sonucu; Karaman ve Konya\u2019da d\u00fczenlenen operasyonlarda &#8220;Tefecilik&#8221; su\u00e7unu \u00f6rg\u00fctl\u00fc olarak i\u015fledikleri tespit edilen 7 \u015f\u00fcpheli yakaland\u0131. Organize su\u00e7 \u00f6rg\u00fct\u00fc \u00fcyesi \u015f\u00fcphelilerin;<br \/>&#8211; Y\u00fcksek faiz kar\u015f\u0131l\u0131\u011f\u0131nda ekonomik durumu k\u00f6t\u00fc olan vatanda\u015flara bor\u00e7 para vererek, kar\u015f\u0131l\u0131\u011f\u0131nda senet imzalatt\u0131klar\u0131,<br \/>&#8211; Ma\u011fdurlar\u0131n borcunu \u00f6demelerine ra\u011fmen imzalat\u0131lan bor\u00e7 senetlerini ma\u011fdurlara iade etmedikleri ve <br \/>&#8211; Darp, cebir ve silahl\u0131 tehditle borcu tekrar tahsil etmeye \u00e7al\u0131\u015ft\u0131klar\u0131, <br \/>&#8211; Ma\u011fdurlara, iade etmedikleri senetleri ileri s\u00fcrerek teminat olarak ald\u0131klar\u0131 ta\u015f\u0131n\u0131r ve ta\u015f\u0131nmaz mal varl\u0131klar\u0131n\u0131 icra yoluyla veya zor kullan\u0131p, \u00f6rg\u00fct \u00fcyeleri \u00fczerine devir i\u015flemlerini yaparak haks\u0131z kazan\u00e7 elde ettikleri tespit edildi.<\/p>\n<p>Operasyonlar sonucunda;<br \/>&#8211; Tabanca ve av t\u00fcfekleri,<br \/>&#8211; Muhtelif miktarda uyu\u015fturucu madde,<br \/>&#8211; Su\u00e7ta kullan\u0131ld\u0131\u011f\u0131 tespit edilen \u00e7ok say\u0131da; sahte fatura, fi\u015f, senet ve tapu ile <br \/>&#8211; \u00c7ok say\u0131da dijital materyal ele ge\u00e7irildi.<\/p>\n<p>S\u00f6ke, Karayaz\u0131 ve Ermenek Cumhuriyet Ba\u015fsavc\u0131l\u0131klar\u0131 ile operasyonlar\u0131 ger\u00e7ekle\u015ftiren Kahraman Jandarmam\u0131z\u0131 tebrik ediyorum. Allah ayaklar\u0131na ta\u015f de\u011fdirmesin. Milletimizin duas\u0131 sizinle.<\/p>\n\n<p>Kaynak :\u00a0<span style=\"background-color: rgb(255, 249, 236); color: rgb(55, 58, 60); font-size: 14px;\">http:\/\/www.milliyet.com.tr\/gundem\/3-cete-daha-cokertildi-kuyu-2-operasyonunun-ayrintilari-belli-oldu-7135077<\/span><\/p>\n","protected":false},"excerpt":{"rendered":"<p>\u0130\u00e7i\u015fleri Bakan\u0131 Ali Yerlikaya, 5 ilde ger\u00e7ekle\u015ftirilen Kuyu-2 operasyonlar\u0131n\u0131n detaylar\u0131n\u0131 payla\u015ft\u0131.<\/p>\n","protected":false},"author":1,"featured_media":19016,"comment_status":"open","ping_status":"open","sticky":false,"template":"","format":"standard","meta":{"footnotes":""},"categories":[3],"tags":[1318,1317,390,76,644],"class_list":["post-19015","post","type-post","status-publish","format-standard","has-post-thumbnail","hentry","category-genel","tag-aydin","tag-erzurum","tag-operasyonlar","tag-supheli","tag-tespit"],"_links":{"self":[{"href":"https:\/\/ekamu.net\/index.php\/wp-json\/wp\/v2\/posts\/19015","targetHints":{"allow":["GET"]}}],"collection":[{"href":"https:\/\/ekamu.net\/index.php\/wp-json\/wp\/v2\/posts"}],"about":[{"href":"https:\/\/ekamu.net\/index.php\/wp-json\/wp\/v2\/types\/post"}],"author":[{"embeddable":true,"href":"https:\/\/ekamu.net\/index.php\/wp-json\/wp\/v2\/users\/1"}],"replies":[{"embeddable":true,"href":"https:\/\/ekamu.net\/index.php\/wp-json\/wp\/v2\/comments?post=19015"}],"version-history":[{"count":1,"href":"https:\/\/ekamu.net\/index.php\/wp-json\/wp\/v2\/posts\/19015\/revisions"}],"predecessor-version":[{"id":19017,"href":"https:\/\/ekamu.net\/index.php\/wp-json\/wp\/v2\/posts\/19015\/revisions\/19017"}],"wp:featuredmedia":[{"embeddable":true,"href":"https:\/\/ekamu.net\/index.php\/wp-json\/wp\/v2\/media\/19016"}],"wp:attachment":[{"href":"https:\/\/ekamu.net\/index.php\/wp-json\/wp\/v2\/media?parent=19015"}],"wp:term":[{"taxonomy":"category","embeddable":true,"href":"https:\/\/ekamu.net\/index.php\/wp-json\/wp\/v2\/categories?post=19015"},{"taxonomy":"post_tag","embeddable":true,"href":"https:\/\/ekamu.net\/index.php\/wp-json\/wp\/v2\/tags?post=19015"}],"curies":[{"name":"wp","href":"https:\/\/api.w.org\/{rel}","templated":true}]}}