{"id":19322,"date":"2024-06-05T17:00:06","date_gmt":"2024-06-05T17:00:06","guid":{"rendered":"https:\/\/ekamu.net\/?p=19322"},"modified":"2024-06-05T17:00:06","modified_gmt":"2024-06-05T17:00:06","slug":"ekonomi-ve-siyaset-gundemi-5-haziran-2024","status":"publish","type":"post","link":"https:\/\/ekamu.net\/index.php\/2024\/06\/05\/ekonomi-ve-siyaset-gundemi-5-haziran-2024\/","title":{"rendered":"Ekonomi ve siyaset g\u00fcndemi &#8211; 5 Haziran 2024"},"content":{"rendered":"<div>\n<p>1- Cumhurba\u015fkan\u0131 Recep Tayyip Erdo\u011fan, Cumhurba\u015fkanl\u0131\u011f\u0131 K\u00fclliyesi&#8217;nde Galatasaray Spor Kul\u00fcb\u00fc y\u00f6netici, teknik heyet ve sporcular\u0131n\u0131 kabul edecek. Ayr\u0131ca 8. Anadolu Medya \u00d6d\u00fclleri t\u00f6renine kat\u0131lacak.<\/p>\n<p>(Ankara\/15.00\/19.00)<\/p>\n<p>YASAMA Y\u00dcR\u00dcTME S\u0130YASET<\/p>\n<p>1- \u00c7al\u0131\u015fma ve Sosyal G\u00fcvenlik Bakan\u0131 Vedat I\u015f\u0131khan, Uluslararas\u0131 \u00c7al\u0131\u015fma \u00d6rg\u00fct\u00fcn\u00fcn (ILO) 112&#8217;nci Uluslararas\u0131 \u00c7al\u0131\u015fma Konferans\u0131&#8217;nda Genel Kurula hitap edecek.<\/p>\n<p>(Cenevre)<\/p>\n<p>EKONOM\u0130 F\u0130NANS<\/p>\n<p>1- Sanayi ve Teknoloji Bakan\u0131 Mehmet Fatih Kac\u0131r, YASED K\u00fcresel Yat\u0131r\u0131m G\u00fcnleri ve YASED Ankara Resepsiyonu&#8217;na kat\u0131lacak.<\/p>\n<p>(Ankara\/14.30)<\/p>\n<\/div>\n<div>\n<p>2- Ticaret Bakan\u0131 \u00d6mer Bolat, T\u00fcrkiye-Tunus Yat\u0131r\u0131m ve \u0130\u015f Forumu Toplant\u0131s\u0131&#8217;na i\u015ftirak edecek.<\/p>\n<p>(\u0130stanbul\/10.30)<\/p>\n<p>3- T\u00dc\u0130K, 2023 y\u0131l\u0131 sinema ve g\u00f6steri sanatlar\u0131 ile 1990-2022 d\u00f6nemi sera gaz\u0131 emisyon istatistiklerini a\u00e7\u0131klayacak.<\/p>\n<p>(Ankara\/10.00)<\/p>\n<p>D\u00dcNYA D\u0130PLOMAS\u0130<\/p>\n<p>1- \u2060\u0130srail&#8217;in Gazze \u015eeridi&#8217;nde Refah kentinde yo\u011funla\u015fan sald\u0131r\u0131lar\u0131, b\u00f6lgedeki insani kriz ve ABD Ba\u015fkan\u0131 Joe Biden&#8217;\u0131n ate\u015fkes konusundaki a\u00e7\u0131klamalar\u0131na ili\u015fkin geli\u015fmeler izleniyor.<\/p>\n<p>(Gazze\/Kud\u00fcs)<\/p>\n<\/div>\n<p><\/p>\n<p>Kaynak :\u00a0<span style=\"background-color: rgb(255, 249, 236); color: rgb(55, 58, 60); font-size: 14px;\">Bloomberg HT<\/span><\/p>\n<p><span style=\"display: block; width: 343.125px; color: rgb(55, 58, 60); font-size: 14px; background-color: rgb(255, 249, 236);\"><\/span><\/p>\n","protected":false},"excerpt":{"rendered":"<p>Ekonomi ve siyaset g\u00fcndeminde \u00f6ne \u00e7\u0131kanlar&#8230;<\/p>\n","protected":false},"author":1,"featured_media":19323,"comment_status":"open","ping_status":"open","sticky":false,"template":"","format":"standard","meta":{"footnotes":""},"categories":[2],"tags":[],"class_list":["post-19322","post","type-post","status-publish","format-standard","has-post-thumbnail","hentry","category-ekonomi"],"_links":{"self":[{"href":"https:\/\/ekamu.net\/index.php\/wp-json\/wp\/v2\/posts\/19322","targetHints":{"allow":["GET"]}}],"collection":[{"href":"https:\/\/ekamu.net\/index.php\/wp-json\/wp\/v2\/posts"}],"about":[{"href":"https:\/\/ekamu.net\/index.php\/wp-json\/wp\/v2\/types\/post"}],"author":[{"embeddable":true,"href":"https:\/\/ekamu.net\/index.php\/wp-json\/wp\/v2\/users\/1"}],"replies":[{"embeddable":true,"href":"https:\/\/ekamu.net\/index.php\/wp-json\/wp\/v2\/comments?post=19322"}],"version-history":[{"count":1,"href":"https:\/\/ekamu.net\/index.php\/wp-json\/wp\/v2\/posts\/19322\/revisions"}],"predecessor-version":[{"id":19324,"href":"https:\/\/ekamu.net\/index.php\/wp-json\/wp\/v2\/posts\/19322\/revisions\/19324"}],"wp:featuredmedia":[{"embeddable":true,"href":"https:\/\/ekamu.net\/index.php\/wp-json\/wp\/v2\/media\/19323"}],"wp:attachment":[{"href":"https:\/\/ekamu.net\/index.php\/wp-json\/wp\/v2\/media?parent=19322"}],"wp:term":[{"taxonomy":"category","embeddable":true,"href":"https:\/\/ekamu.net\/index.php\/wp-json\/wp\/v2\/categories?post=19322"},{"taxonomy":"post_tag","embeddable":true,"href":"https:\/\/ekamu.net\/index.php\/wp-json\/wp\/v2\/tags?post=19322"}],"curies":[{"name":"wp","href":"https:\/\/api.w.org\/{rel}","templated":true}]}}