{"id":19861,"date":"2024-06-05T23:36:04","date_gmt":"2024-06-05T23:36:04","guid":{"rendered":"https:\/\/ekamu.net\/?p=19861"},"modified":"2024-06-05T23:36:04","modified_gmt":"2024-06-05T23:36:04","slug":"amerikadan-getiriliyordu-turkiyede-bunu-basaran-tek-kisi-halktan-ilk-alan-ben-oldum","status":"publish","type":"post","link":"https:\/\/ekamu.net\/index.php\/2024\/06\/05\/amerikadan-getiriliyordu-turkiyede-bunu-basaran-tek-kisi-halktan-ilk-alan-ben-oldum\/","title":{"rendered":"Amerika&#8217;dan getiriliyordu, T\u00fcrkiye&#8217;de bunu ba\u015faran tek ki\u015fi: Halktan ilk alan ben oldum"},"content":{"rendered":"<p><p>\u00a0<\/p>\n<p>\u0130stanbul\u2019da plastik boru \u00fcretimi yapan i\u015f insan\u0131 G\u00fcner Co\u015fkuncan, bir bayram sabah\u0131 akraba ziyaretine gitmeden \u00f6nce eve gelen gazeteyi okudu. O d\u00f6nem bayramlarda t\u00fcm gazetelerin yerin sadece tek gazete \u00e7\u0131kt\u0131\u011f\u0131n\u0131 belirten Co\u015fkuncan, bayram gazetesinde g\u00f6rd\u00fc\u011f\u00fc bir haberin kendisini \u015fa\u015f\u0131rtt\u0131\u011f\u0131n\u0131 ifade ederek ip \u00fcretme hikayesinin b\u00f6yle ba\u015flad\u0131\u011f\u0131n\u0131 s\u00f6yledi.\u00a0<\/p>\n<p><strong>\u2018ANITKAB\u0130R&#8217;DEK\u0130 BAYRAK D\u0130RE\u011e\u0130NE \u0130P ARANIYOR\u2019 BA\u015eLIKLI HABER\u0130 G\u00d6RD\u00dc\u00a0<\/strong><\/p>\n<p>Co\u015fkuncan, \u201c1981 y\u0131l\u0131n\u0131n son g\u00fcnleriydi, bayramd\u0131. Gazetede &#8216;An\u0131tkabir&#8217;deki bayrak dire\u011fine ip aran\u0131yor, An\u0131tkabir y\u00f6neticileri zor durumda&#8217; ba\u015fl\u0131kl\u0131 bir haber g\u00f6rd\u00fcm, \u015fa\u015f\u0131rd\u0131m. Gazeteyi ald\u0131m, o zaman Ca\u011falo\u011flu&#8217;ndaki H\u00fcrriyet gazetesine gittim. Haber koordinat\u00f6r\u00fc Ali Esin vard\u0131, onunla g\u00f6r\u00fc\u015ft\u00fcm, ipi herhangi bir bedel almadan yapabilece\u011fimi s\u00f6yledim. O bana &#8216;bayram ge\u00e7sin, ara\u015ft\u0131r\u0131p sana d\u00f6nece\u011fim&#8217; dedi. Sonra toplant\u0131da gazete y\u00f6netimine konuyu s\u00f6yl\u00fcyor, onlar reklam olur d\u00fc\u015f\u00fcncesiyle s\u0131cak bakm\u0131yor, \u00e7ekiniyor. Ali Esin beni arad\u0131 &#8216;sen direk Devlet Bakan\u0131 Mehmet \u00d6zg\u00fcne\u015f&#8217;e ula\u015f&#8217; dedi. Bu isimleri hi\u00e7 unutmuyorum&#8221; diye konu\u015ftu.\u00a0<\/p>\n<p><strong>D\u00d6NEM\u0130N BAKANINA MEKTUP YAZARAK \u0130P\u0130 \u00dcRETEB\u0130LECE\u011e\u0130N\u0130 S\u00d6YLED\u0130\u00a0<\/strong><\/p>\n<p>An\u0131tkabir&#8217;in ilk ipini Amerika&#8217;da ya\u015fayan Nazmi Cemal isimli T\u00fcrk\u00fcn yaparak direkle hediye etti\u011fini aktaran Co\u015fkuncan, &#8220;Bakana k\u0131sa bir mektup yazd\u0131m. Mektupta, &#8216;An\u0131tkabir dire\u011fine ip aran\u0131yormu\u015f, b\u00f6yle bir sorun varm\u0131\u015f, numune yollarsan\u0131z bu ipi yapar\u0131m&#8217; dedim. Plastik boru \u00fcreten bir i\u015f yerim vard\u0131, o nedenle yapabilece\u011fimi d\u00fc\u015f\u00fcnd\u00fcm ama bir taraftan da \u00e7ekiniyordum. \u00c7\u00fcnk\u00fc ip Amerika&#8217;dan geliyormu\u015f. Bakan \u00d6zg\u00fcne\u015f, 1 hafta i\u00e7erisinde bana d\u00f6n\u00fc\u015f yapt\u0131 mektubunda &#8216;ilgi ve alakan\u0131za \u00e7ok te\u015fekk\u00fcr ediyorum, geli\u015fmeleri size bildirece\u011fiz&#8217; diyordu. Eskiden normalde Amerika&#8217;da ya\u015fayan bir T\u00fcrk, dire\u011fi ve ipi yap\u0131p hediye etmi\u015f. Bu s\u00fcre\u00e7te el\u00e7ilik vas\u0131tas\u0131yla ki\u015fiye ula\u015fm\u0131\u015flar, 92 ya\u015f\u0131ndaym\u0131\u015f. \u0130pi organize edip Ankara&#8217;ya gelmi\u015f. Bunu duyunca beni art\u0131k aramayacaklar\u0131n\u0131 d\u00fc\u015f\u00fcnd\u00fcm&#8221; ifadelerini kulland\u0131.\u00a0<\/p>\n<p><strong>\u0130P\u0130N \u0130\u00c7\u0130NE \u00c7EL\u0130K TEL KOYDUM, 570 K\u0130LOYU KALDIRIR\u00a0<\/strong><\/p>\n<p>Tam da o g\u00fcnlerde An\u0131tkabir&#8217;den kendisine bir zarf geldi\u011fini anlatan Co\u015fkuncan, &#8220;Zarf\u0131n i\u00e7inde Amerika&#8217;dan gelen ipin numunesi, istenilen \u00f6l\u00e7\u00fc ve \u00f6zellikleri yaz\u0131yordu. Dire\u011fin uzunlu\u011fu 30 metreymi\u015f, git gel 65 metrelik bir ip laz\u0131md\u0131. Amerika&#8217;dan gelen ipi g\u00f6r\u00fcnce hayal k\u0131r\u0131kl\u0131\u011f\u0131na u\u011frad\u0131m, o kadar basitti ki. G\u00f6z\u00fcmde b\u00fcy\u00fctm\u00fc\u015f\u00fcm daha kalitesini yapt\u0131m. \u0130pin i\u00e7ine \u00e7elik tel koydum, kald\u0131rma g\u00fcc\u00fc 570 kilodur. \u00dcst\u00fcnde plastik takviyeler var 1 ton a\u011f\u0131rl\u0131\u011f\u0131 kald\u0131r\u0131r. \u00c7elik teli arkada\u015flar\u0131 dola\u015farak buldum, \u00f6rme teldir. Sonra tele g\u00f6re makinede kal\u0131p yapt\u0131rd\u0131m. 15-20 g\u00fcn i\u00e7inde 3 tane 65 metre uzunlu\u011funda ip \u00fcrettim&#8221; dedi.<\/p>\n<p><strong>\u00a0BULUTLARIN \u00dcZER\u0130NDE U\u00c7UYORDUM<\/strong>\u00a0<\/p>\n<p>\u0130pleri \u00fcrettikten sonra An\u0131tkabir y\u00f6netmine teslim etmek i\u00e7in Ankara&#8217;ya gitti\u011fini belirten Co\u015fkuncan, &#8220;An\u0131tkabir m\u00fcd\u00fcr\u00fcne ipleri teslim ederken H\u00fcrriyet ekibi oradayd\u0131, \u00e7ektiler. Sonra bakan beyle g\u00f6r\u00fc\u015f\u00fcp bilgi vermek istedim. 16.00 i\u00e7in randevu verdiler, gittim. \u00d6zg\u00fcne\u015f ayakta kar\u015f\u0131lay\u0131p &#8216;sana \u00f6z\u00fcr borcum var&#8217; dedi. \u015ea\u015f\u0131rd\u0131m, ni\u00e7in diye sordum. &#8216;Bir \u015fey yap\u0131p bizi bu dertten kurtar\u0131rs\u0131n d\u00fc\u015f\u00fcncesi vard\u0131 ama samimi s\u00f6yl\u00fcyorum cevap vermi\u015f olmak i\u00e7in cevap verdim&#8217; dedi. O s\u0131rada \u00e7antamdan Amerika&#8217;dan gelen iple kendi \u00fcretti\u011fimi g\u00f6sterdim. Orada hocam dedi\u011fi biri vard\u0131 ipleri ona g\u00f6sterdi. &#8216;Bu bizim Amerika&#8217;dan aray\u0131p bulamad\u0131\u011f\u0131m\u0131z bu da evlad\u0131m\u0131z\u0131n yapt\u0131\u011f\u0131 ip. Evlad\u0131m\u0131z\u0131n yapt\u0131\u011f\u0131 ip Amerika&#8217;dan gelenden d\u00f6rt be\u015f g\u00f6mlek daha \u00fcst\u00fcn. Evlad\u0131m\u0131za f\u0131rsat verilince yapamayaca\u011f\u0131 \u015fey yoktur&#8217; dedi. Tek beni tebrik ederek Atat\u00fcrk 100&#8217;\u00fcnc\u00fc y\u0131l alt\u0131n plaketiyle \u00f6d\u00fcllendirdi. Sanki bulutlar\u0131n \u00fczerinde u\u00e7uyordum o kadar mutluydum. D\u00f6n\u00fc\u015f yolunda \u00e7ocuk gibiydim, \u00e7antam\u0131 a\u00e7\u0131p plakete bak\u0131p kapat\u0131yordum&#8221; diye konu\u015ftu.\u00a0<\/p>\n<p><strong>\u0130P 10 YILDA ESK\u0130MEZ<\/strong>\u00a0<\/p>\n<p>Cesaretiyle gurur duydu\u011funu vurgulayan Co\u015fkuncan, &#8220;Ali Esin bir sohbetimizde bana plaketin \u00e7ok de\u011ferli oldu\u011funu s\u00f6yledi. \u0130lk 10 plaket devlet sanat\u00e7\u0131lar\u0131na verilmi\u015f. Esin, halktan ilk alan\u0131n ben oldu\u011fumu ifade etti. \u00c7ok duyguland\u0131m, mutlu oldum. \u00dcretti\u011fim ip 10 y\u0131lda eskimez. Benim i\u00e7in en b\u00fcy\u00fck gurur medeni cesaretimdir. Tamamen milli duygularla o ipi \u00fcrettim&#8221; ifadelerini kulland\u0131.\u00a0<\/p>\n<p><strong>\u00c7ANAKKALE AB\u0130DES\u0130&#8217;NDEK\u0130 D\u0130RE\u011e\u0130N \u0130P\u0130N\u0130 DE \u00dcRETT\u0130M<\/strong>\u00a0<\/p>\n<p>Co\u015fkuncan, &#8220;Ard\u0131ndan 2-3 y\u0131l sonra \u00c7anakkale Abidesi&#8217;nin oradaki bayrak dire\u011fine de ip laz\u0131m olmu\u015f. Beni duymu\u015flar, ula\u015ft\u0131lar. Ne kadar s\u00fcrede yap\u0131l\u0131r, fiyat\u0131 ne olur dediler. Ben parayla de\u011fil hibe olarak yapaca\u011f\u0131m\u0131 s\u00f6yledim, buna dair resmi bir yaz\u0131 rica ettim. Uzunlu\u011fu 45 metreden fazlayd\u0131, 2-3 tane de oraya yapt\u0131m&#8221; dedi.\u00a0<\/p>\n<p>An\u0131tkabir&#8217;deki bayrak dire\u011finin 29 Ekim 2013 y\u0131l\u0131nda yenilendi\u011fi, Nazmi Cemal taraf\u0131ndan 1950 y\u0131l\u0131nda dikilen ilk bayrak dire\u011finin ise merdivenlerin tam kar\u015f\u0131s\u0131nda kaidesi \u00fczerinde sergilendi\u011fi \u00f6\u011frenildi.<\/p>\n\n<p>Kaynak :\u00a0<span style=\"background-color: rgb(255, 249, 236); color: rgb(55, 58, 60); font-size: 14px;\">http:\/\/www.milliyet.com.tr\/gundem\/amerikadan-getiriliyordu-turkiyede-bunu-basaran-tek-kisi-halktan-ilk-alan-ben-oldum-7135164<\/span><\/p>\n","protected":false},"excerpt":{"rendered":"<p>\u0130stanbul&#8217;da ya\u015fayan G\u00fcner Co\u015fkuncan, 1981 y\u0131l\u0131nda \u00e7\u0131kan bayram gazetesinde g\u00f6rd\u00fc\u011f\u00fc bir haberde An\u0131tkabir&#8217;de eskiyen bayrak dire\u011fi ipinin Amerika&#8217;dan getirtilece\u011fini \u00f6\u011frendi. O zaman 36 ya\u015f\u0131nda olan Co\u015fkuncan, yetkililerle g\u00f6r\u00fc\u015ferek 30 metre y\u00fcksekli\u011findeki direk i\u00e7in ip \u00fcretebilece\u011fini s\u00f6yledi. 42 y\u0131l sonra o d\u00f6nemi g\u00f6zya\u015flar\u0131yla anlatan 80 ya\u015f\u0131ndaki Co\u015fkuncan, &#8220;Amerika&#8217;dan gelen ipi g\u00f6r\u00fcnce hayal k\u0131r\u0131kl\u0131\u011f\u0131na u\u011frad\u0131m, \u00e7ok basitti. 15-20 g\u00fcnde i\u00e7inde \u00e7elik tel bulunan 65 metre uzunlu\u011funda 3 ip \u00fcrettim, \u00fcretti\u011fim ip rahat 10 y\u0131l kullan\u0131l\u0131rd\u0131. D\u00f6nemin Devlet Bakan\u0131 Mehmet \u00d6zg\u00fcne\u015f beni tebrik etti, plaket verdi&#8221; dedi.<\/p>\n","protected":false},"author":1,"featured_media":19862,"comment_status":"open","ping_status":"open","sticky":false,"template":"","format":"standard","meta":{"footnotes":""},"categories":[3],"tags":[1377,1374,1375,1376,1373],"class_list":["post-19861","post","type-post","status-publish","format-standard","has-post-thumbnail","hentry","category-genel","tag-amerikada","tag-anitkabir","tag-diregi","tag-gazete","tag-ip"],"_links":{"self":[{"href":"https:\/\/ekamu.net\/index.php\/wp-json\/wp\/v2\/posts\/19861","targetHints":{"allow":["GET"]}}],"collection":[{"href":"https:\/\/ekamu.net\/index.php\/wp-json\/wp\/v2\/posts"}],"about":[{"href":"https:\/\/ekamu.net\/index.php\/wp-json\/wp\/v2\/types\/post"}],"author":[{"embeddable":true,"href":"https:\/\/ekamu.net\/index.php\/wp-json\/wp\/v2\/users\/1"}],"replies":[{"embeddable":true,"href":"https:\/\/ekamu.net\/index.php\/wp-json\/wp\/v2\/comments?post=19861"}],"version-history":[{"count":1,"href":"https:\/\/ekamu.net\/index.php\/wp-json\/wp\/v2\/posts\/19861\/revisions"}],"predecessor-version":[{"id":19863,"href":"https:\/\/ekamu.net\/index.php\/wp-json\/wp\/v2\/posts\/19861\/revisions\/19863"}],"wp:featuredmedia":[{"embeddable":true,"href":"https:\/\/ekamu.net\/index.php\/wp-json\/wp\/v2\/media\/19862"}],"wp:attachment":[{"href":"https:\/\/ekamu.net\/index.php\/wp-json\/wp\/v2\/media?parent=19861"}],"wp:term":[{"taxonomy":"category","embeddable":true,"href":"https:\/\/ekamu.net\/index.php\/wp-json\/wp\/v2\/categories?post=19861"},{"taxonomy":"post_tag","embeddable":true,"href":"https:\/\/ekamu.net\/index.php\/wp-json\/wp\/v2\/tags?post=19861"}],"curies":[{"name":"wp","href":"https:\/\/api.w.org\/{rel}","templated":true}]}}