{"id":20911,"date":"2024-06-06T07:24:11","date_gmt":"2024-06-06T07:24:11","guid":{"rendered":"https:\/\/ekamu.net\/?p=20911"},"modified":"2024-06-06T07:24:11","modified_gmt":"2024-06-06T07:24:11","slug":"yesil-doga-besinci-kez-dalya-diyor","status":"publish","type":"post","link":"https:\/\/ekamu.net\/index.php\/2024\/06\/06\/yesil-doga-besinci-kez-dalya-diyor\/","title":{"rendered":"&#8216;Ye\u015fil Do\u011fa&#8217; be\u015finci kez &#8216;dalya&#8217; diyor!"},"content":{"rendered":"<p><p>G\u00fcven \u0130slamo\u011flu\u2019nun sundu\u011fu Ye\u015fil Do\u011fa, 15 y\u0131ld\u0131r do\u011fan\u0131n sesine kulak vererek T\u00fcrkiye&#8217;nin \u00e7evre sorunlar\u0131n\u0131 ekrana getiriyor. Do\u011fas\u0131, insan\u0131, k\u00fclt\u00fcr\u00fc ve tarihiyle T\u00fcrkiye\u2019yi yeniden ke\u015ffeden programda \u0130slamo\u011flu, y\u0131llard\u0131r yok olan de\u011ferlerin pe\u015finden gidiyor.<\/p>\n<p>Bir\u00e7ok yerin do\u011fal sit alan\u0131 ilan edilmesinde katk\u0131s\u0131 olan Ye\u015fil Do\u011fa, Likya Yolu ve St. Paul Yolu gibi rotalar\u0131 da ilk kat eden TV program\u0131 oldu. Y\u0131llarca bir\u00e7ok \u00f6nemli \u00f6d\u00fcle lay\u0131k g\u00f6r\u00fclen Ye\u015fil Do\u011fa, 3&#8217;\u00fc uluslararas\u0131 56 \u00f6d\u00fcl\u00fcn de sahibi oldu. 2011 y\u0131l\u0131nda Avrupa\u2019n\u0131n \u00c7evre Nobel\u2019i olarak g\u00f6r\u00fclen &#8216;Eurosolar 2011 G\u00fcne\u015f \u00d6d\u00fcl\u00fc&#8217; ve WWF &#8216;En \u0130yi Belgesel \u00d6d\u00fcl\u00fc&#8217;ne lay\u0131k g\u00f6r\u00fcld\u00fc. 2020\u2019de Tar\u0131m ve Orman Bakanl\u0131\u011f\u0131 Ye\u015filin En\u2019leri \u00f6d\u00fcllerinde &#8216;En \u00c7evreci Program&#8217;, 2020\u2019de RTGTD Medya Oscar\u2019\u0131 \u00d6d\u00fcllerinde &#8216;En \u0130yi K\u00fclt\u00fcr ve \u00c7evre Program\u0131&#8217;, 2020 \u0130.T.O Bas\u0131nda Sa\u011fl\u0131k \u00f6d\u00fcllerinde ise &#8216;En \u0130yi \u00c7evre Program\u0131&#8217; se\u00e7ildi. <\/p>\n<div>\n<div> <img decoding=\"async\" src=\"https:\/\/ekamu.net\/wp-content\/uploads\/2024\/06\/yesil-doga-besinci-kez-dalya-diyor-0-dJDRzUVd.jpg\"\/><\/img> <\/div>\n<\/p><\/div>\n<\/p>\n<p><strong>T\u00dcRK\u0130YE&#8217;DE G\u0130TMED\u0130\u011e\u0130 YER KALMADI<\/strong><\/p>\n<p>14 Eyl\u00fcl 2009\u2019da Hasankeyf&#8217;e Sadakat Program\u0131 ile ba\u015flayan Ye\u015fil Do\u011fa, Cumartesi g\u00fcn\u00fc 500\u2019\u00fcnc\u00fc b\u00f6l\u00fcm\u00fcn\u00fc kutlayacak. Program boyunca \u0130slamo\u011flu\u2019nun T\u00fcrkiye&#8217;de gitmedi\u011fi yer neredeyse kalmad\u0131. A\u011fr\u0131 Da\u011f\u0131\u2019na dahi \u00e7\u0131kan \u0130slamo\u011flu, T\u00fcrkiye\u2019nin bir\u00e7ok \u00f6nemli kanyon ve nehirlerine gitti. 435.782 km yol yapt\u0131.<\/p>\n<p>Gezmek i\u00e7in de\u011fil haber i\u00e7in yollara koyulan Ye\u015fil Do\u011fa, yeni yerler ke\u015ffederek, zaman zaman insan hik\u00e2yelerini de ekranlara getirdi. Kimsenin gitmedi\u011fi yerlere giden ekip, kimi zaman tek bir a\u011fac\u0131n hik\u00e2yesini g\u00f6sterdi izleyenlerine. Da\u011f lalesi g\u00f6rebilmek i\u00e7in Dedeg\u00f6l Da\u011f\u0131&#8217;na, k\u0131z\u0131l akbaba g\u00f6rmek i\u00e7in Akda\u011flara, d\u00fcnyada \u00f6tmeyen tek kurba\u011fa olan endemik Toroslar kurba\u011fas\u0131n\u0131n risk alt\u0131nda olan ya\u015fam\u0131n\u0131 ekrana ta\u015f\u0131mak i\u00e7in Bolkar Da\u011flar\u0131&#8217;ndaki Buzul G\u00f6lleri\u2019ne t\u0131rmand\u0131lar. Bir\u00e7ok yerin do\u011fal sit alan\u0131 ilan edilmesinde katk\u0131s\u0131 olan programda \u0130slamo\u011flu, 2011\u2019den bu yana ke\u015ffetti\u011fi be\u015f ya\u015fl\u0131 a\u011fac\u0131n tescil edilmesini ve koruma alt\u0131na al\u0131nmas\u0131n\u0131 sa\u011flad\u0131. <\/p>\n<div>\n<div> <img decoding=\"async\" src=\"https:\/\/ekamu.net\/wp-content\/uploads\/2024\/06\/yesil-doga-besinci-kez-dalya-diyor-1-2nmLMBQ3.jpg\"\/><\/img> <\/div>\n<\/p><\/div>\n<\/p>\n<p>Program bug\u00fcne kadar yakla\u015f\u0131k 500 farkl\u0131 konuyu g\u00fcndeme getirdi. Ye\u015fil Do\u011fa, geleneksel Anadolu K\u00fclt\u00fcr\u00fc&#8217;n\u00fcn kaybolmakta olan g\u00fczelliklerini de ekrana ta\u015f\u0131d\u0131. Bu g\u00fczelliklerden \u00fc\u00e7\u00fcn\u00fcn (bir il\u00e7e, iki k\u00f6y) baraj sular\u0131 alt\u0131nda kalmadan son hik\u00e2yelerini haberle\u015ftirdi. Isparta\u2019n\u0131n Dar\u0131b\u00fck\u00fc K\u00f6y\u00fc baraj suyu alt\u0131nda kalmas\u0131n diye \u00fc\u00e7 kez b\u00f6lgeye giderek k\u00f6y\u00fcn sesini duyurdu.<\/p>\n<p>&#8220;Do\u011fay\u0131 korursan insan\u0131 da korursun&#8221; felsefesinden yola \u00e7\u0131kan Ye\u015fil Do\u011fa, b\u00fct\u00fcn bunlarla beraber fark\u0131ndal\u0131\u011f\u0131 art\u0131rmak i\u00e7in do\u011fa ve \u00e7evre spotlar\u0131 haz\u0131rlad\u0131. &#8220;Seyirci Kalmay\u0131n&#8221; ve &#8220;\u00c7evre Dedektifi&#8221; ba\u015fl\u0131kl\u0131 bu spotlar \u00e7ok ses getirdi.<\/p>\n\n<p>Kaynak :\u00a0<span style=\"background-color: rgb(255, 249, 236); color: rgb(55, 58, 60); font-size: 14px;\">http:\/\/www.milliyet.com.tr\/cadde\/yesil-doga-besinci-kez-dalya-diyor-7135206<\/span><\/p>\n","protected":false},"excerpt":{"rendered":"<p>CNN T\u00dcRK\u2019te 2009 y\u0131l\u0131ndan itibaren T\u00fcrkiye&#8217;nin \u00e7evre sorunlar\u0131n\u0131 ekrana ta\u015f\u0131yan &#8216;Ye\u015fil Do\u011fa&#8217;, 1 Haziran Cumartesi g\u00fcn\u00fc 500\u2019\u00fcnc\u00fc b\u00f6l\u00fcm\u00fcyle ekrana geliyor.<\/p>\n","protected":false},"author":1,"featured_media":20912,"comment_status":"open","ping_status":"open","sticky":false,"template":"","format":"standard","meta":{"footnotes":""},"categories":[4],"tags":[1026,1415,47,354],"class_list":["post-20911","post","type-post","status-publish","format-standard","has-post-thumbnail","hentry","category-magazin","tag-cevre","tag-doga","tag-program","tag-yol"],"_links":{"self":[{"href":"https:\/\/ekamu.net\/index.php\/wp-json\/wp\/v2\/posts\/20911","targetHints":{"allow":["GET"]}}],"collection":[{"href":"https:\/\/ekamu.net\/index.php\/wp-json\/wp\/v2\/posts"}],"about":[{"href":"https:\/\/ekamu.net\/index.php\/wp-json\/wp\/v2\/types\/post"}],"author":[{"embeddable":true,"href":"https:\/\/ekamu.net\/index.php\/wp-json\/wp\/v2\/users\/1"}],"replies":[{"embeddable":true,"href":"https:\/\/ekamu.net\/index.php\/wp-json\/wp\/v2\/comments?post=20911"}],"version-history":[{"count":1,"href":"https:\/\/ekamu.net\/index.php\/wp-json\/wp\/v2\/posts\/20911\/revisions"}],"predecessor-version":[{"id":20915,"href":"https:\/\/ekamu.net\/index.php\/wp-json\/wp\/v2\/posts\/20911\/revisions\/20915"}],"wp:featuredmedia":[{"embeddable":true,"href":"https:\/\/ekamu.net\/index.php\/wp-json\/wp\/v2\/media\/20912"}],"wp:attachment":[{"href":"https:\/\/ekamu.net\/index.php\/wp-json\/wp\/v2\/media?parent=20911"}],"wp:term":[{"taxonomy":"category","embeddable":true,"href":"https:\/\/ekamu.net\/index.php\/wp-json\/wp\/v2\/categories?post=20911"},{"taxonomy":"post_tag","embeddable":true,"href":"https:\/\/ekamu.net\/index.php\/wp-json\/wp\/v2\/tags?post=20911"}],"curies":[{"name":"wp","href":"https:\/\/api.w.org\/{rel}","templated":true}]}}