{"id":21778,"date":"2024-06-06T15:24:08","date_gmt":"2024-06-06T15:24:08","guid":{"rendered":"https:\/\/ekamu.net\/?p=21778"},"modified":"2024-06-06T15:24:08","modified_gmt":"2024-06-06T15:24:08","slug":"kaan-yildirim-ve-pinar-denizden-ayrilik-iddiasina-yanit","status":"publish","type":"post","link":"https:\/\/ekamu.net\/index.php\/2024\/06\/06\/kaan-yildirim-ve-pinar-denizden-ayrilik-iddiasina-yanit\/","title":{"rendered":"Kaan Y\u0131ld\u0131r\u0131m ve P\u0131nar Deniz&#8217;den &#8216;ayr\u0131l\u0131k&#8217; iddias\u0131na yan\u0131t!"},"content":{"rendered":"<p><p>\u00d6zel hayatlar\u0131yla \u00e7ok konu\u015fulan ve bu yaz nik\u00e2h masas\u0131na oturmalar\u0131 beklenen P\u0131nar Deniz (30) ile Kaan Y\u0131ld\u0131r\u0131m (37) hakk\u0131nda magazin g\u00fcndemine bomba gibi d\u00fc\u015fen bir iddia ortaya at\u0131ld\u0131.<\/p>\n<p>\u0130li\u015fkileri yakla\u015f\u0131k 1,5 y\u0131ld\u0131r doludizgin devam eden oyuncu \u00e7iftin ayr\u0131ld\u0131\u011f\u0131 belirtildi. G\u00fcndem olan haberin ard\u0131ndan ikiliden foto\u011frafl\u0131 yalanlama geldi. <\/p>\n<div>\n<div> <img decoding=\"async\" src=\"https:\/\/ekamu.net\/wp-content\/uploads\/2024\/06\/kaan-yildirim-ve-pinar-denizden-ayrilik-iddiasina-yanit-0-YBhOiCMF.jpg\"\/><\/img> <\/div>\n<\/p><\/div>\n<\/p>\n<p><strong>&#8220;BA\u015eLASIN YOLLAR&#8221;<\/strong><\/p>\n<p>Sevgilisi Kaan Y\u0131ld\u0131r\u0131m&#8217;\u0131n da i\u00e7inde yer ald\u0131\u011f\u0131 otomobilin i\u00e7inden foto\u011fraf \u00e7eken g\u00fczel oyuncu, bu kareyi beyaz kalp emojisi ve &#8220;Ba\u015flas\u0131n yollar&#8221; notu ile Instagram&#8217;da payla\u015ft\u0131. Daha sonra Serdar Orta\u00e7&#8217;\u0131n &#8216;Kara Kedi&#8217; \u015fark\u0131s\u0131 e\u015fli\u011finde &#8220;Benden Sana&#8221; mesaj\u0131 geldi. <\/p>\n<div>\n<div> <img decoding=\"async\" src=\"https:\/\/ekamu.net\/wp-content\/uploads\/2024\/06\/kaan-yildirim-ve-pinar-denizden-ayrilik-iddiasina-yanit-1-j4zPGm9O.jpg\"\/><\/img> <\/div>\n<\/p><\/div>\n<\/p>\n<p><strong>KAAN YILDIRIM DA KAYITSIZ KALMASI<\/strong><\/p>\n<p>Kaan Y\u0131ld\u0131r\u0131m, ayn\u0131 payla\u015f\u0131mlara kendi sosyal medya hesab\u0131nda yer vermeyi ihmal etmedi. B\u00f6ylece \u00fcnl\u00fc \u00e7ift, haklar\u0131nda \u00e7\u0131kan ayr\u0131l\u0131k iddialar\u0131n\u0131 jet h\u0131z\u0131yla yalanlam\u0131\u015f oldu. <\/p>\n<div>\n<div> <img decoding=\"async\" src=\"https:\/\/ekamu.net\/wp-content\/uploads\/2024\/06\/kaan-yildirim-ve-pinar-denizden-ayrilik-iddiasina-yanit-2-v54xLyUt.jpg\"\/><\/img> <\/div>\n<\/p><\/div>\n<\/p>\n<p><strong>&#8220;HER AN HER \u015eEY OLAB\u0130L\u0130R&#8221;<\/strong><\/p>\n<p>Meslekta\u015f\u0131 ile bu yaz d\u00fcnyaevine girece\u011fi iddias\u0131 hat\u0131rlat\u0131lan P\u0131nar Deniz, &#8220;Bu yaz evlilik gibi bir plan\u0131m\u0131z yok. \u0130kimiz de kariyerimizde ilerliyoruz. Kaan ile ak\u0131\u015f\u0131nday\u0131z, her an her \u015fey olabilir&#8221; a\u00e7\u0131klamas\u0131n\u0131 yapm\u0131\u015ft\u0131. <\/p>\n<div>\n<div> <img decoding=\"async\" src=\"https:\/\/ekamu.net\/wp-content\/uploads\/2024\/06\/kaan-yildirim-ve-pinar-denizden-ayrilik-iddiasina-yanit-3-DxdSwr5t.jpg\"\/><\/img> <\/div>\n<\/p><\/div>\n<\/p>\n<p>Kaynak :\u00a0<span style=\"background-color: rgb(255, 249, 236); color: rgb(55, 58, 60); font-size: 14px;\">http:\/\/www.milliyet.com.tr\/cadde\/kaan-yildirim-ve-pinar-denizden-ayrilik-iddiasina-yanit-7135247<\/span><\/p>\n","protected":false},"excerpt":{"rendered":"<p>Final yapan Kanal D dizisi &#8216;Yarg\u0131&#8217;n\u0131n y\u0131ld\u0131z\u0131 P\u0131nar Deniz ile meslekta\u015f\u0131 Kaan Y\u0131ld\u0131r\u0131m&#8217;\u0131n, yollar\u0131n\u0131 ay\u0131rma karar\u0131 ald\u0131\u011f\u0131 \u00f6ne s\u00fcr\u00fclm\u00fc\u015ft\u00fc. \u0130kili, sosyal medya payla\u015f\u0131mlar\u0131 ile ayr\u0131l\u0131k dedikodular\u0131na cevap verdi.<\/p>\n","protected":false},"author":1,"featured_media":21779,"comment_status":"open","ping_status":"open","sticky":false,"template":"","format":"standard","meta":{"footnotes":""},"categories":[4],"tags":[1459],"class_list":["post-21778","post","type-post","status-publish","format-standard","has-post-thumbnail","hentry","category-magazin","tag-kaan"],"_links":{"self":[{"href":"https:\/\/ekamu.net\/index.php\/wp-json\/wp\/v2\/posts\/21778","targetHints":{"allow":["GET"]}}],"collection":[{"href":"https:\/\/ekamu.net\/index.php\/wp-json\/wp\/v2\/posts"}],"about":[{"href":"https:\/\/ekamu.net\/index.php\/wp-json\/wp\/v2\/types\/post"}],"author":[{"embeddable":true,"href":"https:\/\/ekamu.net\/index.php\/wp-json\/wp\/v2\/users\/1"}],"replies":[{"embeddable":true,"href":"https:\/\/ekamu.net\/index.php\/wp-json\/wp\/v2\/comments?post=21778"}],"version-history":[{"count":1,"href":"https:\/\/ekamu.net\/index.php\/wp-json\/wp\/v2\/posts\/21778\/revisions"}],"predecessor-version":[{"id":21784,"href":"https:\/\/ekamu.net\/index.php\/wp-json\/wp\/v2\/posts\/21778\/revisions\/21784"}],"wp:featuredmedia":[{"embeddable":true,"href":"https:\/\/ekamu.net\/index.php\/wp-json\/wp\/v2\/media\/21779"}],"wp:attachment":[{"href":"https:\/\/ekamu.net\/index.php\/wp-json\/wp\/v2\/media?parent=21778"}],"wp:term":[{"taxonomy":"category","embeddable":true,"href":"https:\/\/ekamu.net\/index.php\/wp-json\/wp\/v2\/categories?post=21778"},{"taxonomy":"post_tag","embeddable":true,"href":"https:\/\/ekamu.net\/index.php\/wp-json\/wp\/v2\/tags?post=21778"}],"curies":[{"name":"wp","href":"https:\/\/api.w.org\/{rel}","templated":true}]}}