{"id":21785,"date":"2024-06-06T15:36:05","date_gmt":"2024-06-06T15:36:05","guid":{"rendered":"https:\/\/ekamu.net\/?p=21785"},"modified":"2024-06-06T15:36:05","modified_gmt":"2024-06-06T15:36:05","slug":"vefat-eden-eski-vekil-yusuf-ekinci-icin-tbmmde-cenaze-toreni-duzenlendi","status":"publish","type":"post","link":"https:\/\/ekamu.net\/index.php\/2024\/06\/06\/vefat-eden-eski-vekil-yusuf-ekinci-icin-tbmmde-cenaze-toreni-duzenlendi\/","title":{"rendered":"Vefat eden eski vekil Yusuf Ekinci i\u00e7in TBMM&#8217;de cenaze t\u00f6reni d\u00fczenlendi"},"content":{"rendered":"<p><p>20&#8217;nci d\u00f6nem Burdur Milletvekili Yusuf Ekinci, rahats\u0131zl\u0131klar\u0131 nedeniyle d\u00fcn ak\u015fam Ankara&#8217;da tedavi g\u00f6rd\u00fc\u011f\u00fc hastanede hayat\u0131n\u0131 kaybetti.<\/p>\n<p>Yusuf Ekinci i\u00e7in bug\u00fcn T\u00fcrkiye B\u00fcy\u00fck Millet Meclisi\u2019nde (TBMM) cenaze t\u00f6reni d\u00fczenlendi. T\u00f6rene ailesi ve yak\u0131nlar\u0131n\u0131n yan\u0131 s\u0131ra; eski TBMM Ba\u015fkanlar\u0131 B\u00fclent Ar\u0131n\u00e7, Cemil \u00c7i\u00e7ek, K\u00f6ksal Toptan ve milletvekilleri kat\u0131ld\u0131. Ekinci&#8217;nin T\u00fcrk bayra\u011f\u0131na sar\u0131l\u0131 tabutu g\u00f6revlilerin omuzlar\u0131nda TBMM \u015eeref Kap\u0131s\u0131 merdivenleri \u00f6n\u00fcne getirildi. Ekinci&#8217;nin hat\u0131ras\u0131na sayg\u0131 duru\u015funda bulunulmas\u0131n\u0131n ard\u0131ndan dua okundu. Meclis&#8217;teki t\u00f6renin ard\u0131ndan Ekinci&#8217;nin cenazesi, Kocatepe Camii&#8217;nde k\u0131l\u0131nan cenaze namaz\u0131 sonras\u0131 G\u00f6lba\u015f\u0131 Mezarl\u0131\u011f\u0131&#8217;nda topra\u011fa verildi.<\/p>\n<div>\n<div> <img decoding=\"async\" src=\"https:\/\/ekamu.net\/wp-content\/uploads\/2024\/06\/vefat-eden-eski-vekil-yusuf-ekinci-icin-tbmmde-cenaze-toreni-duzenlendi-0-W9WQptcf.jpg\"\/><\/img> <\/div>\n<\/p><\/div>\n<\/p>\n<p>Yusuf Ekinci, 1943 y\u0131l\u0131nda Burdur&#8217;da d\u00fcnyaya geldi. 1980 y\u0131l\u0131nda Ankara \u00dcniversitesi E\u011fitim Bilimleri Fak\u00fcltesi&#8217;nden mezun olan Ekinci, \u00f6\u011fretmenlik mesle\u011finin yan\u0131 s\u0131ra; Milli E\u011fitim Bakanl\u0131\u011f\u0131&#8217;nda \u015eube M\u00fcd\u00fcr\u00fc, Daire Ba\u015fkan\u0131, Genel M\u00fcd\u00fcr Yard\u0131mc\u0131s\u0131, M\u00fcste\u015far Yard\u0131mc\u0131s\u0131, Talim ve Terbiye Kurulu Ba\u015fkan\u0131 ve Bakanl\u0131k M\u00fc\u015faviri g\u00f6revlerinde bulundu. 1995-1999 y\u0131llar\u0131 aras\u0131ndaki 20&#8217;nci yasama d\u00f6neminde Anavatan Partisi&#8217;nden Burdur Milletvekili olarak Parlamento&#8217;da g\u00f6rev yapt\u0131. Ekinci, evli ve 5 \u00e7ocuk babas\u0131yd\u0131.<\/p>\n\n<p>Kaynak :\u00a0<span style=\"background-color: rgb(255, 249, 236); color: rgb(55, 58, 60); font-size: 14px;\">http:\/\/www.milliyet.com.tr\/gundem\/vefat-eden-eski-vekil-yusuf-ekinci-icin-tbmmde-cenaze-toreni-duzenlendi-7135248<\/span><\/p>\n","protected":false},"excerpt":{"rendered":"<p>Tedavi g\u00f6rd\u00fc\u011f\u00fc hastanede hayat\u0131n\u0131 kaybeden 20&#8217;nci d\u00f6nem Burdur Milletvekili Yusuf Ekinci i\u00e7in TBMM&#8217;de cenaze t\u00f6reni d\u00fczenlendi.<\/p>\n","protected":false},"author":1,"featured_media":21786,"comment_status":"open","ping_status":"open","sticky":false,"template":"","format":"standard","meta":{"footnotes":""},"categories":[3],"tags":[67],"class_list":["post-21785","post","type-post","status-publish","format-standard","has-post-thumbnail","hentry","category-genel","tag-ekinci"],"_links":{"self":[{"href":"https:\/\/ekamu.net\/index.php\/wp-json\/wp\/v2\/posts\/21785","targetHints":{"allow":["GET"]}}],"collection":[{"href":"https:\/\/ekamu.net\/index.php\/wp-json\/wp\/v2\/posts"}],"about":[{"href":"https:\/\/ekamu.net\/index.php\/wp-json\/wp\/v2\/types\/post"}],"author":[{"embeddable":true,"href":"https:\/\/ekamu.net\/index.php\/wp-json\/wp\/v2\/users\/1"}],"replies":[{"embeddable":true,"href":"https:\/\/ekamu.net\/index.php\/wp-json\/wp\/v2\/comments?post=21785"}],"version-history":[{"count":1,"href":"https:\/\/ekamu.net\/index.php\/wp-json\/wp\/v2\/posts\/21785\/revisions"}],"predecessor-version":[{"id":21788,"href":"https:\/\/ekamu.net\/index.php\/wp-json\/wp\/v2\/posts\/21785\/revisions\/21788"}],"wp:featuredmedia":[{"embeddable":true,"href":"https:\/\/ekamu.net\/index.php\/wp-json\/wp\/v2\/media\/21786"}],"wp:attachment":[{"href":"https:\/\/ekamu.net\/index.php\/wp-json\/wp\/v2\/media?parent=21785"}],"wp:term":[{"taxonomy":"category","embeddable":true,"href":"https:\/\/ekamu.net\/index.php\/wp-json\/wp\/v2\/categories?post=21785"},{"taxonomy":"post_tag","embeddable":true,"href":"https:\/\/ekamu.net\/index.php\/wp-json\/wp\/v2\/tags?post=21785"}],"curies":[{"name":"wp","href":"https:\/\/api.w.org\/{rel}","templated":true}]}}