{"id":21854,"date":"2024-06-06T19:12:04","date_gmt":"2024-06-06T19:12:04","guid":{"rendered":"https:\/\/ekamu.net\/?p=21854"},"modified":"2024-06-06T19:12:04","modified_gmt":"2024-06-06T19:12:04","slug":"soke-eden-olay-evde-karini-beklerken-2-kadinla-karsilasti","status":"publish","type":"post","link":"https:\/\/ekamu.net\/index.php\/2024\/06\/06\/soke-eden-olay-evde-karini-beklerken-2-kadinla-karsilasti\/","title":{"rendered":"\u015eoke eden olay! Evde kar\u0131n\u0131 beklerken 2 kad\u0131nla kar\u015f\u0131la\u015ft\u0131"},"content":{"rendered":"<p><p>D\u00fczi\u00e7i il\u00e7esi \u0130rfanl\u0131 Mahallesi G\u00fcvenpark Sitesi&#8217;nde oturan \u00f6\u011fretmen Mehmet Canpolat, i\u015ften geldikten sonra evinin salonunda dinlendi\u011fi s\u0131rada d\u0131\u015f kap\u0131n\u0131n a\u00e7\u0131ld\u0131\u011f\u0131n\u0131 fark etti. E\u015finin geldi\u011fini sanan Canpolat kap\u0131ya y\u00f6neldi\u011fi s\u0131rada eve giren kad\u0131n h\u0131rs\u0131zlarla g\u00f6z g\u00f6ze geldi.<\/p>\n<p>Girdikleri evde ev sahibi ile kar\u015f\u0131la\u015fan S.T. ve \u015e.T. ise apartmandan ka\u00e7arken o anlar g\u00fcvenlik kameras\u0131na yans\u0131d\u0131. Ev sahibinin durumu bildirmesi \u00fczerine olay yerine gelen polis ekipleri taraf\u0131ndan k\u0131sa s\u00fcrede yakalanan S.T. ve \u015e.T.\u2019nin h\u0131rs\u0131zl\u0131k su\u00e7undan \u00e7ok say\u0131da kayd\u0131n\u0131n bulundu\u011fu tespit edildi.<\/p>\n<p><strong>&#8220;HIZLI B\u0130R \u015eEK\u0130LDE MERD\u0130VENDEN A\u015eA\u011eIYA KO\u015eTULAR&#8221;<\/strong><\/p>\n<p>Evde dinlendi\u011fi s\u0131rada kap\u0131 sesini duydu\u011funu ve e\u015finin geldi\u011fini sand\u0131\u011f\u0131n\u0131 anlatan Mehmet Canpolat, &#8220;Okuldan geldikten sonra burada uzan\u0131yordum e\u015fim gelecekti. Bir anda kap\u0131 a\u00e7\u0131ld\u0131 i\u00e7eri birisi girdi. Bir bakt\u0131m siyah elbiseli birisiydi ama e\u015fimin elbisesi de\u011fildi. Yabanc\u0131 oldu\u011funu fark ettim &#8216;kimsin&#8217; diye ses \u00e7\u0131kard\u0131\u011f\u0131mda bir anda beni fark etti. Tam ben kap\u0131ya d\u00f6nd\u00fcm de iki ki\u015fi oldu\u011funu fark ettim. Bir kapal\u0131 bayan\u0131n yan\u0131nda bir a\u00e7\u0131k bir kad\u0131n daha vard\u0131. H\u0131zl\u0131 bir \u015fekilde merdivenden a\u015fa\u011f\u0131ya ko\u015ftular. Ben de arkadan ba\u011f\u0131rd\u0131m &#8216;gel buraya&#8217; falan derken panik yaps\u0131nlar, bir \u015fekilde bir yere saklans\u0131nlar diye, ka\u00e7mas\u0131nlar diye. Tam o s\u00fcrede onlar\u0131n h\u0131zl\u0131 bir \u015fekilde gitti\u011fini fark edince yakalayamayaca\u011f\u0131m\u0131 anlay\u0131nca sitemizin g\u00fcvenlik g\u00f6revlisini arad\u0131m. &#8216;Binada h\u0131rs\u0131z var, kap\u0131y\u0131 tut&#8217; dedim. Sonra biz a\u015fa\u011f\u0131ya indi\u011fimizde g\u00fcvenlik g\u00f6revlisi geldi\u011finde zaten h\u0131rs\u0131zlar ka\u00e7m\u0131\u015ft\u0131. Ama polisler k\u0131sa s\u00fcrede h\u0131rs\u0131zlar\u0131 yakalad\u0131. Yakaland\u0131klar\u0131nda \u00fczerlerinde plastik bir alet varm\u0131\u015f onlarla kap\u0131lar\u0131 profesyonel bir \u015fekilde a\u00e7\u0131yorlarm\u0131\u015f&#8221; dedi.<\/p>\n\n<p>Kaynak :\u00a0<span style=\"background-color: rgb(255, 249, 236); color: rgb(55, 58, 60); font-size: 14px;\">http:\/\/www.milliyet.com.tr\/gundem\/soke-eden-olay-evde-karini-beklerken-2-kadinla-karsilasti-7135349<\/span><\/p>\n","protected":false},"excerpt":{"rendered":"<p>Osmaniye&#8217;de apartmanda bir eve giren kad\u0131n h\u0131rs\u0131zlar, salonda yatan ev sahibi ile g\u00f6z g\u00f6ze geldi. Girdikleri dairede ev sahibini g\u00f6ren h\u0131rs\u0131zlar h\u0131zla apartmandan ka\u00e7arak uzakla\u015ft\u0131.<\/p>\n","protected":false},"author":1,"featured_media":21855,"comment_status":"open","ping_status":"open","sticky":false,"template":"","format":"standard","meta":{"footnotes":""},"categories":[3],"tags":[1478,1477,1089],"class_list":["post-21854","post","type-post","status-publish","format-standard","has-post-thumbnail","hentry","category-genel","tag-fark","tag-hirsiz","tag-kapi"],"_links":{"self":[{"href":"https:\/\/ekamu.net\/index.php\/wp-json\/wp\/v2\/posts\/21854","targetHints":{"allow":["GET"]}}],"collection":[{"href":"https:\/\/ekamu.net\/index.php\/wp-json\/wp\/v2\/posts"}],"about":[{"href":"https:\/\/ekamu.net\/index.php\/wp-json\/wp\/v2\/types\/post"}],"author":[{"embeddable":true,"href":"https:\/\/ekamu.net\/index.php\/wp-json\/wp\/v2\/users\/1"}],"replies":[{"embeddable":true,"href":"https:\/\/ekamu.net\/index.php\/wp-json\/wp\/v2\/comments?post=21854"}],"version-history":[{"count":1,"href":"https:\/\/ekamu.net\/index.php\/wp-json\/wp\/v2\/posts\/21854\/revisions"}],"predecessor-version":[{"id":21856,"href":"https:\/\/ekamu.net\/index.php\/wp-json\/wp\/v2\/posts\/21854\/revisions\/21856"}],"wp:featuredmedia":[{"embeddable":true,"href":"https:\/\/ekamu.net\/index.php\/wp-json\/wp\/v2\/media\/21855"}],"wp:attachment":[{"href":"https:\/\/ekamu.net\/index.php\/wp-json\/wp\/v2\/media?parent=21854"}],"wp:term":[{"taxonomy":"category","embeddable":true,"href":"https:\/\/ekamu.net\/index.php\/wp-json\/wp\/v2\/categories?post=21854"},{"taxonomy":"post_tag","embeddable":true,"href":"https:\/\/ekamu.net\/index.php\/wp-json\/wp\/v2\/tags?post=21854"}],"curies":[{"name":"wp","href":"https:\/\/api.w.org\/{rel}","templated":true}]}}