{"id":22275,"date":"2024-06-06T22:24:06","date_gmt":"2024-06-06T22:24:06","guid":{"rendered":"https:\/\/ekamu.net\/?p=22275"},"modified":"2024-06-06T22:24:06","modified_gmt":"2024-06-06T22:24:06","slug":"pendikteki-vahsette-m-harfi-detayi-sirtina-cizmis","status":"publish","type":"post","link":"https:\/\/ekamu.net\/index.php\/2024\/06\/06\/pendikteki-vahsette-m-harfi-detayi-sirtina-cizmis\/","title":{"rendered":"Pendik&#8217;teki vah\u015fette &#8216;M&#8217; harfi detay\u0131! S\u0131rt\u0131na \u00e7izmi\u015f"},"content":{"rendered":"<p><p>Pendik\u2019te 79 ya\u015f\u0131ndaki Nihat Salih\u2019in 4 ayr\u0131 \u00e7\u00f6p konteynerinde par\u00e7alanm\u0131\u015f cesedinin bulunmas\u0131yla ilgili g\u00f6zalt\u0131na al\u0131nan Bilal D. sevk edildi\u011fi mahkemede tutuklanarak cezaevine g\u00f6nderildi. Su\u00e7lamalar\u0131 kabul etmeyen \u015f\u00fcphelinin evinde bulunan bir balta \u00fczerinde yap\u0131lan incelemede Nihat Salih\u2019in DNA\u2019s\u0131 bulundu.<\/p>\n<p>\u015e\u00fcphelinin Nihat Salih&#8217;i \u00f6nce bo\u011fdu\u011fu daha sonra baltayla par\u00e7alara ay\u0131rarak \u00e7\u00f6p konteynerlerine att\u0131\u011f\u0131 tespit edildi. \u00d6te yandan cinayet sonras\u0131 \u015f\u00fcphelinin cesedin bulundu\u011fu \u00e7uval\u0131 ta\u015f\u0131d\u0131\u011f\u0131 kovay\u0131 \u00e7\u00f6pe att\u0131\u011f\u0131 anlar\u0131n yeni g\u00f6r\u00fcnt\u00fcs\u00fc ortaya \u00e7\u0131kt\u0131.<\/p>\n<div>\n<div> <img decoding=\"async\" src=\"https:\/\/ekamu.net\/wp-content\/uploads\/2024\/06\/pendikteki-vahsette-m-harfi-detayi-sirtina-cizmis-0-FP9qwnQA.jpg\"\/><\/img> <\/div>\n<\/p><\/div>\n<\/p>\n<p><strong>SU\u00c7LAMALARI KABUL ETMEM\u0130\u015eT\u0130<\/strong><\/p>\n<p>\u0130stanbul, Pendik&#8217;te ya\u015fan\u0131n vah\u015fi cinayet \u00f6nceki g\u00fcn bir vatanda\u015f\u0131n \u00e7\u00f6p konteynerinde ceset par\u00e7alar\u0131 g\u00f6rerek polise ihbar etmesiyle ortaya \u00e7\u0131km\u0131\u015ft\u0131. Yap\u0131lan incelemede \u00f6ld\u00fcr\u00fcld\u00fckten sonra par\u00e7alara ayr\u0131ld\u0131\u011f\u0131 anla\u015f\u0131lan cesedin 79 ya\u015f\u0131ndaki Nihat Salih\u2019e ait oldu\u011fu belirlenmi\u015fti. Ceset incelenmek \u00fczere Adli T\u0131p Kurumu morguna kald\u0131r\u0131l\u0131rken, olayla ilgili ortaya \u00e7\u0131kan bir video g\u00f6r\u00fcnt\u00fcs\u00fcyle soru\u015fturman\u0131n y\u00f6n\u00fc de\u011fi\u015fmi\u015fti. G\u00f6r\u00fcnt\u00fclerde elindeki beyaz bir kovay\u0131, cesedin ba\u015f k\u0131sm\u0131n\u0131n bulundu\u011fu \u00e7\u00f6p konteynerine bo\u015faltt\u0131\u011f\u0131 g\u00f6r\u00fclen Bilal D. polis ekipleri taraf\u0131ndan hemen g\u00f6zalt\u0131na al\u0131nm\u0131\u015ft\u0131. Poliste su\u00e7lamalar\u0131 kabul etmeyerek \u201cBen sadece yolda buldu\u011fum \u00e7\u00f6p\u00fc d\u00f6kt\u00fcm&#8221; diyen \u015f\u00fcpheli adliyeye sevk edilmi\u015fti.<\/p>\n<p><strong>TUTUKLANDI<\/strong><\/p>\n<p>Anadolu Adalet saray\u0131nda \u00e7\u0131kar\u0131ld\u0131\u011f\u0131 mahkemede ayn\u0131 ifadesini tekrar eden \u015f\u00fcpheli Bilal D. kasten adam \u00f6ld\u00fcrmek su\u00e7undan tutuklanarak cezaevine g\u00f6nderildi.<\/p>\n<div>\n<div> <img decoding=\"async\" src=\"https:\/\/ekamu.net\/wp-content\/uploads\/2024\/06\/pendikteki-vahsette-m-harfi-detayi-sirtina-cizmis-1-OZzWGHUg.jpg\"\/><\/img> <\/div>\n<\/p><\/div>\n<\/p>\n<p><strong>BALTA \u00dcZER\u0130NDE \u00d6LEN K\u0130\u015e\u0130N\u0130N DNA&#8217;SI BULUNDU<\/strong><\/p>\n<p>Cinayet B\u00fcro Amirli\u011fi taraf\u0131ndan olayla ilgili y\u00fcr\u00fct\u00fclen soru\u015fturmada Bilal D.\u2019nin evinde bulunan ve olayda kullan\u0131ld\u0131\u011f\u0131 de\u011ferlendirilen Balta \u00fczerinde yap\u0131lan DNA incelemesi tamamland\u0131. Adli T\u0131p Kurumu taraf\u0131ndan yap\u0131lan incelemede \u015f\u00fcphelinin evinde bulunan balta \u00fczerinde \u00f6ld\u00fcr\u00fclen Nihat Salih\u2019e ait DNA \u00f6rnekleri bulundu. Bu \u015f\u00fcphelinin cinayeti i\u015fledi\u011fini g\u00f6steren en \u00f6nemli delil olarak kay\u0131tlara ge\u00e7ti. Polis soru\u015fturmas\u0131na g\u00f6re \u015f\u00fcphelinin \u00f6nce Nihat Salih\u2019i bo\u011fdu\u011fu ard\u0131ndan Baltayla par\u00e7alara ay\u0131rarak \u00e7\u00f6p konteynerlerine att\u0131\u011f\u0131 belirtildi. \u00d6te yandan cinayet sonras\u0131 \u015f\u00fcphelinin cesedin bulundu\u011fu \u00e7uval\u0131 ta\u015f\u0131d\u0131\u011f\u0131 kovay\u0131 \u00e7\u00f6pe att\u0131\u011f\u0131 anlar\u0131n yeni g\u00f6r\u00fcnt\u00fcs\u00fc ortaya \u00e7\u0131kt\u0131. <em>(Derya EVREN KORKMAZ\/\u0130STANBUL (DHA)<\/em><\/p>\n<p><em> <\/p>\n<div>\n<div> <img decoding=\"async\" src=\"https:\/\/ekamu.net\/wp-content\/uploads\/2024\/06\/pendikteki-vahsette-m-harfi-detayi-sirtina-cizmis-2-c51tn5EU.jpg\"\/><\/img> <\/div>\n<\/p><\/div>\n<p>  <\/em><\/p>\n<p><strong>\u015eOKE EDEN DETAY! SIRTINA &#8216;M&#8217; HARF\u0130 \u00c7\u0130ZM\u0130\u015e<\/strong><\/p>\n<p>Cinayet zanl\u0131s\u0131 Bilal D.&#8217;nin Nihat Salih\u2019in s\u0131rt\u0131na b\u0131\u00e7akla e\u015fi Meryem\u2019in ba\u015f harfini \u00e7izdi\u011fi \u00f6\u011frenildi. CNN T\u00dcRK Muhabiri \u00dcmit Uzun vah\u015fetle ilgili \u015fu detaylar\u0131 payla\u015ft\u0131:<\/p>\n<p>G\u00f6r\u00fclmemi\u015f bir cinayetten bahsediyoruz. Balta ile par\u00e7alam\u0131\u015f. Cesedi par\u00e7alamadan \u00f6nce \u2018M\u2019 harfi kaz\u0131m\u0131\u015f. Kendi e\u015finin ba\u015f harfini kaz\u0131m\u0131\u015f, Meryem ad\u0131 oldu\u011funu \u00f6\u011frendik. Bo\u011fuyor, par\u00e7al\u0131yor ve cesedi \u00e7uvallarla \u00e7\u00f6p konteynerine b\u0131rak\u0131yor. Kalan par\u00e7alar\u0131 da beyaz kova ile at\u0131yor. 3 numaradaki delil paspas. Paspasta Nihat Salih\u2019in DNA izleri bulunuyor.<\/p>\n\n<p>Kaynak :\u00a0<span style=\"background-color: rgb(255, 249, 236); color: rgb(55, 58, 60); font-size: 14px;\">http:\/\/www.milliyet.com.tr\/gundem\/pendikteki-vahsette-m-harfi-detayi-sirtina-cizmis-7135378<\/span><\/p>\n","protected":false},"excerpt":{"rendered":"<p>Nihat Salih\u2019in par\u00e7alanarak \u00e7\u00f6p konteynerine at\u0131lmas\u0131 cinayeti ile ilgili \u015f\u00fcpheli Bilal D. tutuklanarak cezaevine g\u00f6nderilmi\u015fti. Olayla ilgili kan donduran yeni detaylar ortaya \u00e7\u0131kt\u0131.<\/p>\n","protected":false},"author":1,"featured_media":22276,"comment_status":"open","ping_status":"open","sticky":false,"template":"","format":"standard","meta":{"footnotes":""},"categories":[3],"tags":[1492,1494,847,848,1493],"class_list":["post-22275","post","type-post","status-publish","format-standard","has-post-thumbnail","hentry","category-genel","tag-balta","tag-bulundu","tag-cinayet","tag-cop","tag-suphelinin"],"_links":{"self":[{"href":"https:\/\/ekamu.net\/index.php\/wp-json\/wp\/v2\/posts\/22275","targetHints":{"allow":["GET"]}}],"collection":[{"href":"https:\/\/ekamu.net\/index.php\/wp-json\/wp\/v2\/posts"}],"about":[{"href":"https:\/\/ekamu.net\/index.php\/wp-json\/wp\/v2\/types\/post"}],"author":[{"embeddable":true,"href":"https:\/\/ekamu.net\/index.php\/wp-json\/wp\/v2\/users\/1"}],"replies":[{"embeddable":true,"href":"https:\/\/ekamu.net\/index.php\/wp-json\/wp\/v2\/comments?post=22275"}],"version-history":[{"count":1,"href":"https:\/\/ekamu.net\/index.php\/wp-json\/wp\/v2\/posts\/22275\/revisions"}],"predecessor-version":[{"id":22280,"href":"https:\/\/ekamu.net\/index.php\/wp-json\/wp\/v2\/posts\/22275\/revisions\/22280"}],"wp:featuredmedia":[{"embeddable":true,"href":"https:\/\/ekamu.net\/index.php\/wp-json\/wp\/v2\/media\/22276"}],"wp:attachment":[{"href":"https:\/\/ekamu.net\/index.php\/wp-json\/wp\/v2\/media?parent=22275"}],"wp:term":[{"taxonomy":"category","embeddable":true,"href":"https:\/\/ekamu.net\/index.php\/wp-json\/wp\/v2\/categories?post=22275"},{"taxonomy":"post_tag","embeddable":true,"href":"https:\/\/ekamu.net\/index.php\/wp-json\/wp\/v2\/tags?post=22275"}],"curies":[{"name":"wp","href":"https:\/\/api.w.org\/{rel}","templated":true}]}}