{"id":23166,"date":"2024-06-07T04:12:04","date_gmt":"2024-06-07T04:12:04","guid":{"rendered":"https:\/\/ekamu.net\/?p=23166"},"modified":"2024-06-07T04:12:04","modified_gmt":"2024-06-07T04:12:04","slug":"erdogan-yargitay-cumhuriyet-bassavcisi-sahini-kabul-etti","status":"publish","type":"post","link":"https:\/\/ekamu.net\/index.php\/2024\/06\/07\/erdogan-yargitay-cumhuriyet-bassavcisi-sahini-kabul-etti\/","title":{"rendered":"Erdo\u011fan, Yarg\u0131tay Cumhuriyet Ba\u015fsavc\u0131s\u0131 \u015eahin&#8217;i kabul etti"},"content":{"rendered":"<p><p>Cumhurba\u015fkan\u0131 Erdo\u011fan, Yarg\u0131tay Cumhuriyet Ba\u015fsavc\u0131s\u0131 Bekir \u015eahin ile Cumhurba\u015fkanl\u0131\u011f\u0131 K\u00fclliyesi&#8217;nde bir araya geldi.<\/p>\n<p>Bas\u0131na kapal\u0131 ger\u00e7ekle\u015fen g\u00f6r\u00fc\u015fmeye ili\u015fkin foto\u011fraf payla\u015f\u0131ld\u0131.<\/p>\n\n<p>Kaynak :\u00a0<span style=\"background-color: rgb(255, 249, 236); color: rgb(55, 58, 60); font-size: 14px;\">http:\/\/www.milliyet.com.tr\/gundem\/erdogan-yargitay-cumhuriyet-bassavcisi-sahini-kabul-etti-7135408<\/span><\/p>\n","protected":false},"excerpt":{"rendered":"<p>Cumhurba\u015fkan\u0131 Recep Tayyip Erdo\u011fan, Yarg\u0131tay Cumhuriyet Ba\u015fsavc\u0131s\u0131 Bekir \u015eahin ile g\u00f6r\u00fc\u015ft\u00fc.<\/p>\n","protected":false},"author":1,"featured_media":23167,"comment_status":"open","ping_status":"open","sticky":false,"template":"","format":"standard","meta":{"footnotes":""},"categories":[3],"tags":[],"class_list":["post-23166","post","type-post","status-publish","format-standard","has-post-thumbnail","hentry","category-genel"],"_links":{"self":[{"href":"https:\/\/ekamu.net\/index.php\/wp-json\/wp\/v2\/posts\/23166","targetHints":{"allow":["GET"]}}],"collection":[{"href":"https:\/\/ekamu.net\/index.php\/wp-json\/wp\/v2\/posts"}],"about":[{"href":"https:\/\/ekamu.net\/index.php\/wp-json\/wp\/v2\/types\/post"}],"author":[{"embeddable":true,"href":"https:\/\/ekamu.net\/index.php\/wp-json\/wp\/v2\/users\/1"}],"replies":[{"embeddable":true,"href":"https:\/\/ekamu.net\/index.php\/wp-json\/wp\/v2\/comments?post=23166"}],"version-history":[{"count":1,"href":"https:\/\/ekamu.net\/index.php\/wp-json\/wp\/v2\/posts\/23166\/revisions"}],"predecessor-version":[{"id":23168,"href":"https:\/\/ekamu.net\/index.php\/wp-json\/wp\/v2\/posts\/23166\/revisions\/23168"}],"wp:featuredmedia":[{"embeddable":true,"href":"https:\/\/ekamu.net\/index.php\/wp-json\/wp\/v2\/media\/23167"}],"wp:attachment":[{"href":"https:\/\/ekamu.net\/index.php\/wp-json\/wp\/v2\/media?parent=23166"}],"wp:term":[{"taxonomy":"category","embeddable":true,"href":"https:\/\/ekamu.net\/index.php\/wp-json\/wp\/v2\/categories?post=23166"},{"taxonomy":"post_tag","embeddable":true,"href":"https:\/\/ekamu.net\/index.php\/wp-json\/wp\/v2\/tags?post=23166"}],"curies":[{"name":"wp","href":"https:\/\/api.w.org\/{rel}","templated":true}]}}