{"id":24212,"date":"2024-06-07T11:48:05","date_gmt":"2024-06-07T11:48:05","guid":{"rendered":"https:\/\/ekamu.net\/?p=24212"},"modified":"2024-06-07T11:48:05","modified_gmt":"2024-06-07T11:48:05","slug":"imf-ambnin-faiz-indirimine-baslamasi-yerinde","status":"publish","type":"post","link":"https:\/\/ekamu.net\/index.php\/2024\/06\/07\/imf-ambnin-faiz-indirimine-baslamasi-yerinde\/","title":{"rendered":"IMF: AMB\u2019nin faiz indirimine ba\u015flamas\u0131 \u201cyerinde&#8221;"},"content":{"rendered":"<div>\n<p>Kozack, d\u00fczenledi\u011fi bas\u0131n toplant\u0131s\u0131nda, k\u00fcresel ekonomideki geli\u015fmelere ili\u015fkin de\u011ferlendirmelerde bulundu.<\/p>\n<p>ABD ekonomisinin \u00f6nemli \u015foklara ve para politikas\u0131n\u0131n sert \u015fekilde s\u0131k\u0131la\u015ft\u0131r\u0131lmas\u0131na ra\u011fmen olduk\u00e7a diren\u00e7li oldu\u011funa i\u015faret eden Kozack, bu y\u0131l\u0131n ilk \u00e7eyre\u011finde faaliyetin yava\u015flad\u0131\u011f\u0131n\u0131 ancak i\u00e7 talebin g\u00fc\u00e7l\u00fc kalmaya devam etti\u011fini s\u00f6yledi.<\/p>\n<p>Kozack, ilk \u00e7eyrekteki enflasyon verilerinin ABD&#8217;de g\u00f6rmek istediklerinden genel olarak daha y\u00fcksek oldu\u011funu belirterek, bunun \u00fclkede enflasyonu hedefe geri getirmeye \u00e7al\u0131\u015f\u0131rken yolda engellerle kar\u015f\u0131la\u015f\u0131laca\u011f\u0131n\u0131 hat\u0131rlatt\u0131\u011f\u0131n\u0131 dile getirdi.<\/p>\n<\/div>\n<div>\n<p>Bunun ayn\u0131 zamanda ABD Merkez Bankas\u0131\u2019n\u0131n (Fed) gelecek aylarda politika kararlar\u0131nda temkinli ve verilere ba\u011f\u0131ml\u0131 olmas\u0131 gerekti\u011fi g\u00f6r\u00fc\u015f\u00fcn\u00fc de g\u00fc\u00e7lendirdi\u011fine dikkati \u00e7eken Kozack, s\u0131k\u0131 para politikas\u0131n\u0131n  2024&#8217;te ABD ekonomik b\u00fcy\u00fcmesini yava\u015flatmas\u0131n\u0131n beklendi\u011fini ifade etti.<\/p>\n<p>Kozack, s\u0131k\u0131 para politikas\u0131n\u0131n ve daha az geni\u015flemeci maliye politikas\u0131n\u0131n etkisinin hem t\u00fcketim hem de yat\u0131r\u0131m \u00fczerinde bask\u0131 yaratmas\u0131n\u0131n beklendi\u011fini belirterek, i\u015f g\u00fcc\u00fc piyasas\u0131 ko\u015fullar\u0131nda da baz\u0131 gev\u015feme belirtileri oldu\u011funu aktard\u0131.<\/p>\n<p>AMB\u2019nin bug\u00fcnk\u00fc faiz indirimi karar\u0131na da de\u011finen Kozack, ABD&#8217;de oldu\u011fu gibi Avrupa&#8217;da da enflasyonun d\u00fc\u015f\u00fcr\u00fclmesi konusunda \u00f6nemli ilerleme kaydedildi\u011fine dikkati \u00e7ekti.<\/p>\n<p>Kozack, &#8220;AMB politikas\u0131n\u0131n uygun oldu\u011funu de\u011ferlendiriyoruz. Dolay\u0131s\u0131yla daha \u00f6nce de s\u00f6yledi\u011fimiz gibi, AMB\u2019nin haziran ay\u0131nda faiz indirimine ba\u015flamas\u0131n\u0131n yerinde oldu\u011funu d\u00fc\u015f\u00fcnd\u00fck ancak AMB\u2019nin veriye ba\u011fl\u0131 ve toplant\u0131 bazl\u0131 yakla\u015f\u0131m\u0131n\u0131 s\u00fcrd\u00fcrmesi de \u00f6nemli.&#8221; diye konu\u015ftu.<\/p>\n<p>AMB bug\u00fcn, yakla\u015f\u0131k 5 y\u0131l sonra ilk faiz indirimine giderek \u00fc\u00e7 temel politika faizini 25 baz puan d\u00fc\u015f\u00fcrm\u00fc\u015ft\u00fc.<\/p>\n<\/div>\n<\/p>\n<p><\/p>\n<p>Kaynak :\u00a0<span style=\"background-color: rgb(255, 249, 236); color: rgb(55, 58, 60); font-size: 14px;\">Bloomberg HT<\/span><\/p>\n<p><span style=\"display: block; width: 343.125px; color: rgb(55, 58, 60); font-size: 14px; background-color: rgb(255, 249, 236);\"><\/span><\/p>\n","protected":false},"excerpt":{"rendered":"<p>Uluslararas\u0131 Para Fonu (IMF) S\u00f6zc\u00fcs\u00fc Julie Kozack, Avrupa&#8217;da da enflasyonun d\u00fc\u015f\u00fcr\u00fclmesi konusunda \u00f6nemli ilerleme kaydedildi\u011fini belirterek, Avrupa Merkez Bankas\u0131n\u0131n (AMB) haziranda faiz oranlar\u0131n\u0131 d\u00fc\u015f\u00fcrmeye ba\u015flamas\u0131n\u0131n &#8220;yerinde&#8221; oldu\u011funu bildirdi.<\/p>\n","protected":false},"author":1,"featured_media":24213,"comment_status":"open","ping_status":"open","sticky":false,"template":"","format":"standard","meta":{"footnotes":""},"categories":[2],"tags":[433,190],"class_list":["post-24212","post","type-post","status-publish","format-standard","has-post-thumbnail","hentry","category-ekonomi","tag-abd","tag-amb"],"_links":{"self":[{"href":"https:\/\/ekamu.net\/index.php\/wp-json\/wp\/v2\/posts\/24212","targetHints":{"allow":["GET"]}}],"collection":[{"href":"https:\/\/ekamu.net\/index.php\/wp-json\/wp\/v2\/posts"}],"about":[{"href":"https:\/\/ekamu.net\/index.php\/wp-json\/wp\/v2\/types\/post"}],"author":[{"embeddable":true,"href":"https:\/\/ekamu.net\/index.php\/wp-json\/wp\/v2\/users\/1"}],"replies":[{"embeddable":true,"href":"https:\/\/ekamu.net\/index.php\/wp-json\/wp\/v2\/comments?post=24212"}],"version-history":[{"count":1,"href":"https:\/\/ekamu.net\/index.php\/wp-json\/wp\/v2\/posts\/24212\/revisions"}],"predecessor-version":[{"id":24214,"href":"https:\/\/ekamu.net\/index.php\/wp-json\/wp\/v2\/posts\/24212\/revisions\/24214"}],"wp:featuredmedia":[{"embeddable":true,"href":"https:\/\/ekamu.net\/index.php\/wp-json\/wp\/v2\/media\/24213"}],"wp:attachment":[{"href":"https:\/\/ekamu.net\/index.php\/wp-json\/wp\/v2\/media?parent=24212"}],"wp:term":[{"taxonomy":"category","embeddable":true,"href":"https:\/\/ekamu.net\/index.php\/wp-json\/wp\/v2\/categories?post=24212"},{"taxonomy":"post_tag","embeddable":true,"href":"https:\/\/ekamu.net\/index.php\/wp-json\/wp\/v2\/tags?post=24212"}],"curies":[{"name":"wp","href":"https:\/\/api.w.org\/{rel}","templated":true}]}}