{"id":28140,"date":"2024-06-09T13:00:06","date_gmt":"2024-06-09T13:00:06","guid":{"rendered":"https:\/\/ekamu.net\/?p=28140"},"modified":"2024-06-09T13:00:06","modified_gmt":"2024-06-09T13:00:06","slug":"selcuk-bayraktar-paylasti-bayraktar-tb3-adim-adim-tcg-anadoluya","status":"publish","type":"post","link":"https:\/\/ekamu.net\/index.php\/2024\/06\/09\/selcuk-bayraktar-paylasti-bayraktar-tb3-adim-adim-tcg-anadoluya\/","title":{"rendered":"Sel\u00e7uk Bayraktar payla\u015ft\u0131! Bayraktar TB3 ad\u0131m ad\u0131m TCG Anadolu&#8217;ya"},"content":{"rendered":"<p><p>Bayraktar TB3&#8217;\u00fcn rampa kalk\u0131\u015f testi ba\u015far\u0131yla ger\u00e7ekle\u015fti. BAYKAR Y\u00f6netim Kurulu Ba\u015fkan\u0131 ve Teknolji Lideri Sel\u00e7uk Bayraktar o anlar\u0131 sosyal medya hesab\u0131ndan payla\u015ft\u0131.<\/p>\n<p>Sel\u00e7uk Bayraktar, &#8216;Ad\u0131m ad\u0131m TCG-ANADOLU&#8217;ya, Oradan da e\u015fsiz maviliklere&#8230;&#8217; ifadelerini de kulland\u0131.<\/p>\n<p><strong>D\u00dcNYA HAVACILIK TAR\u0130H\u0130NDE \u0130LK!<\/strong><\/p>\n<p>T\u00fcrk havac\u0131l\u0131k tarihinde ilklere imza atan milli S\u0130HA Bayraktar TB2, test u\u00e7u\u015flar\u0131nda otonom f\u0131\u00e7\u0131 tonosu manevras\u0131n\u0131 ba\u015far\u0131yla ger\u00e7ekle\u015ftirerek d\u00fcnya havac\u0131l\u0131k tarihinde de bir ilke daha imza att\u0131.<\/p>\n<p>Manevra testleri i\u00e7in g\u00f6ky\u00fcz\u00fcnde seyir halinde bulunan Bayraktar TB2, sarmal bir y\u00f6r\u00fcnge izleyerek ve kendi ekseni etraf\u0131nda tam tur d\u00f6nerek icra etti\u011fi bu manevra ile d\u00fcnya havac\u0131l\u0131k tarihine bir kez daha ad\u0131n\u0131 yazd\u0131rd\u0131. Bu manevray\u0131 ba\u015far\u0131yla yapabilen ilk ve tek S\u0130HA olan Bayraktar TB2, otonomi ve aerodinamik kabiliyetlerinin ne kadar geli\u015fmi\u015f oldu\u011funu da bir kez daha g\u00f6sterdi. Bayraktar TB2\u2019nin tarihi anlar\u0131n\u0131 ise test faaliyetlerini s\u00fcrd\u00fcren bir ba\u015fka Bayraktar TB2 ve Konya\u2019daki m\u00fchimmat at\u0131\u015f testinden d\u00f6nen Bayraktar AKINCI T\u0130HA kay\u0131t alt\u0131na ald\u0131.<\/p>\n<p><strong>3\u2019TE 3 YAPTI<\/strong><\/p>\n<p>Bayraktar TB2 S\u0130HA test s\u0131ras\u0131nda otonom olarak ger\u00e7ekle\u015ftirdi\u011fi f\u0131\u00e7\u0131 tonosu manevras\u0131n\u0131 tam 3 kez denedi ve bu denemelerin hepsini ba\u015far\u0131yla tamamlad\u0131. \u00d6zellikle sava\u015f jetlerinin \u00f6nemli ka\u00e7\u0131\u015f manevralar\u0131ndan biri olan f\u0131\u00e7\u0131 tonosu \u015fimdiye kadar d\u00fcnya \u00fczerinde hi\u00e7bir S\u0130HA taraf\u0131ndan yap\u0131lamad\u0131. F\u0131\u00e7\u0131 tono manevras\u0131 s\u0131ras\u0131nda u\u00e7ak veya hava arac\u0131 g\u00f6ky\u00fcz\u00fcnde yatay burgu (tirbu\u015fon) hareketi yaparken spiral bir rota izliyor.<\/p>\n<p><strong>SEL\u00c7UK BAYRAKTAR&#8217;DAN PAYLA\u015eIM<\/strong><\/p>\n<p>BAYKAR Y\u00f6netim Kurulu Ba\u015fkan\u0131 ve Teknolji Lideri Sel\u00e7uk Bayraktar, BayraktarTB2 ile ilgili yeni geli\u015fmeyi payla\u015ft\u0131. Bayraktar &#8220;D\u00fcnya havac\u0131l\u0131k tarihinde ilk defa bir S\u0130HA, otonom f\u0131\u00e7\u0131 tonosu att\u0131&#8230;&#8221; ifadelerini kulland\u0131.<\/p>\n<p><strong>TB2 VE AKINCI&#8217;DAN EFES-2024 TATB\u0130KATINDA TAM \u0130SABET<\/strong><\/p>\n<p>T\u00fcrkiye\u2019nin en b\u00fcy\u00fck m\u00fc\u015fterek tatbikat\u0131 olma \u00f6zelli\u011fi ta\u015f\u0131yan EFES-2024, Seferihisar\/\u0130ZM\u0130R\u2019de sona erdi. 50 \u00fclkeden bin be\u015f y\u00fcz\u00fc a\u015fk\u0131n yabanc\u0131 personelin kat\u0131ld\u0131\u011f\u0131 tatbikatta TSK unsurlar\u0131 ile birlikte toplam 11 bin personel g\u00f6rev ald\u0131.<\/p>\n<p>Ayr\u0131ca tatbikat alan\u0131nda, Savunma Sanayii Ba\u015fkanl\u0131\u011f\u0131 (SSB) koordinasyonunda 47 savunma sanayii firmas\u0131 taraf\u0131ndan yerli ve mill\u00ee imkanlarla \u00fcretilen ve TSK envanterinde bulunan \u00fcr\u00fcnlerin sergilendi\u011fi Savunma Sanayii \u00dcr\u00fcnleri Sergisi de yer ald\u0131.<\/p>\n<p>BAYKAR Y\u00f6netim Kurulu Ba\u015fkan\u0131 ve Teknolji Lideri Sel\u00e7uk Bayraktar, sosyal medya hesab\u0131 X&#8217;ten tatbikata ili\u015fkin bir payla\u015f\u0131m geldi. Bayraktar TB2 ve Bayraktar AKINCI&#8217;n\u0131n hedefi tam isabetle vurdu\u011fu anlar\u0131 yay\u0131nlad\u0131.<\/p>\n\n<p>Kaynak :\u00a0<span style=\"background-color: rgb(255, 249, 236); color: rgb(55, 58, 60); font-size: 14px;\">http:\/\/www.milliyet.com.tr\/ekonomi\/selcuk-bayraktar-paylasti-bayraktar-tb3-adim-adim-tcg-anadoluya-7135834<\/span><\/p>\n","protected":false},"excerpt":{"rendered":"<p>BAYKAR Y\u00f6netim Kurulu Ba\u015fkan\u0131 ve Teknolji Lideri Sel\u00e7uk Bayraktar, Bayraktar TB3&#8217;\u00fcn rampa kalk\u0131\u015f testine ait g\u00f6r\u00fcnt\u00fcleri payla\u015ft\u0131.<\/p>\n","protected":false},"author":1,"featured_media":28141,"comment_status":"open","ping_status":"open","sticky":false,"template":"","format":"standard","meta":{"footnotes":""},"categories":[2],"tags":[797,1738,1118,1233,25],"class_list":["post-28140","post","type-post","status-publish","format-standard","has-post-thumbnail","hentry","category-ekonomi","tag-bayraktar-tb2","tag-manevra","tag-tarihi","tag-tatbikat","tag-test"],"_links":{"self":[{"href":"https:\/\/ekamu.net\/index.php\/wp-json\/wp\/v2\/posts\/28140","targetHints":{"allow":["GET"]}}],"collection":[{"href":"https:\/\/ekamu.net\/index.php\/wp-json\/wp\/v2\/posts"}],"about":[{"href":"https:\/\/ekamu.net\/index.php\/wp-json\/wp\/v2\/types\/post"}],"author":[{"embeddable":true,"href":"https:\/\/ekamu.net\/index.php\/wp-json\/wp\/v2\/users\/1"}],"replies":[{"embeddable":true,"href":"https:\/\/ekamu.net\/index.php\/wp-json\/wp\/v2\/comments?post=28140"}],"version-history":[{"count":1,"href":"https:\/\/ekamu.net\/index.php\/wp-json\/wp\/v2\/posts\/28140\/revisions"}],"predecessor-version":[{"id":28142,"href":"https:\/\/ekamu.net\/index.php\/wp-json\/wp\/v2\/posts\/28140\/revisions\/28142"}],"wp:featuredmedia":[{"embeddable":true,"href":"https:\/\/ekamu.net\/index.php\/wp-json\/wp\/v2\/media\/28141"}],"wp:attachment":[{"href":"https:\/\/ekamu.net\/index.php\/wp-json\/wp\/v2\/media?parent=28140"}],"wp:term":[{"taxonomy":"category","embeddable":true,"href":"https:\/\/ekamu.net\/index.php\/wp-json\/wp\/v2\/categories?post=28140"},{"taxonomy":"post_tag","embeddable":true,"href":"https:\/\/ekamu.net\/index.php\/wp-json\/wp\/v2\/tags?post=28140"}],"curies":[{"name":"wp","href":"https:\/\/api.w.org\/{rel}","templated":true}]}}