{"id":28224,"date":"2024-06-09T17:12:06","date_gmt":"2024-06-09T17:12:06","guid":{"rendered":"https:\/\/ekamu.net\/?p=28224"},"modified":"2024-06-09T17:12:06","modified_gmt":"2024-06-09T17:12:06","slug":"maket-bebekler-ve-oyuncaklar-ile-israil-protesto-edildi","status":"publish","type":"post","link":"https:\/\/ekamu.net\/index.php\/2024\/06\/09\/maket-bebekler-ve-oyuncaklar-ile-israil-protesto-edildi\/","title":{"rendered":"Maket bebekler ve oyuncaklar ile \u0130srail protesto edildi"},"content":{"rendered":"<p><p>Malatya&#8217;da sa\u011fl\u0131k \u00e7al\u0131\u015fanlar\u0131, Gazze&#8217;de ya\u015fanan katliamlar\u0131 ellerinde kanl\u0131 maket bebekleri ve oyuncaklar ile y\u00fcr\u00fcyerek protesto etti.<\/p>\n<p>Battalgazi il\u00e7esine ba\u011fl\u0131 Kanalboyu Caddesi \u00fczerinde bir araya gelen sa\u011fl\u0131k \u00e7al\u0131\u015fanlar\u0131, \u0130srail&#8217;in Gazze \u00fczerinde uygulad\u0131\u011f\u0131 katliam\u0131 protesto etmek amac\u0131 ile ellerinde kanl\u0131 bebek maketleri ile y\u00fcr\u00fcy\u00fc\u015f d\u00fczenledi. Vatanda\u015flar\u0131n da e\u015flik etti\u011fi y\u00fcr\u00fcy\u00fc\u015f Kernek Karag\u00f6zl\u00fcler Camii \u00f6n\u00fcnde son buldu. Burada a\u00e7\u0131klamalarda bulunan Malatya Turgut \u00d6zal \u00dcniversitesi Genel Sekreteri Dr. Ahmet Selim \u00d6zkan, Gazze&#8217;de Birle\u015fmi\u015f Milletlerin \u00e7ad\u0131r\u0131n\u0131n bile g\u00fcvende olmad\u0131\u011f\u0131n\u0131 ifade ederek \u015funlar\u0131 s\u00f6yledi:<\/p>\n<p>&#8220;Gazze&#8217;de anneler, \u00e7ocuklar ve ya\u015fl\u0131lar g\u00fcvende de\u011fil. Say\u0131s\u0131 korkun\u00e7 da olsa 15 binden fazla \u00e7ocuk, 10 binden fazla kad\u0131n ne yaz\u0131k ki bu Siyonist al\u00e7aklar taraf\u0131ndan \u015fehit edildi. Art\u0131k soyk\u0131r\u0131m kelimesi bile bu yap\u0131lanlar\u0131 ifade edemeyecek hale gelmeye ba\u015flad\u0131.&#8221;<\/p>\n<p>Yap\u0131lan konu\u015fmalar\u0131n ard\u0131ndan temsili kanl\u0131 maket bebekler ve oyuncaklar yere b\u0131rak\u0131ld\u0131.<\/p>\n<div>\n<div> <img decoding=\"async\" src=\"https:\/\/ekamu.net\/wp-content\/uploads\/2024\/06\/maket-bebekler-ve-oyuncaklar-ile-israil-protesto-edildi-0-nW5ulPjF.jpg\"\/><\/img> <\/div>\n<\/p><\/div>\n<\/p>\n<p><strong>Bing\u00f6l\u2019de 15 bin ki\u015fiden \u2018Gazze\u2019 y\u00fcr\u00fcy\u00fc\u015f\u00fc<\/strong><\/p>\n<p>Bing\u00f6l\u2019de yakla\u015f\u0131k 15 bin ki\u015finin kat\u0131l\u0131m\u0131yla, \u0130srail\u2019in sald\u0131r\u0131s\u0131 alt\u0131ndaki Gazze\u2019liler i\u00e7in y\u00fcr\u00fcy\u00fc\u015f d\u00fczenlendi.<\/p>\n<p>Kentte faaliyet g\u00f6steren Sivil Toplum Kurulu\u015flar\u0131 Platformu \u00f6nc\u00fcl\u00fc\u011f\u00fcnde toplanan yakla\u015f\u0131k 15 bin ki\u015fi, \u0130srail&#8217;in Gazze&#8217;ye y\u00f6nelik sald\u0131r\u0131lar\u0131n\u0131 protesto etmek amac\u0131yla Gen\u00e7 Caddesi\u2019ndeki Ulu Camii \u00f6n\u00fcnde topland\u0131. Ellerinde Filistin bayraklar\u0131yla y\u00fcr\u00fcy\u00fc\u015fe ge\u00e7en kalabal\u0131k, 6 kilometre boyunca y\u00fcr\u00fcyerek Kent Park\u2019a ula\u015ft\u0131.<\/p>\n<div>\n<div> <img decoding=\"async\" src=\"https:\/\/ekamu.net\/wp-content\/uploads\/2024\/06\/maket-bebekler-ve-oyuncaklar-ile-israil-protesto-edildi-1-AqvCJdIF.jpg\"\/><\/img> <\/div>\n<\/p><\/div>\n<\/p>\n<p>Grup ad\u0131na a\u00e7\u0131klamalarda bulunan Hamas yetkililerinden Talal Nassar, sava\u015f\u0131n nesil sava\u015f\u0131 oldu\u011funu ifade ederek, \u201c\u0130\u015fgal ile aram\u0131zdaki bu m\u00fccadelenin \u00f6zetini bir nesil m\u00fccadelesi olarak belirtmemiz gerekir. Nas\u0131l ki Selahaddin Eyy\u00fcbi Filistin\u2019i \u00f6zg\u00fcrle\u015ftirirken bir \u00f6zg\u00fcrl\u00fck nesli yeti\u015ftirilirken bug\u00fcn bize de d\u00fc\u015fen bu nesli yeti\u015ftirmektir. \u015eeyh Ahmed Yasin bug\u00fcn \u00f6zg\u00fcrl\u00fc\u011fe kat\u0131lan bu m\u00fccahitleri bu \u00f6zg\u00fcr ruhla tamam\u0131yla Kur\u2019an-\u0131 Kerim ile alakas\u0131 iyi olan Hz. Peygamber\u2019i s\u00fcnnetine ba\u011fl\u0131 bir \u015fekilde yeti\u015ftirdi. O y\u00fczden hepiniz g\u00f6r\u00fcn\u00fcyorsunuz, cihat meydan\u0131nda t\u00fcm s\u0131k\u0131nt\u0131lara ra\u011fmen Allah\u2019a hamd eksik olmuyor. Ve onlar bu \u015fekilde Ahmed-i Yasin\u2019in yeti\u015ftirmi\u015f bir nesil olarak bunlar\u0131 g\u00f6steriyorlar. O zaman bizim de Selahaddin\u2019in yeti\u015ftirdi\u011fi gibi bir nesil yeti\u015ftirmemiz laz\u0131m. \u00c7\u00fcnk\u00fc bizimle i\u015fgal g\u00fc\u00e7leri aras\u0131ndaki ter\u00f6r devleti aras\u0131ndaki sava\u015f asl\u0131nda bir nesil sava\u015f\u0131d\u0131r. Kendi neslimizi \u0130slam d\u00fcnyas\u0131nda devam eden bu t\u00fcr hareketleri i\u015fgalleri ortadan kald\u0131racak bir nesli yeti\u015ftirmekle sa\u011flayabiliriz\u201d dedi. <strong>Aziz \u00d6NAL \/ (DHA)<\/strong><\/p>\n\n<p>Kaynak :\u00a0<span style=\"background-color: rgb(255, 249, 236); color: rgb(55, 58, 60); font-size: 14px;\">http:\/\/www.milliyet.com.tr\/gundem\/maket-bebekler-ve-oyuncaklar-ile-israil-protesto-edildi-7135949<\/span><\/p>\n","protected":false},"excerpt":{"rendered":"<p>Malatya&#8217;da ve Bing\u00f6l&#8217;de \u0130srail\u2019in sald\u0131r\u0131s\u0131 alt\u0131ndaki Gazze\u2019liler i\u00e7in protesto y\u00fcr\u00fcy\u00fc\u015f\u00fc d\u00fczenlendi. Protestocular ellerinde maket bebekler ve oyuncaklar ile y\u00fcr\u00fcd\u00fc. \u0130\u015fte detaylar&#8230;<\/p>\n","protected":false},"author":1,"featured_media":28225,"comment_status":"open","ping_status":"open","sticky":false,"template":"","format":"standard","meta":{"footnotes":""},"categories":[3],"tags":[874,485,1756],"class_list":["post-28224","post","type-post","status-publish","format-standard","has-post-thumbnail","hentry","category-genel","tag-gazze","tag-nesil","tag-yuruyus"],"_links":{"self":[{"href":"https:\/\/ekamu.net\/index.php\/wp-json\/wp\/v2\/posts\/28224","targetHints":{"allow":["GET"]}}],"collection":[{"href":"https:\/\/ekamu.net\/index.php\/wp-json\/wp\/v2\/posts"}],"about":[{"href":"https:\/\/ekamu.net\/index.php\/wp-json\/wp\/v2\/types\/post"}],"author":[{"embeddable":true,"href":"https:\/\/ekamu.net\/index.php\/wp-json\/wp\/v2\/users\/1"}],"replies":[{"embeddable":true,"href":"https:\/\/ekamu.net\/index.php\/wp-json\/wp\/v2\/comments?post=28224"}],"version-history":[{"count":1,"href":"https:\/\/ekamu.net\/index.php\/wp-json\/wp\/v2\/posts\/28224\/revisions"}],"predecessor-version":[{"id":28228,"href":"https:\/\/ekamu.net\/index.php\/wp-json\/wp\/v2\/posts\/28224\/revisions\/28228"}],"wp:featuredmedia":[{"embeddable":true,"href":"https:\/\/ekamu.net\/index.php\/wp-json\/wp\/v2\/media\/28225"}],"wp:attachment":[{"href":"https:\/\/ekamu.net\/index.php\/wp-json\/wp\/v2\/media?parent=28224"}],"wp:term":[{"taxonomy":"category","embeddable":true,"href":"https:\/\/ekamu.net\/index.php\/wp-json\/wp\/v2\/categories?post=28224"},{"taxonomy":"post_tag","embeddable":true,"href":"https:\/\/ekamu.net\/index.php\/wp-json\/wp\/v2\/tags?post=28224"}],"curies":[{"name":"wp","href":"https:\/\/api.w.org\/{rel}","templated":true}]}}