{"id":28247,"date":"2024-06-09T18:24:05","date_gmt":"2024-06-09T18:24:05","guid":{"rendered":"https:\/\/ekamu.net\/?p=28247"},"modified":"2024-06-09T18:24:05","modified_gmt":"2024-06-09T18:24:05","slug":"kucukcekmecede-terasta-mangal-yaparken-binayi-yakti","status":"publish","type":"post","link":"https:\/\/ekamu.net\/index.php\/2024\/06\/09\/kucukcekmecede-terasta-mangal-yaparken-binayi-yakti\/","title":{"rendered":"K\u00fc\u00e7\u00fck\u00e7ekmece\u2019de terasta mangal yaparken binay\u0131 yakt\u0131"},"content":{"rendered":"<p><p>K\u00fc\u00e7\u00fck\u00e7ekmece\u2019de bir ki\u015fi binan\u0131n teras\u0131nda mangal yaparken \u00e7at\u0131y\u0131 yakt\u0131. Alevlerin y\u00fckselmesiyle korku dolu anlar ya\u015fan\u0131rken, yang\u0131n itfaiye ekipleri taraf\u0131ndan s\u00f6nd\u00fcr\u00fcld\u00fc.<\/p>\n<p>Yang\u0131n, saat 17.30 s\u0131ralar\u0131nda K\u00fc\u00e7\u00fck\u00e7ekmece Kanarya Mahallesi\u2019ndeki 4 katl\u0131 binan\u0131n \u00e7at\u0131 kat\u0131nda ya\u015fand\u0131. Edinilen bilgiye g\u00f6re, bir adam binan\u0131n teras\u0131nda mangal yapmak i\u00e7in ate\u015f yakt\u0131. Mangaldan s\u0131\u00e7rayan k\u0131v\u0131lc\u0131mlar \u00e7at\u0131da yang\u0131n \u00e7\u0131kard\u0131. Alevlerin y\u00fckseldi\u011fini g\u00f6ren vatanda\u015flar binay\u0131 bo\u015falt\u0131rken ihbar \u00fczerine itfaiye ve polis ekipleri sevk edildi. Polis \u00e7evrede g\u00fcvenlik \u00f6nlemi al\u0131rken, itfaiye ekipleri yang\u0131na m\u00fcdahale etti.<\/p>\n<p>Yang\u0131n di\u011fer binalara s\u0131\u00e7ramadan kontrol alt\u0131na al\u0131narak s\u00f6nd\u00fcr\u00fcld\u00fc. Panik olu\u015fturan yang\u0131n sonucu \u00e7at\u0131da maddi hasar meydana geldi.<\/p>\n<p>Olayla ilgili inceleme s\u00fcr\u00fcyor.<\/p>\n\n<p>Kaynak :\u00a0<span style=\"background-color: rgb(255, 249, 236); color: rgb(55, 58, 60); font-size: 14px;\">http:\/\/www.milliyet.com.tr\/gundem\/kucukcekmecede-terasta-mangal-yaparken-binayi-yakti-7135962<\/span><\/p>\n","protected":false},"excerpt":{"rendered":"<p>K\u00fc\u00e7\u00fck\u00e7ekmece\u2019de bir vatanda\u015f evinin teras\u0131nda mangal yaparken \u00e7at\u0131y\u0131 yakt\u0131. \u0130tfaiye ekipleri yang\u0131na m\u00fcdahale etti. \u0130\u015fte detaylar&#8230;<\/p>\n","protected":false},"author":1,"featured_media":28248,"comment_status":"open","ping_status":"open","sticky":false,"template":"","format":"standard","meta":{"footnotes":""},"categories":[3],"tags":[620],"class_list":["post-28247","post","type-post","status-publish","format-standard","has-post-thumbnail","hentry","category-genel","tag-yangin"],"_links":{"self":[{"href":"https:\/\/ekamu.net\/index.php\/wp-json\/wp\/v2\/posts\/28247","targetHints":{"allow":["GET"]}}],"collection":[{"href":"https:\/\/ekamu.net\/index.php\/wp-json\/wp\/v2\/posts"}],"about":[{"href":"https:\/\/ekamu.net\/index.php\/wp-json\/wp\/v2\/types\/post"}],"author":[{"embeddable":true,"href":"https:\/\/ekamu.net\/index.php\/wp-json\/wp\/v2\/users\/1"}],"replies":[{"embeddable":true,"href":"https:\/\/ekamu.net\/index.php\/wp-json\/wp\/v2\/comments?post=28247"}],"version-history":[{"count":1,"href":"https:\/\/ekamu.net\/index.php\/wp-json\/wp\/v2\/posts\/28247\/revisions"}],"predecessor-version":[{"id":28249,"href":"https:\/\/ekamu.net\/index.php\/wp-json\/wp\/v2\/posts\/28247\/revisions\/28249"}],"wp:featuredmedia":[{"embeddable":true,"href":"https:\/\/ekamu.net\/index.php\/wp-json\/wp\/v2\/media\/28248"}],"wp:attachment":[{"href":"https:\/\/ekamu.net\/index.php\/wp-json\/wp\/v2\/media?parent=28247"}],"wp:term":[{"taxonomy":"category","embeddable":true,"href":"https:\/\/ekamu.net\/index.php\/wp-json\/wp\/v2\/categories?post=28247"},{"taxonomy":"post_tag","embeddable":true,"href":"https:\/\/ekamu.net\/index.php\/wp-json\/wp\/v2\/tags?post=28247"}],"curies":[{"name":"wp","href":"https:\/\/api.w.org\/{rel}","templated":true}]}}