{"id":28809,"date":"2024-06-09T22:48:05","date_gmt":"2024-06-09T22:48:05","guid":{"rendered":"https:\/\/ekamu.net\/?p=28809"},"modified":"2024-06-09T22:48:05","modified_gmt":"2024-06-09T22:48:05","slug":"kimler-geldi-kimler-gecti","status":"publish","type":"post","link":"https:\/\/ekamu.net\/index.php\/2024\/06\/09\/kimler-geldi-kimler-gecti\/","title":{"rendered":"Kimler geldi kimler ge\u00e7ti"},"content":{"rendered":"<p><p>Erden Timur\u2019a laf\u0131m yok. Ama G.Sarayl\u0131 taraftarlar\u0131n ona bu kadar ba\u011f\u0131ml\u0131 olmas\u0131n\u0131 anlam\u0131yorum.<br \/>Galatasaray kimleri g\u00f6rd\u00fc. Alp Yalman, Ali D\u00fcr\u00fcst, Ergun G\u00fcrsoy, Yurda\u015fen Karahasan, Haldun \u00dcst\u00fcnel daha kimler kimler&#8230;<br \/>Bu adamlar bu kul\u00fcb\u00fc Avrupa \u015eampiyonu yapt\u0131. Y\u0131llarca Galatasaray efsanesinin temellerini att\u0131. Tamam Erden bey k\u00f6t\u00fc demiyorum. Ama daha bu isimlerin boyutuna gelmesi i\u00e7in \u00f6n\u00fcnde \u00e7ok yol var.<br \/>\u00dcstelik biten sezona bakal\u0131m. Tete, Ndoblele, Zaha, Roberto Carlos diye al\u0131nan Angelinho&#8230;<br \/>Daha da var. Hepsi f\u0131s. Bo\u015fa giden paralar. Bu transferleri kim yapt\u0131? Hem de milyon Eurolar gitti.<br \/>Abd\u00fcrrahim Albayrak, Falcao\u2019ya \u00fc\u00e7 be\u015f fazla verdi diye adama neler yap\u0131ld\u0131.<br \/>Peki bu paralar\u0131 kim \u00f6deyecek \u015fimdi?<br \/>\u0130nat u\u011fruna, \u00e7al\u0131m u\u011fruna at\u0131lan bu imzalar\u0131n hesab\u0131n\u0131 kim verecek?<br \/>\u0130cardi\u2019ye y\u0131ll\u0131k 10 milyon Euro\u2019ya yak\u0131n para veriyorsun. Y\u0131lda 6 ya da 7 \u00f6zel u\u00e7ak s\u00f6z\u00fc d\u0131\u015f\u0131nda daha bir \u00e7ok y\u00fck\u00fcml\u00fcl\u00fc\u011f\u00fc var Galatasaray\u2019\u0131n&#8230; Ama adam her kuru\u015fun hakk\u0131n\u0131 verdi.<br \/>Peki ya \u00f6tekiler ne olacak? Avrupa ba\u015far\u0131s\u0131zl\u0131\u011f\u0131n\u0131n sebebi bu transferler.<br \/>Kusura bakmay\u0131n ama Erden bey, \u0130cardi\u2019de nas\u0131l en b\u00fcy\u00fck rol\u00fc \u00fcstlendiyse bu y\u0131lki transferlerde de tamamen ba\u015far\u0131s\u0131z.<br \/>Yani o gider ba\u015fkas\u0131 gelir. Bu kadar dert etmeye gerek yok.<br \/>Erden bey de iki y\u0131l sonra ba\u015fkan olur.<\/p>\n<p><strong>Aman dikkat!!<br \/> <\/strong><br \/>Mo \u00fclkemize geldi. Hep birlikte bunun tad\u0131n\u0131 \u00e7\u0131karal\u0131m.<br \/>Lig rengarenk olacak. Uluslararas\u0131 alanda Mo sayesinde daha \u00e7ok izlenecek ve daha \u00e7ok ilgi g\u00f6recek.<br \/>F.Bah\u00e7e\u2019ye hay\u0131rl\u0131 olsun.<br \/>Beni paras\u0131 filan ilgilendirmiyor. \u00d6nemli olan bu tip adamlar\u0131n \u00fclkemize gelmesi. Bedavaya da getiremezsin. Bast\u0131racaks\u0131n paray\u0131 gelecekler.<br \/>\u015eimdiden adama lakap bulmalar ba\u015flad\u0131.<br \/>Ben olsam hi\u00e7 u\u011fra\u015fmam. Ona yapaca\u011f\u0131n\u0131z her sata\u015fma bu adam\u0131 ayr\u0131 motive edecektir. Ba\u015f\u0131n\u0131za dert al\u0131rs\u0131n\u0131z. Aman dikkat.<br \/>O y\u00fczden Mo yeter bence.<br \/>K\u0131saca \u015funu yazal\u0131m.<br \/>Fenerbah\u00e7e\u2019nin ona, Mo\u2019nun Fenerbah\u00e7e\u2019ye ihtiyac\u0131 vard\u0131.<br \/>\u0130smail hoca derseniz. Benim i\u00e7in Olympiakos ilk ma\u00e7\u0131nda t\u00fcm h\u00fckm\u00fcn\u00fc yitirdi.<\/p>\n<p><strong>Sindirme meselesi<\/strong><\/p>\n<p>Dursun ba\u015fkan Erden beyi istiyor mu istemiyor mu?<br \/>Bence istemiyor. Bunu a\u00e7\u0131k a\u00e7\u0131k s\u00f6ylemiyor ama istemedi\u011fi net belli.<br \/>\u015eimdi biraz daha bekleyecek ve tepkiyi \u00f6l\u00e7ecek.<br \/>Belki fikrini de\u011fi\u015ftirir.<br \/>Ama Dursun ba\u015fkan Metin \u00d6zt\u00fcrk\u2019\u00fc listesine ald\u0131ysa bu Erden beyi istememesinin net kan\u0131t\u0131.<br \/>\u0130kisi bir daha yan yana olmaz. Bence Erden bey bu konuda hakl\u0131.<br \/>\u00c7\u00fcnk\u00fc Erden bey 2 y\u0131l boyunca masa ba\u015flar\u0131nda kendisi aleyhine konu\u015fan \u00d6zt\u00fcrk\u2019ten \u00e7ok \u015fey duydu. Bunlar\u0131 sindiremez.<br \/>\u015eampiyonluk t\u00f6renlerinde trib\u00fcnler de \u00d6zt\u00fcrk\u2019\u00fc yuhalad\u0131 sanki her \u015feyi biliyorlarm\u0131\u015f gibi.<br \/>Dursun ba\u015fkan Erden Timur\u2019u bu y\u0131lki transfer ba\u015far\u0131s\u0131zl\u0131\u011f\u0131na ra\u011fmen tehlike an\u0131nda ortaya at\u0131lacak bir isim olarak elinde tutuyordu. Hep 2. planda kald\u0131. Bir tek Riyad\u2019da Erden bey geri \u00e7ekildi.<br \/>\u015eimdi ne yapacak \u00e7ok merak ediyorum.<br \/>Art\u0131k Erden Timur ismi \u00f6n\u00fcm\u00fczdeki iki y\u0131l boyunca ona b\u00fcy\u00fck dert olacak.<\/p>\n<p><strong>Ti\u015f\u00f6rt<\/strong><\/p>\n<p>Galatasaray \u015fampiyonluktan hemen sonra \u00fczerine \u201c\u0130yiler her zaman kazan\u0131r\u201d ti\u015f\u00f6rt\u00fcn\u00fc giydi.<br \/>Bu ti\u015f\u00f6rt b\u00fcy\u00fck bir sorumluluk. Seneye \u015fampiyon olamad\u0131 diyelim. O zaman kazanan tak\u0131m iyi sen k\u00f6t\u00fc m\u00fc olacaks\u0131n?<br \/>Peki bunu yaz\u0131p \u00e7\u0131kt\u0131n.<br \/>Hemen ayn\u0131 ak\u015fam Okan hocan\u0131n anneler \u00fczerinden k\u00fcf\u00fcrlere kat\u0131lmas\u0131 seni iyi mi yapar?<br \/>Sen taraftar de\u011filsin ki? Okan hoca gibi \u00e7ok iyi tan\u0131d\u0131\u011f\u0131m bir hocan\u0131n bunu s\u00f6ylemesi ve hala bir \u00f6z\u00fcr bile dilememesi beni \u00e7ok \u015fa\u015f\u0131rtt\u0131. Ve hala o \u00f6z\u00fcr\u00fc dileyece\u011fini d\u00fc\u015f\u00fcn\u00fcyorum. E\u011fer anneler i\u015fin i\u00e7ine giriyorsa akan sular durmal\u0131.<br \/>Diyece\u011fim o ki e\u011fer \u00fcst\u00fcne b\u00f6yle anlaml\u0131 bir s\u00f6z ta\u015f\u0131yan ti\u015f\u00f6rt giyiyorsan sonras\u0131n\u0131 d\u00fc\u015f\u00fcneceksin. Tartacaks\u0131n.<br \/>Ama sen daha ayn\u0131 gece o ti\u015f\u00f6rt\u00fcn anlam\u0131n\u0131 yerle bir ettin.<\/p>\n\n<p>Kaynak :\u00a0<span style=\"background-color: rgb(255, 249, 236); color: rgb(55, 58, 60); font-size: 14px;\">http:\/\/www.milliyet.com.tr\/skorer\/halil-ozer\/kimler-geldi-kimler-gecti-7135991<\/span><\/p>\n","protected":false},"excerpt":{"rendered":"<p>Erden Timur\u2019a laf\u0131m yok. Ama G.Sarayl\u0131 taraftarlar\u0131n ona bu kadar ba\u011f\u0131ml\u0131 olmas\u0131n\u0131 anlam\u0131yorum.Galatasaray kimleri g\u00f6rd\u00fc. Alp Yalman, Ali D\u00fcr\u00fcst, Ergun G\u00fcrsoy, Yurda\u015fen Karahasan, Haldun \u00dcst\u00fcnel daha kimler kimler&#8230;Bu adamlar bu kul\u00fcb\u00fc Avrupa &#8230;<\/p>\n","protected":false},"author":1,"featured_media":28810,"comment_status":"open","ping_status":"open","sticky":false,"template":"","format":"standard","meta":{"footnotes":""},"categories":[8],"tags":[1773,1772,1774,783,1345],"class_list":["post-28809","post","type-post","status-publish","format-standard","has-post-thumbnail","hentry","category-teknoloji","tag-adam","tag-erden-bey","tag-kim","tag-para","tag-sen"],"_links":{"self":[{"href":"https:\/\/ekamu.net\/index.php\/wp-json\/wp\/v2\/posts\/28809","targetHints":{"allow":["GET"]}}],"collection":[{"href":"https:\/\/ekamu.net\/index.php\/wp-json\/wp\/v2\/posts"}],"about":[{"href":"https:\/\/ekamu.net\/index.php\/wp-json\/wp\/v2\/types\/post"}],"author":[{"embeddable":true,"href":"https:\/\/ekamu.net\/index.php\/wp-json\/wp\/v2\/users\/1"}],"replies":[{"embeddable":true,"href":"https:\/\/ekamu.net\/index.php\/wp-json\/wp\/v2\/comments?post=28809"}],"version-history":[{"count":1,"href":"https:\/\/ekamu.net\/index.php\/wp-json\/wp\/v2\/posts\/28809\/revisions"}],"predecessor-version":[{"id":28811,"href":"https:\/\/ekamu.net\/index.php\/wp-json\/wp\/v2\/posts\/28809\/revisions\/28811"}],"wp:featuredmedia":[{"embeddable":true,"href":"https:\/\/ekamu.net\/index.php\/wp-json\/wp\/v2\/media\/28810"}],"wp:attachment":[{"href":"https:\/\/ekamu.net\/index.php\/wp-json\/wp\/v2\/media?parent=28809"}],"wp:term":[{"taxonomy":"category","embeddable":true,"href":"https:\/\/ekamu.net\/index.php\/wp-json\/wp\/v2\/categories?post=28809"},{"taxonomy":"post_tag","embeddable":true,"href":"https:\/\/ekamu.net\/index.php\/wp-json\/wp\/v2\/tags?post=28809"}],"curies":[{"name":"wp","href":"https:\/\/api.w.org\/{rel}","templated":true}]}}