{"id":29162,"date":"2024-06-10T01:36:04","date_gmt":"2024-06-10T01:36:04","guid":{"rendered":"https:\/\/ekamu.net\/?p=29162"},"modified":"2024-06-10T01:36:04","modified_gmt":"2024-06-10T01:36:04","slug":"yanmis-insan-eti-kokusu","status":"publish","type":"post","link":"https:\/\/ekamu.net\/index.php\/2024\/06\/10\/yanmis-insan-eti-kokusu\/","title":{"rendered":"Yanm\u0131\u015f insan eti kokusu"},"content":{"rendered":"<p><p>Refah\u2019ta, \u00e7ad\u0131rlara doldurduklar\u0131 insanlar\u0131 cay\u0131r cay\u0131r yakt\u0131lar. Duman\u0131, yanan insan eti kokusunu atmosfere kar\u0131\u015ft\u0131rd\u0131.\u00a0<\/p>\n<p>\u2018\u2019Kelebek etkisi\u2019\u2019ne g\u00f6re, havadaki insan eti kokusu d\u00fcnyan\u0131n geri kalan\u0131n\u0131n da burun deliklerinden girdi.\u00a0<\/p>\n<p>Auschwitz\u2019de Nazilerin Yahudileri yakmas\u0131n\u0131 kimseler g\u00f6rmemi\u015fti. Kamp\u0131n dibinde huzurla ya\u015fayanlar bile bilmemi\u015fti.\u00a0<\/p>\n<p>Refah\u2019ta olanlar ise d\u00fcnyan\u0131n g\u00f6zleri \u00f6n\u00fcnde. Vah\u015fetin pornografisini izliyor herkes, ger\u00e7e\u011fin i\u00e7i bo\u015fal\u0131yor. Yak\u0131lan insan haberinden e\u011flenceli haberlere ge\u00e7erken, izleyici de yak\u0131lan insan g\u00f6r\u00fcnt\u00fclerine \u00fcz\u00fcl\u00fcrken \u00e7ekirdek \u00e7itleyebiliyor.\u00a0<\/p>\n<p>Auschwitz\u2019de, Yahudi insanlar yak\u0131lm\u0131\u015ft\u0131, Refah\u2019ta yak\u0131lanlar ise d\u00fcnyan\u0131n bir kesimine g\u00f6re insan de\u011fil, ayr\u0131k otlar\u0131!\u00a0<\/p>\n<p>Korkun\u00e7 de\u011fil mi?\u00a0<\/p>\n<p>Bat\u0131 i\u00e7in kendi anlay\u0131\u015f\u0131 d\u0131\u015f\u0131nda kalanlar, d\u00fczeni bozan, huzuru ka\u00e7\u0131ran, yok edilmesi gereken zararl\u0131 canl\u0131 t\u00fcrleridir.\u00a0<\/p>\n<p>Bah\u00e7eyi kaplayan ayr\u0131k otlar\u0131 gibi, ay\u0131klan\u0131p yok edilmeleri gerekir.\u00a0<\/p>\n<p>Onlar i\u00e7in s\u0131n\u0131rl\u0131 kaynaklar, mesela bah\u00e7edeki topraklar, zararl\u0131larla payla\u015f\u0131lamaz.\u00a0<\/p>\n<p>Yakmalar\u0131n\u0131n ba\u015fka ne gerek\u00e7esi olabilir? \u0130srail\u2019e bomba atan onlar de\u011fildi, rehineleri onlar ka\u00e7\u0131rmam\u0131\u015flard\u0131.\u00a0<\/p>\n<p>Sadece kendilerine benzemiyorlard\u0131, de\u011fer sistemleri farkl\u0131yd\u0131.\u00a0<\/p>\n<p>Afrika\u2019da, Irak\u2019ta, Afganistan\u2019da \u00f6ld\u00fcr\u00fclenler de ayr\u0131k otuydu. Gereksizdiler, fazlayd\u0131lar, zararl\u0131yd\u0131lar.\u00a0<\/p>\n<p>ABD, AB, \u0130srail i\u00e7in yak\u0131lan insanlar\u0131n, toplay\u0131p yak\u0131lan ayr\u0131k otlar\u0131ndan ya da \u00e7\u00f6pe at\u0131lan \u201cat\u0131k\u201dlar\u0131n imha edilmesinden bir fark\u0131 yoktur.\u00a0<\/p>\n<p>Bu vah\u015fete sessiz kalmak bir g\u00fcn ayr\u0131k otu olmay\u0131 g\u00f6ze almak demektir.\u00a0<\/p>\n<p><strong>\u00dcnl\u00fc anne ve k\u0131z\u0131n y\u00fcz\u00fcm\u00fcze att\u0131\u011f\u0131 tokat\u00a0<\/strong><\/p>\n<p>Deniz Akkaya ve 16 ya\u015f\u0131ndaki k\u0131z\u0131 birbirlerine \u015fiddet uygulay\u0131nca i\u015fe polisler, Aile Bakanl\u0131\u011f\u0131 kar\u0131\u015ft\u0131.\u00a0<\/p>\n<p>Ergenlerle ili\u015fkilerdeki gerilim bir \u00fcnl\u00fc \u00fczerinden ortaya serilmi\u015f oldu.\u00a0<\/p>\n<p>Konunun Akkaya \u00f6zelinde gerek\u00e7eleri var. Daha minik bir \u00e7ocukken k\u0131z\u0131n\u0131 medyan\u0131n \u00f6n\u00fcne atan, foto\u011fraflar\u0131n\u0131 payla\u015fan kendisiydi.\u00a0<\/p>\n<p>Ancak, anne baban\u0131n ergenle ileti\u015fim krizi pek \u00e7ok evde ya\u015fan\u0131yor. \u00c7aresiz kalanlar var, umursamay\u0131p sonu\u00e7ta kaybolan \u00e7ocuklar var.\u00a0<\/p>\n<p>Birka\u00e7 not b\u0131rakay\u0131m;\u00a0<\/p>\n<p>Bir, \u00f6zg\u00fcrl\u00fck kavram\u0131m\u0131z her d\u00fczeyde sorunlu. \u00d6zg\u00fcr olmak, diledi\u011fi her \u015feyi yapabilmek olarak alg\u0131lan\u0131yor. \u00c7ocuklar\u0131n\u0131 \u00f6zg\u00fcr yeti\u015ftirmekle \u00f6v\u00fcnenler var. \u00c7ocuklar \u00f6zg\u00fcr yeti\u015ftirilemez, o zaman da\u011f\u0131l\u0131r, kaybolurlar. S\u0131n\u0131rlar, kurallar, ilkeler olmal\u0131d\u0131r.\u00a0<\/p>\n<p>\u0130ki, yeni teknolojiler en \u00e7ok bizim gibi teknoloji kullan\u0131c\u0131s\u0131 \u00fclkelerde sorun olu\u015fturuyor. \u00dcreten \u00fclkeler teknolojiyi s\u0131n\u0131rlamay\u0131 biliyor. \u00c7ocu\u011fa cep telefonu vermenin ya\u015f\u0131, s\u00fcresi, i\u00e7eri\u011fi s\u0131n\u0131rlanmal\u0131d\u0131r. Konuyu anne babaya b\u0131rakmakla olmuyor.\u00a0<\/p>\n<p>\u00dc\u00e7, ev ve okulda disiplin olumsuz bir kavram gibi alg\u0131lan\u0131yor. Disiplinli \u00f6\u011fretmenler d\u0131\u015flan\u0131yor, uyar\u0131l\u0131yor. Oysa \u015fiddete dayanmayan disiplin, \u00e7ocu\u011fa yap\u0131lacak en b\u00fcy\u00fck iyiliktir.\u00a0<\/p>\n<p>D\u00f6rt, \u00e7ocuk s\u00f6yleneni de\u011fil, g\u00f6rd\u00fc\u011f\u00fcn\u00fc \u00f6\u011frenir. Anne babalar \u00f6nce kendi davran\u0131\u015flar\u0131n\u0131 g\u00f6zden ge\u00e7irmeliler.\u00a0<\/p>\n<p><strong>Vasat m\u0131y\u0131z, z\u0131r cahil mi?\u00a0<\/strong><\/p>\n<p>Spor yorumcusu dostum, \u201cNeden ekranlar\u0131 vasatlar dolduruyor?\u201d diye sordu.\u00a0<\/p>\n<p>\u201cOrtam vasatsa, vasatlar caziptir\u201d dedim. Sustu.\u00a0<\/p>\n<p>Sokak r\u00f6portaj\u0131nda tesett\u00fcrl\u00fc bir kad\u0131na \u201cson peygamber\u201d soruluyor. \u201cBilmiyorum\u201d diyor, \u201cya\u015f\u0131m k\u00fc\u00e7\u00fck, 98\u2019liyim.\u201d\u00a0<\/p>\n<p>Uluslararas\u0131 ili\u015fkiler \u00fc\u00e7\u00fcnc\u00fc s\u0131n\u0131f \u00f6\u011frencisi de \u00c7in\u2019in ba\u015fkentini bilemedi\u011finde, \u201cO konuya gelmedik\u201d demi\u015fti.\u00a0<\/p>\n<p>\u0130kisine de sosyal medya fenomenlerini sorsan\u0131z, ayr\u0131nt\u0131l\u0131 listesini yapabilirlerdi.\u00a0<\/p>\n<p>E\u011fitim politikalar\u0131, e\u011fitim bakanlar\u0131n\u0131n ki\u015fisel g\u00f6r\u00fc\u015flerine b\u0131rak\u0131lamayacak kadar \u00f6nemlidir.\u00a0<\/p>\n<p><strong>Akl\u0131mda kalan\u00a0<\/strong><\/p>\n<p>Ali Ko\u00e7 i\u00e7in hissetti\u011fim \u00fcz\u00fcnt\u00fc: Ka\u00e7 defa yazd\u0131m hat\u0131rlam\u0131yorum, Ali Ko\u00e7 d\u00fcnyan\u0131n en iyi insan\u0131 olabilir, ancak ileti\u015fimi \u00e7ok fena. B\u00fcy\u00fck olas\u0131l\u0131k kafas\u0131na g\u00f6re tak\u0131l\u0131yor. Halbuki sadece ileti\u015fimini d\u00fczeltse, Fenerbah\u00e7e ve kendisi i\u00e7in pek \u00e7ok \u015feyi d\u00fczeltebilirdi.\u00a0<\/p>\n\n<p>Kaynak :\u00a0<span style=\"background-color: rgb(255, 249, 236); color: rgb(55, 58, 60); font-size: 14px;\">http:\/\/www.milliyet.com.tr\/yazarlar\/prof-dr-nuran-yildiz\/yanmis-insan-eti-kokusu-7136034<\/span><\/p>\n","protected":false},"excerpt":{"rendered":"<p>Refah\u2019ta, \u00e7ad\u0131rlara doldurduklar\u0131 insanlar\u0131 cay\u0131r cay\u0131r yakt\u0131lar. Duman\u0131, yanan insan eti kokusunu atmosfere kar\u0131\u015ft\u0131rd\u0131.\u00a0 \u2018\u2019Kelebek etkisi\u2019\u2019ne g\u00f6re, havadaki insan eti kokusu d\u00fcnyan\u0131n geri kalan\u0131n\u0131n da burun deliklerinden girdi.\u00a0 Auschwitz\u2019de &#8230;<\/p>\n","protected":false},"author":1,"featured_media":29163,"comment_status":"open","ping_status":"open","sticky":false,"template":"","format":"standard","meta":{"footnotes":""},"categories":[8],"tags":[1797,296,420,1798],"class_list":["post-29162","post","type-post","status-publish","format-standard","has-post-thumbnail","hentry","category-teknoloji","tag-ayrik","tag-cocuk","tag-insan","tag-yakilan"],"_links":{"self":[{"href":"https:\/\/ekamu.net\/index.php\/wp-json\/wp\/v2\/posts\/29162","targetHints":{"allow":["GET"]}}],"collection":[{"href":"https:\/\/ekamu.net\/index.php\/wp-json\/wp\/v2\/posts"}],"about":[{"href":"https:\/\/ekamu.net\/index.php\/wp-json\/wp\/v2\/types\/post"}],"author":[{"embeddable":true,"href":"https:\/\/ekamu.net\/index.php\/wp-json\/wp\/v2\/users\/1"}],"replies":[{"embeddable":true,"href":"https:\/\/ekamu.net\/index.php\/wp-json\/wp\/v2\/comments?post=29162"}],"version-history":[{"count":1,"href":"https:\/\/ekamu.net\/index.php\/wp-json\/wp\/v2\/posts\/29162\/revisions"}],"predecessor-version":[{"id":29164,"href":"https:\/\/ekamu.net\/index.php\/wp-json\/wp\/v2\/posts\/29162\/revisions\/29164"}],"wp:featuredmedia":[{"embeddable":true,"href":"https:\/\/ekamu.net\/index.php\/wp-json\/wp\/v2\/media\/29163"}],"wp:attachment":[{"href":"https:\/\/ekamu.net\/index.php\/wp-json\/wp\/v2\/media?parent=29162"}],"wp:term":[{"taxonomy":"category","embeddable":true,"href":"https:\/\/ekamu.net\/index.php\/wp-json\/wp\/v2\/categories?post=29162"},{"taxonomy":"post_tag","embeddable":true,"href":"https:\/\/ekamu.net\/index.php\/wp-json\/wp\/v2\/tags?post=29162"}],"curies":[{"name":"wp","href":"https:\/\/api.w.org\/{rel}","templated":true}]}}