{"id":30131,"date":"2024-06-10T12:48:07","date_gmt":"2024-06-10T12:48:07","guid":{"rendered":"https:\/\/ekamu.net\/?p=30131"},"modified":"2024-06-10T12:48:07","modified_gmt":"2024-06-10T12:48:07","slug":"son-dakika-istanbulda-bina-coktu-enkaz-altinda-kalanlar-var","status":"publish","type":"post","link":"https:\/\/ekamu.net\/index.php\/2024\/06\/10\/son-dakika-istanbulda-bina-coktu-enkaz-altinda-kalanlar-var\/","title":{"rendered":"Son dakika: \u0130stanbul&#8217;da bina \u00e7\u00f6kt\u00fc! Enkaz alt\u0131nda kalanlar var"},"content":{"rendered":"<p><p>\u0130stanbul K\u00fc\u00e7\u00fck\u00e7ekmece\u2019de bina \u00e7\u00f6kt\u00fc. K\u00fc\u00e7\u00fck\u00e7ekmece\u2019ye ba\u011fl\u0131 Kartaltepe Mahallesi\u2019nde bir bina hen\u00fcz belirlenemeyen bir nedenle \u00e7\u00f6kt\u00fc.<br \/>Olay sonras\u0131 \u00e7ok say\u0131da itfaiye ve sa\u011fl\u0131k ekibi olay yerine sevk edildi.<\/p>\n<p>Olay yerinden geli\u015fmeleri anbean aktar\u0131yoruz&#8230;<\/p>\n<section>\n<div>\n<div> <span>09:12<\/span> <span>02 Haziran 2024<\/span> <\/p>\n<div> ENKAZ ALTINDAN SESLER GEL\u0130YOR <\/div>\n<div>\n<p>B\u00f6lgeden bilgileri CNN T\u00fcrk Muhabiri \u00dcmit Uzun aktard\u0131: Burada ciddi bir durum s\u00f6z konusu, bir \u00e7\u00f6kme meydana geldi. Enkaz alt\u0131nda kalanlar var. Pazar sabah\u0131 meydana gelen bir olaydan s\u00f6z ediyoruz. \u015eu anda ekipler burada yo\u011fun bir \u00e7al\u0131\u015fma y\u00fcr\u00fct\u00fcyor. Enkaz alt\u0131ndan sesler geldi\u011fi y\u00f6n\u00fcnde bilgiler var. Ciddi bir \u00e7\u00f6kmeden s\u00f6z ediyoruz. Ekiplerin \u00e7al\u0131\u015fma y\u00fcr\u00fctt\u00fc\u011f\u00fcn\u00fc s\u00f6yleyelim. \u00c7evrede geni\u015f g\u00fcvenlik \u00f6nlemleri al\u0131nd\u0131. Pazar g\u00fcn\u00fc \u00e7o\u011fu ki\u015finin evde oldu\u011fu s\u00f6yleniyor. Binada enkaz alt\u0131nda sesler geldi\u011fini \u00f6\u011frendik.<\/p>\n<p><img decoding=\"async\" src=\"https:\/\/ekamu.net\/wp-content\/uploads\/2024\/06\/son-dakika-istanbulda-bina-coktu-enkaz-altinda-kalanlar-var-0-AvdeFSG1.jpg\"\/><\/img><\/p>\n<\/div>\n<div>\n<div>\n<div> <span> <img decoding=\"async\" src=\"https:\/\/ekamu.net\/wp-content\/uploads\/2024\/06\/son-dakika-istanbulda-bina-coktu-enkaz-altinda-kalanlar-var-1-iUGTu68b.jpg\"\/><\/img> <\/span> <\/div>\n<\/p><\/div>\n<\/p><\/div>\n<\/p><\/div>\n<\/p><\/div>\n<div>\n<div> <img decoding=\"async\" src=\"https:\/\/ekamu.net\/wp-content\/uploads\/2024\/06\/son-dakika-istanbulda-bina-coktu-enkaz-altinda-kalanlar-var-2-Cf1z4Czm.jpg\"\/><\/img> <\/p>\n<p><b>Canl\u0131 Anlat\u0131m \u00d6zeti<\/b><\/p>\n<\/div>\n<ul>\n<li> <img decoding=\"async\" src=\"https:\/\/ekamu.net\/wp-content\/uploads\/2024\/06\/son-dakika-istanbulda-bina-coktu-enkaz-altinda-kalanlar-var-3-HZFNgu6K.jpg\"\/><\/img> ENKAZ ALTINDAN SESLER GEL\u0130YOR <\/li>\n<\/ul><\/div>\n<\/section>\n<p>\u00a0<\/p>\n\n<p>Kaynak :\u00a0<span style=\"background-color: rgb(255, 249, 236); color: rgb(55, 58, 60); font-size: 14px;\">http:\/\/www.milliyet.com.tr\/gundem\/live-istanbulda-bina-coktu-cok-sayida-ekip-sevk-edildi-7136072<\/span><\/p>\n","protected":false},"excerpt":{"rendered":"<p>\u0130stanbul&#8217;da K\u00fc\u00e7\u00fck\u00e7ekmece Kartaltepe Mahallesi&#8217;nde bir bina hen\u00fcz belirlenemeyen bir nedenle \u00e7\u00f6kt\u00fc. Olay yerine \u00e7ok say\u0131da itfaiye ve sa\u011fl\u0131k ekibi sevk edildi. Enkaz alt\u0131nda kalanlar var.<\/p>\n","protected":false},"author":1,"featured_media":30132,"comment_status":"open","ping_status":"open","sticky":false,"template":"","format":"standard","meta":{"footnotes":""},"categories":[3],"tags":[],"class_list":["post-30131","post","type-post","status-publish","format-standard","has-post-thumbnail","hentry","category-genel"],"_links":{"self":[{"href":"https:\/\/ekamu.net\/index.php\/wp-json\/wp\/v2\/posts\/30131","targetHints":{"allow":["GET"]}}],"collection":[{"href":"https:\/\/ekamu.net\/index.php\/wp-json\/wp\/v2\/posts"}],"about":[{"href":"https:\/\/ekamu.net\/index.php\/wp-json\/wp\/v2\/types\/post"}],"author":[{"embeddable":true,"href":"https:\/\/ekamu.net\/index.php\/wp-json\/wp\/v2\/users\/1"}],"replies":[{"embeddable":true,"href":"https:\/\/ekamu.net\/index.php\/wp-json\/wp\/v2\/comments?post=30131"}],"version-history":[{"count":1,"href":"https:\/\/ekamu.net\/index.php\/wp-json\/wp\/v2\/posts\/30131\/revisions"}],"predecessor-version":[{"id":30137,"href":"https:\/\/ekamu.net\/index.php\/wp-json\/wp\/v2\/posts\/30131\/revisions\/30137"}],"wp:featuredmedia":[{"embeddable":true,"href":"https:\/\/ekamu.net\/index.php\/wp-json\/wp\/v2\/media\/30132"}],"wp:attachment":[{"href":"https:\/\/ekamu.net\/index.php\/wp-json\/wp\/v2\/media?parent=30131"}],"wp:term":[{"taxonomy":"category","embeddable":true,"href":"https:\/\/ekamu.net\/index.php\/wp-json\/wp\/v2\/categories?post=30131"},{"taxonomy":"post_tag","embeddable":true,"href":"https:\/\/ekamu.net\/index.php\/wp-json\/wp\/v2\/tags?post=30131"}],"curies":[{"name":"wp","href":"https:\/\/api.w.org\/{rel}","templated":true}]}}