{"id":3115,"date":"2024-05-28T19:24:14","date_gmt":"2024-05-28T19:24:14","guid":{"rendered":"https:\/\/ekamu.net\/?p=3115"},"modified":"2024-05-28T19:24:14","modified_gmt":"2024-05-28T19:24:14","slug":"bakan-goktas-avusturyadaki-turk-toplumunun-temsilcileriyle-gorustu","status":"publish","type":"post","link":"https:\/\/ekamu.net\/index.php\/2024\/05\/28\/bakan-goktas-avusturyadaki-turk-toplumunun-temsilcileriyle-gorustu\/","title":{"rendered":"Bakan G\u00f6kta\u015f, Avusturya&#8217;daki T\u00fcrk toplumunun temsilcileriyle g\u00f6r\u00fc\u015ft\u00fc"},"content":{"rendered":"<p><p>Avusturya T\u00fcrk \u0130slam K\u00fclt\u00fcr ve Sosyal Yard\u0131mla\u015fma Birli\u011fi&#8217;nin (AT\u0130B) merkezinde d\u00fczenlenen programa, T\u00fcrkiye\u2019nin Viyana B\u00fcy\u00fckel\u00e7isi Ozan Ceyhun ve Yurtd\u0131\u015f\u0131 T\u00fcrkler ve Akraba Topluluklar (YTB) Ba\u015fkan\u0131 Abdullah Eren&#8217;in yan\u0131 s\u0131ra \u00e7ok say\u0131da sivil toplum kurulu\u015fu temsilcisi kat\u0131ld\u0131. Bakan G\u00f6kta\u015f burada yapt\u0131\u011f\u0131 konu\u015fmada, 60 y\u0131l \u00f6nce bu \u00fclkeye gelen vatanda\u015flar\u0131n, d\u00f6rt nesildir Avusturya ile uyum ve bar\u0131\u015f i\u00e7inde ya\u015fad\u0131\u011f\u0131n\u0131 ifade etti. Buradaki T\u00fcrk toplumunun, y\u0131llar i\u00e7inde elde etti\u011fi ba\u015far\u0131larla ve kazand\u0131rd\u0131\u011f\u0131 de\u011ferlerle art\u0131k bu \u00fclkenin ayr\u0131lmaz bir par\u00e7as\u0131 haline geldi\u011fine i\u015faret eden Bakan G\u00f6kta\u015f, &#8220;Avusturya\u2019daki T\u00fcrk toplumunun g\u00fc\u00e7l\u00fc varl\u0131\u011f\u0131, hepimiz i\u00e7in b\u00fcy\u00fck bir gurur kayna\u011f\u0131 oldu. Bug\u00fcn art\u0131k Avusturya\u2019da 300 binden fazla T\u00fcrk k\u00f6kenli vatanda\u015f\u0131m\u0131z bulunuyor&#8221; diye konu\u015ftu.<\/p>\n<p>Bakan G\u00f6kta\u015f, &#8220;Burada do\u011fmu\u015f, b\u00fcy\u00fcm\u00fc\u015f nice akademisyenimiz, sanat\u00e7\u0131m\u0131z, yazar\u0131m\u0131z, doktorumuz, m\u00fchendisimiz ve ba\u015far\u0131l\u0131 i\u015f insan\u0131m\u0131z, T\u00fcrkiye\u2019nin en b\u00fcy\u00fck gurur kayna\u011f\u0131d\u0131r&#8221; ifadesini kulland\u0131. T\u00fcrk vatanda\u015flar\u0131n\u0131n kendi \u00f6z kimliklerini koruyarak, ya\u015fad\u0131klar\u0131 bu \u00fclkeyle kurduklar\u0131 g\u00fc\u00e7l\u00fc aidiyet ba\u011f\u0131 T\u00fcrkiye ve Avusturya aras\u0131ndaki ili\u015fkilerin de geli\u015fmesine katk\u0131da bulundu\u011funu kaydeden G\u00f6kta\u015f, bu geli\u015fmede kurulan g\u00fc\u00e7l\u00fc sivil toplum gelene\u011finin katk\u0131s\u0131n\u0131n b\u00fcy\u00fck oldu\u011funu dile getirdi.<\/p>\n<p>G\u00f6kta\u015f, &#8220;Avusturya T\u00fcrk \u0130slam K\u00fclt\u00fcr ve Sosyal Yard\u0131mla\u015fma Birli\u011fi (AT\u0130B), vatanda\u015flar\u0131m\u0131z\u0131n anavatan\u0131, ana dili ve k\u00fclt\u00fcr\u00fcyle g\u00fc\u00e7l\u00fc ba\u011flar kurmas\u0131 ad\u0131na \u00e7ok de\u011ferli faaliyetler y\u00fcr\u00fct\u00fcyor. Verdi\u011fi e\u011fitimler, y\u00fcr\u00fctt\u00fc\u011f\u00fc projeler, kad\u0131n, gen\u00e7lik ve aile \u00e7al\u0131\u015fmalar\u0131, hizmetleri bir \u00e7at\u0131 alt\u0131nda toplayan AT\u0130B, bu alanlarda ba\u015far\u0131l\u0131 \u00e7al\u0131\u015fmalar y\u00fcr\u00fct\u00fcyor. Bu anlamda, bu kurulu\u015fun aile ve kad\u0131nlar i\u00e7in y\u00fcr\u00fctt\u00fc\u011f\u00fc faaliyetleri \u00e7ok k\u0131ymetli buldu\u011fumu \u00f6zellikle belirtmek istiyorum&#8221; de\u011ferlendirmesinde bulundu.<\/p>\n<p>AT\u0130B\u2019in sadece Viyana\u2019da de\u011fil, t\u00fcm Avusturya\u2019da y\u00fczlerce aileye ve kad\u0131na dan\u0131\u015fmanl\u0131k hizmeti sundu\u011funu belirten Bakan G\u00f6kta\u015f, aile ba\u011flar\u0131n\u0131n, T\u00fcrk toplumunu gurbette birbirine kenetledi\u011fini ve g\u00fc\u00e7l\u00fc k\u0131ld\u0131\u011f\u0131n\u0131 ifade etti. Bakan G\u00f6kta\u015f, AT\u0130B ve di\u011fer T\u00fcrk STK\u2019lerinin \u00e7al\u0131\u015fmalar\u0131n\u0131n aile ba\u011f\u0131n\u0131n g\u00fc\u00e7lenmesine katk\u0131 sa\u011flad\u0131\u011f\u0131n\u0131 belirterek, &#8220;Avusturya\u2019n\u0131n her noktas\u0131nda ya\u015fayan binlerce insana ula\u015fan AT\u0130B\u2019in bu anlamda ailenin korunmas\u0131nda \u00f6nemli bir misyonu yerine getiriyor. \u00c7\u00fcnk\u00fc \u015funu \u00e7ok iyi biliyoruz ki, yurt d\u0131\u015f\u0131nda ya\u015fayan vatanda\u015flar\u0131m\u0131z\u0131n ba\u015far\u0131s\u0131n\u0131n s\u0131rr\u0131 aile ba\u011flar\u0131n\u0131n g\u00fc\u00e7l\u00fc olmas\u0131nda sakl\u0131d\u0131r&#8221; g\u00f6r\u00fc\u015f\u00fcn\u00fc payla\u015ft\u0131.<\/p>\n<p>Avusturya\u2019da milli ve manevi de\u011ferlerine ba\u011fl\u0131, ayn\u0131 zamanda Avusturya\u2019ya de\u011fer katan, \u00e7al\u0131\u015fkan ve sayg\u0131n bir T\u00fcrk kimli\u011fi in\u015fa edildi\u011fini vurgulayan Bakan G\u00f6kta\u015f, bunun Avusturya devlet kurumlar\u0131 ile y\u00fcr\u00fct\u00fclen ili\u015fkilerin olduk\u00e7a sa\u011flam bir zeminde ilerlemesine de katk\u0131 sa\u011flad\u0131\u011f\u0131n\u0131 ifade etti. Bakan G\u00f6kta\u015f, AT\u0130B\u2019in 62 dernek ve 115 bin aktif \u00fcyesi ile Avusturya\u2019n\u0131n en b\u00fcy\u00fck sivil toplum kurulu\u015fu oldu\u011funu, bu yap\u0131n\u0131n vatanda\u015flara g\u00fcvenli bir liman olmaya devam edece\u011fine inand\u0131\u011f\u0131n\u0131 dile getirdi.<\/p>\n<p>&#8220;D\u00fcnyan\u0131n neresinde olursa olsun, vatanda\u015flar\u0131m\u0131z\u0131n mutlulu\u011fu, huzuru bizleri yak\u0131ndan ilgilendiriyor.&#8221; \u015feklinde konu\u015fan Bakan G\u00f6kta\u015f, &#8220;Yurt d\u0131\u015f\u0131nda ya\u015fayan karde\u015flerimizin her birini \u00fclkemizin k\u0131ymetli birer temsilcisi olarak g\u00f6r\u00fcyoruz. Bu anlamda onlar\u0131n refah\u0131, ba\u015far\u0131s\u0131 i\u00e7in t\u00fcm gayretimizle \u00e7al\u0131\u015f\u0131yoruz. Bizi biz yapan de\u011ferlerimize ba\u011fl\u0131, \u00fclkemize vefal\u0131 karde\u015flerimizin biz de her zaman yan\u0131nday\u0131z.&#8221; dedi. Bakan G\u00f6kta\u015f, Avrupa\u2019daki T\u00fcrklerin en son 6 \u015eubat\u2019ta Kahramanmara\u015f merkezli depremlerde T\u00fcrkiye\u2019nin yard\u0131m\u0131na ko\u015ftu\u011funu, AT\u0130B\u2019in de k\u0131sa s\u00fcrede ula\u015ft\u0131rd\u0131klar\u0131 yard\u0131mlarla deprem b\u00f6lgesindeki vatanda\u015flar\u0131n yaras\u0131na merhem olduklar\u0131n\u0131 s\u00f6zlerine ekledi.<\/p>\n\n<p>Kaynak :\u00a0<span style=\"background-color: rgb(255, 249, 236); color: rgb(55, 58, 60); font-size: 14px;\">http:\/\/www.milliyet.com.tr\/ekonomi\/bakan-goktas-avusturyadaki-turk-toplumunun-temsilcileriyle-gorustu-7133713<\/span><\/p>\n","protected":false},"excerpt":{"rendered":"<p>Aile ve Sosyal Hizmetler Bakan\u0131 Mahinur \u00d6zdemir G\u00f6kta\u015f, T\u00fcrkiye-Avusturya \u0130\u015fg\u00fcc\u00fc Anla\u015fmas\u0131\u2019n\u0131n 60. y\u0131l d\u00f6n\u00fcm\u00fc vesilesiyle Avusturya\u2019n\u0131n ba\u015fkenti Viyana\u2019da ger\u00e7ekle\u015ftirdi\u011fi ziyaret kapsam\u0131nda buradaki T\u00fcrk toplumunun temsilcileriyle bir araya geldi.<\/p>\n","protected":false},"author":1,"featured_media":3116,"comment_status":"open","ping_status":"open","sticky":false,"template":"","format":"standard","meta":{"footnotes":""},"categories":[2],"tags":[100,223,221,222,220],"class_list":["post-3115","post","type-post","status-publish","format-standard","has-post-thumbnail","hentry","category-ekonomi","tag-aile","tag-atib","tag-avusturya","tag-bakan-goktas","tag-turk"],"_links":{"self":[{"href":"https:\/\/ekamu.net\/index.php\/wp-json\/wp\/v2\/posts\/3115","targetHints":{"allow":["GET"]}}],"collection":[{"href":"https:\/\/ekamu.net\/index.php\/wp-json\/wp\/v2\/posts"}],"about":[{"href":"https:\/\/ekamu.net\/index.php\/wp-json\/wp\/v2\/types\/post"}],"author":[{"embeddable":true,"href":"https:\/\/ekamu.net\/index.php\/wp-json\/wp\/v2\/users\/1"}],"replies":[{"embeddable":true,"href":"https:\/\/ekamu.net\/index.php\/wp-json\/wp\/v2\/comments?post=3115"}],"version-history":[{"count":1,"href":"https:\/\/ekamu.net\/index.php\/wp-json\/wp\/v2\/posts\/3115\/revisions"}],"predecessor-version":[{"id":3117,"href":"https:\/\/ekamu.net\/index.php\/wp-json\/wp\/v2\/posts\/3115\/revisions\/3117"}],"wp:featuredmedia":[{"embeddable":true,"href":"https:\/\/ekamu.net\/index.php\/wp-json\/wp\/v2\/media\/3116"}],"wp:attachment":[{"href":"https:\/\/ekamu.net\/index.php\/wp-json\/wp\/v2\/media?parent=3115"}],"wp:term":[{"taxonomy":"category","embeddable":true,"href":"https:\/\/ekamu.net\/index.php\/wp-json\/wp\/v2\/categories?post=3115"},{"taxonomy":"post_tag","embeddable":true,"href":"https:\/\/ekamu.net\/index.php\/wp-json\/wp\/v2\/tags?post=3115"}],"curies":[{"name":"wp","href":"https:\/\/api.w.org\/{rel}","templated":true}]}}