{"id":31684,"date":"2024-06-11T05:24:06","date_gmt":"2024-06-11T05:24:06","guid":{"rendered":"https:\/\/ekamu.net\/?p=31684"},"modified":"2024-06-11T05:24:06","modified_gmt":"2024-06-11T05:24:06","slug":"son-dakika-yer-tekirdag-egitim-ucagi-tarlaya-acil-inis-yapti","status":"publish","type":"post","link":"https:\/\/ekamu.net\/index.php\/2024\/06\/11\/son-dakika-yer-tekirdag-egitim-ucagi-tarlaya-acil-inis-yapti\/","title":{"rendered":"Son dakika&#8230; Yer: Tekirda\u011f! E\u011fitim u\u00e7a\u011f\u0131 tarlaya acil ini\u015f yapt\u0131"},"content":{"rendered":"<p><p>Tekirda\u011f&#8217;\u0131n \u00c7orlu il\u00e7esinde bulunan Atat\u00fcrk Havaliman\u0131&#8217;ndan havalanan e\u011fitim u\u00e7a\u011f\u0131, S\u00fcleymanpa\u015fa il\u00e7esi semalar\u0131nda motor ar\u0131zas\u0131 yapt\u0131\u011f\u0131 iddias\u0131 ile Ya\u011fc\u0131 Mahallesi&#8217;nde bir ay\u00e7i\u00e7e\u011fi tarlas\u0131na mecburi ini\u015f yapt\u0131.<\/p>\n<p>Atlantic Flight Academy (AFA) isimli u\u00e7u\u015f okuluna ait e\u011fitim u\u00e7a\u011f\u0131 saat 11.00 civar\u0131 Tekirda\u011f \u00c7orlu Atat\u00fcrk Havaliman\u0131&#8217;ndan havaland\u0131ktan sonra motor ar\u0131zas\u0131 iddias\u0131yla S\u00fcleymanpa\u015fa il\u00e7esine ba\u011fl\u0131 Ya\u011fc\u0131 Mahallesi&#8217;nde bir tarlaya acil ini\u015f yapt\u0131. Acil ini\u015f s\u0131ras\u0131nda herhangi bir kaza k\u0131r\u0131m meydana gelmezken, pilotun sa\u011fl\u0131k durumunun iyi oldu\u011fu \u00f6\u011frenildi.<\/p>\n<div>\n<div> <img decoding=\"async\" src=\"https:\/\/ekamu.net\/wp-content\/uploads\/2024\/06\/son-dakika-yer-tekirdag-egitim-ucagi-tarlaya-acil-inis-yapti-0-jIxvWc5M.jpg\"\/><\/img> <\/div>\n<\/p><\/div>\n<\/p>\n<p>B\u00f6lgeye gelen jandarma ekipleri de olumsuz herhangi bir duruma kar\u015f\u0131 u\u00e7a\u011f\u0131n mecburi ini\u015f yapt\u0131\u011f\u0131 alana \u015ferit \u00e7ekerek tedbir ald\u0131.<\/p>\n<p>Ya\u015fanan ar\u0131za ile ilgili olarak soru\u015fturma ba\u015flat\u0131ld\u0131.<\/p>\n\n<p>Kaynak :\u00a0<span style=\"background-color: rgb(255, 249, 236); color: rgb(55, 58, 60); font-size: 14px;\">http:\/\/www.milliyet.com.tr\/gundem\/son-dakika-tekirdagda-egitim-ucagi-tarlaya-acil-inis-yapti-7136203<\/span><\/p>\n","protected":false},"excerpt":{"rendered":"<p>Tekirda\u011f&#8217;da e\u011fitim u\u00e7a\u011f\u0131 motor ar\u0131zas\u0131 iddias\u0131 ile tarlaya mecburi ini\u015f yapt\u0131. Ya\u015fanan ar\u0131za ile ilgili olarak soru\u015fturma ba\u015flat\u0131ld\u0131.<\/p>\n","protected":false},"author":1,"featured_media":31685,"comment_status":"open","ping_status":"open","sticky":false,"template":"","format":"standard","meta":{"footnotes":""},"categories":[3],"tags":[],"class_list":["post-31684","post","type-post","status-publish","format-standard","has-post-thumbnail","hentry","category-genel"],"_links":{"self":[{"href":"https:\/\/ekamu.net\/index.php\/wp-json\/wp\/v2\/posts\/31684","targetHints":{"allow":["GET"]}}],"collection":[{"href":"https:\/\/ekamu.net\/index.php\/wp-json\/wp\/v2\/posts"}],"about":[{"href":"https:\/\/ekamu.net\/index.php\/wp-json\/wp\/v2\/types\/post"}],"author":[{"embeddable":true,"href":"https:\/\/ekamu.net\/index.php\/wp-json\/wp\/v2\/users\/1"}],"replies":[{"embeddable":true,"href":"https:\/\/ekamu.net\/index.php\/wp-json\/wp\/v2\/comments?post=31684"}],"version-history":[{"count":1,"href":"https:\/\/ekamu.net\/index.php\/wp-json\/wp\/v2\/posts\/31684\/revisions"}],"predecessor-version":[{"id":31687,"href":"https:\/\/ekamu.net\/index.php\/wp-json\/wp\/v2\/posts\/31684\/revisions\/31687"}],"wp:featuredmedia":[{"embeddable":true,"href":"https:\/\/ekamu.net\/index.php\/wp-json\/wp\/v2\/media\/31685"}],"wp:attachment":[{"href":"https:\/\/ekamu.net\/index.php\/wp-json\/wp\/v2\/media?parent=31684"}],"wp:term":[{"taxonomy":"category","embeddable":true,"href":"https:\/\/ekamu.net\/index.php\/wp-json\/wp\/v2\/categories?post=31684"},{"taxonomy":"post_tag","embeddable":true,"href":"https:\/\/ekamu.net\/index.php\/wp-json\/wp\/v2\/tags?post=31684"}],"curies":[{"name":"wp","href":"https:\/\/api.w.org\/{rel}","templated":true}]}}