{"id":31821,"date":"2024-06-11T06:24:07","date_gmt":"2024-06-11T06:24:07","guid":{"rendered":"https:\/\/ekamu.net\/?p=31821"},"modified":"2024-06-11T06:24:07","modified_gmt":"2024-06-11T06:24:07","slug":"coken-binanin-sahibi-gozaltina-alindi","status":"publish","type":"post","link":"https:\/\/ekamu.net\/index.php\/2024\/06\/11\/coken-binanin-sahibi-gozaltina-alindi\/","title":{"rendered":"\u00c7\u00f6ken binan\u0131n sahibi g\u00f6zalt\u0131na al\u0131nd\u0131"},"content":{"rendered":"<p><p>K\u00fc\u00e7\u00fck\u00e7ekmece&#8217;de 1988 y\u0131l\u0131nda yap\u0131ld\u0131\u011f\u0131 \u00f6\u011frenilen 3 katl\u0131 bina sabah saatlerinde hen\u00fcz belirlenemeyen bir nedenle b\u00fcy\u00fck bir g\u00fcr\u00fclt\u00fcyle \u00e7\u00f6kt\u00fc. \u00c7\u00f6kme sonras\u0131nda 1 ki\u015fi hayat\u0131n\u0131 kaybederken 8 ki\u015fi de yaraland\u0131.<\/p>\n<p><strong>G\u00d6ZALTINA ALINDI<\/strong><\/p>\n<p>K\u00fc\u00e7\u00fck\u00e7ekmece Cumhuriyet Ba\u015fsavc\u0131l\u0131\u011f\u0131&#8217;ndan yap\u0131lan a\u00e7\u0131klamada &#8220;02 Haziran 2024 tarihinde saat 08.40 sular\u0131nda, K\u00fc\u00e7\u00fck\u00e7ekmece il\u00e7esi Kartaltepe Mahallesi Belediye Caddesi \u00fczerinde bulunan 4 katl\u0131 binan\u0131n hen\u00fcz belirlenemeyen bir nedenle \u00e7\u00f6kmesi olay\u0131 ile ilgili Cumhuriyet Ba\u015fsavc\u0131l\u0131\u011f\u0131m\u0131z taraf\u0131ndan derhal soru\u015fturma ba\u015flat\u0131lm\u0131\u015ft\u0131r. Soru\u015fturma \u00e7er\u00e7evesinde 1 cumhuriyet ba\u015fsavc\u0131 vekili ile 2 cumhuriyet savc\u0131s\u0131 g\u00f6revlendirilmi\u015f olup, olay yerine intikal ettirilmi\u015ftir&#8221; denilmi\u015fti.<\/p>\n<p>K\u00fc\u00e7\u00fck\u00e7ekmece Cumhuriyet Ba\u015fsavc\u0131l\u0131\u011f\u0131 taraf\u0131ndan ba\u015flat\u0131lan soru\u015fturmada taksirle \u00f6l\u00fcme ve yaralanmaya sebep olmak su\u00e7undan binan\u0131n sahibi Hac\u0131 Murat Gen\u00e7t\u00fcrk ekipler taraf\u0131ndan g\u00f6zalt\u0131na al\u0131nd\u0131.<\/p>\n\n<p>Kaynak :\u00a0<span style=\"background-color: rgb(255, 249, 236); color: rgb(55, 58, 60); font-size: 14px;\">http:\/\/www.milliyet.com.tr\/gundem\/coken-binanin-sahibi-gozaltina-alindi-7136204<\/span><\/p>\n","protected":false},"excerpt":{"rendered":"<p>K\u00fc\u00e7\u00fck\u00e7ekmece\u2019de 1 ki\u015finin hayat\u0131n\u0131 kaybetti\u011fi ve 8 ki\u015finin yaraland\u0131\u011f\u0131 3 katl\u0131 \u00e7\u00f6ken binan\u0131n sahibi Hac\u0131 Murat Gen\u00e7t\u00fcrk, K\u00fc\u00e7\u00fck\u00e7ekmece Cumhuriyet Ba\u015fsavc\u0131l\u0131\u011f\u0131&#8217;n\u0131n ba\u015flatt\u0131\u011f\u0131 soru\u015fturma kapsam\u0131nda g\u00f6zalt\u0131na al\u0131nd\u0131.<\/p>\n","protected":false},"author":1,"featured_media":31822,"comment_status":"open","ping_status":"open","sticky":false,"template":"","format":"standard","meta":{"footnotes":""},"categories":[3],"tags":[1895],"class_list":["post-31821","post","type-post","status-publish","format-standard","has-post-thumbnail","hentry","category-genel","tag-cumhuriyet"],"_links":{"self":[{"href":"https:\/\/ekamu.net\/index.php\/wp-json\/wp\/v2\/posts\/31821","targetHints":{"allow":["GET"]}}],"collection":[{"href":"https:\/\/ekamu.net\/index.php\/wp-json\/wp\/v2\/posts"}],"about":[{"href":"https:\/\/ekamu.net\/index.php\/wp-json\/wp\/v2\/types\/post"}],"author":[{"embeddable":true,"href":"https:\/\/ekamu.net\/index.php\/wp-json\/wp\/v2\/users\/1"}],"replies":[{"embeddable":true,"href":"https:\/\/ekamu.net\/index.php\/wp-json\/wp\/v2\/comments?post=31821"}],"version-history":[{"count":1,"href":"https:\/\/ekamu.net\/index.php\/wp-json\/wp\/v2\/posts\/31821\/revisions"}],"predecessor-version":[{"id":31823,"href":"https:\/\/ekamu.net\/index.php\/wp-json\/wp\/v2\/posts\/31821\/revisions\/31823"}],"wp:featuredmedia":[{"embeddable":true,"href":"https:\/\/ekamu.net\/index.php\/wp-json\/wp\/v2\/media\/31822"}],"wp:attachment":[{"href":"https:\/\/ekamu.net\/index.php\/wp-json\/wp\/v2\/media?parent=31821"}],"wp:term":[{"taxonomy":"category","embeddable":true,"href":"https:\/\/ekamu.net\/index.php\/wp-json\/wp\/v2\/categories?post=31821"},{"taxonomy":"post_tag","embeddable":true,"href":"https:\/\/ekamu.net\/index.php\/wp-json\/wp\/v2\/tags?post=31821"}],"curies":[{"name":"wp","href":"https:\/\/api.w.org\/{rel}","templated":true}]}}