{"id":3189,"date":"2024-05-28T21:00:11","date_gmt":"2024-05-28T21:00:11","guid":{"rendered":"https:\/\/ekamu.net\/?p=3189"},"modified":"2024-05-28T21:00:11","modified_gmt":"2024-05-28T21:00:11","slug":"korkunc-son-tamir-etmeye-calistiklari-kamyonun-altinda-kalan-2-kisi-oldu","status":"publish","type":"post","link":"https:\/\/ekamu.net\/index.php\/2024\/05\/28\/korkunc-son-tamir-etmeye-calistiklari-kamyonun-altinda-kalan-2-kisi-oldu\/","title":{"rendered":"Korkun\u00e7 son! Tamir etmeye \u00e7al\u0131\u015ft\u0131klar\u0131 kamyonun alt\u0131nda kalan 2 ki\u015fi \u00f6ld\u00fc"},"content":{"rendered":"<p><p>Kaza, \u00f6\u011fleden sonra Kilis- \u0130slahiye kara yolunun 45&#8217;inci kilometresinde meydana geldi. Mehmet Balc\u0131 (36), ar\u0131zalanan 79 ABP 973 plakal\u0131 kamyonunu yol kenar\u0131na \u00e7ekti. Balc\u0131 ile yan\u0131ndaki arkada\u015f\u0131 U\u011fur \u00d6zkan (35), ar\u0131zay\u0131 gidermek i\u00e7in kamyonun alt\u0131na girdi.<\/p>\n<p>Bu s\u0131rada freninin bo\u015fald\u0131\u011f\u0131 \u00f6ne s\u00fcren kamyon hareket etti, Mehmet Balc\u0131 ile U\u011fur \u00d6zkan\u2019\u0131n \u00fczerinden ge\u00e7ti. Yoldan ge\u00e7en di\u011fer s\u00fcr\u00fcc\u00fclerin 112 Acil \u00c7a\u011fr\u0131 Merkezi&#8217;ne ihbar\u0131 \u00fczerine kaza yerine sa\u011fl\u0131k ekipleri sevk edildi. Ekipler, Mehmet Balc\u0131&#8217;n\u0131n ya\u015fam\u0131n\u0131 yitirdi\u011fini belirledi. \u0130lk m\u00fcdahalesinin ard\u0131ndan ambulansla Kilis Devlet Hastanesi\u2019ne kald\u0131r\u0131lan U\u011fur \u00d6zkan da kurtar\u0131lamad\u0131.<\/p>\n<p>Kazayla ilgili inceleme ba\u015flat\u0131ld\u0131.<\/p>\n\n<p>Kaynak :\u00a0<span style=\"background-color: rgb(255, 249, 236); color: rgb(55, 58, 60); font-size: 14px;\">http:\/\/www.milliyet.com.tr\/gundem\/korkunc-son-tamir-etmeye-calistiklari-kamyonun-altinda-kalan-2-kisi-oldu-7133717<\/span><\/p>\n","protected":false},"excerpt":{"rendered":"<p>Kilis\u2019te, tamir etmeye \u00e7al\u0131\u015f\u0131rken freni bo\u015fald\u0131\u011f\u0131 \u00f6ne s\u00fcr\u00fclen kamyonun alt\u0131nda kalan s\u00fcr\u00fcc\u00fc Mehmet Balc\u0131 (36) ile yan\u0131ndaki U\u011fur \u00d6zkan (35) hayat\u0131n\u0131 kaybetti. Kazayla ilgili inceleme ba\u015flat\u0131ld\u0131.<\/p>\n","protected":false},"author":1,"featured_media":3190,"comment_status":"open","ping_status":"open","sticky":false,"template":"","format":"standard","meta":{"footnotes":""},"categories":[3],"tags":[],"class_list":["post-3189","post","type-post","status-publish","format-standard","has-post-thumbnail","hentry","category-genel"],"_links":{"self":[{"href":"https:\/\/ekamu.net\/index.php\/wp-json\/wp\/v2\/posts\/3189","targetHints":{"allow":["GET"]}}],"collection":[{"href":"https:\/\/ekamu.net\/index.php\/wp-json\/wp\/v2\/posts"}],"about":[{"href":"https:\/\/ekamu.net\/index.php\/wp-json\/wp\/v2\/types\/post"}],"author":[{"embeddable":true,"href":"https:\/\/ekamu.net\/index.php\/wp-json\/wp\/v2\/users\/1"}],"replies":[{"embeddable":true,"href":"https:\/\/ekamu.net\/index.php\/wp-json\/wp\/v2\/comments?post=3189"}],"version-history":[{"count":1,"href":"https:\/\/ekamu.net\/index.php\/wp-json\/wp\/v2\/posts\/3189\/revisions"}],"predecessor-version":[{"id":3191,"href":"https:\/\/ekamu.net\/index.php\/wp-json\/wp\/v2\/posts\/3189\/revisions\/3191"}],"wp:featuredmedia":[{"embeddable":true,"href":"https:\/\/ekamu.net\/index.php\/wp-json\/wp\/v2\/media\/3190"}],"wp:attachment":[{"href":"https:\/\/ekamu.net\/index.php\/wp-json\/wp\/v2\/media?parent=3189"}],"wp:term":[{"taxonomy":"category","embeddable":true,"href":"https:\/\/ekamu.net\/index.php\/wp-json\/wp\/v2\/categories?post=3189"},{"taxonomy":"post_tag","embeddable":true,"href":"https:\/\/ekamu.net\/index.php\/wp-json\/wp\/v2\/tags?post=3189"}],"curies":[{"name":"wp","href":"https:\/\/api.w.org\/{rel}","templated":true}]}}