{"id":31890,"date":"2024-06-11T07:00:11","date_gmt":"2024-06-11T07:00:11","guid":{"rendered":"https:\/\/ekamu.net\/?p=31890"},"modified":"2024-06-11T07:00:11","modified_gmt":"2024-06-11T07:00:11","slug":"fetocu-terorist-canli-yayinda-cnn-turke-saldirdi-murat-yanci-hicbir-guc-odagi-ya-da-teror-yuvasi-bizi-bu-yoldan-ceviremez","status":"publish","type":"post","link":"https:\/\/ekamu.net\/index.php\/2024\/06\/11\/fetocu-terorist-canli-yayinda-cnn-turke-saldirdi-murat-yanci-hicbir-guc-odagi-ya-da-teror-yuvasi-bizi-bu-yoldan-ceviremez\/","title":{"rendered":"FET\u00d6&#8217;c\u00fc ter\u00f6rist canl\u0131 yay\u0131nda CNN T\u00fcrk&#8217;e sald\u0131rd\u0131! Murat Yanc\u0131: Hi\u00e7bir g\u00fc\u00e7 oda\u011f\u0131 ya da ter\u00f6r yuvas\u0131 bizi bu yoldan \u00e7eviremez"},"content":{"rendered":"<p><p>CNN T\u00fcrk ABD Temsilcisi Yunus Paksoy, Pensilvanya&#8217;da FET\u00d6 eleba\u015f\u0131 Fetullah G\u00fclen&#8217;in kald\u0131\u011f\u0131 \u00e7iftli\u011fin \u00f6n\u00fcnde canl\u0131 yay\u0131n yapt\u0131\u011f\u0131 s\u0131rada FET\u00d6 mensuplar\u0131n\u0131n sald\u0131r\u0131s\u0131na u\u011frad\u0131.\u00a0SUV tipi arac\u0131n\u0131 \u00f6nce Paksoy\u2019un \u00fczerine s\u00fcrd\u00fc\u011f\u00fc g\u00f6r\u00fclen sald\u0131rgan\u0131n daha sonra ara\u00e7tan inerek Paksoy\u2019a fiziki m\u00fcdahalede bulundu\u011fu, sald\u0131r\u0131 nedeniyle cihazlar yere d\u00fc\u015ferken, canl\u0131 yay\u0131n\u0131n da kesildi\u011fi g\u00f6r\u00fcld\u00fc.<\/p>\n<p>CNN T\u00dcRK Washington temsilcisi Yunus Paksoy, Pensilvanya\u2019da FET\u00d6 karargah\u0131n\u0131n \u00f6n\u00fcnde yay\u0131n yapt\u0131\u011f\u0131 esnada sald\u0131r\u0131ya u\u011frad\u0131. \u00dczerine araba s\u00fcr\u00fclen Yunus Paksoy\u2019un kameras\u0131na vuruldu. Yunus Paksoy, sald\u0131r\u0131dan hemen \u00f6nceki yay\u0131n s\u0131ras\u0131nda \u201c10-15 dakikad\u0131r s\u00fcrekli gelip taciz ediyorlar. Kimsin, ne yap\u0131yorsun deyip foto\u011fraf \u00e7ekmek istiyorlar. Buradan s\u00fcrekli ara\u00e7 giri\u015f \u00e7\u0131k\u0131\u015f\u0131 oluyor. FET\u00d6\u2019n\u00fcn ya\u015fad\u0131\u011f\u0131 ama ka\u00e7\u0131r\u0131ld\u0131\u011f\u0131n\u0131n iddia edildi\u011fi yer giri\u015fi buras\u0131\u201d dedi.<\/p>\n<p><strong>ARABAYI \u00dcZER\u0130NE S\u00dcRD\u00dc<\/strong><\/p>\n<p>Paksoy, canl\u0131 yay\u0131nda bilgileri aktar\u0131rken bir FET\u00d6 mensubu arabay\u0131 \u00fczerine s\u00fcrd\u00fc. Paksoy\u2019un tepki g\u00f6stermesi \u00fczerine sald\u0131rgan, kameraya vurdu. Sald\u0131rgan\u0131n s\u0131rt\u0131na yumruk att\u0131\u011f\u0131n\u0131 s\u00f6yleyen Paksoy \u201cArabama girdim, 911\u2019i arad\u0131m. Yakla\u015f\u0131k 30 dakika sonra \u00fc\u00e7 tane ekip otosu geldi. Olay\u0131 anlamay\u0131 \u00e7al\u0131\u015ft\u0131lar, ileti\u015fimde olacaklar\u0131n\u0131 s\u00f6ylediler\u201d dedi.<\/p>\n<p>\u00a0<\/p>\n<div>\n<div> <img decoding=\"async\" src=\"https:\/\/ekamu.net\/wp-content\/uploads\/2024\/06\/fetocu-terorist-canli-yayinda-cnn-turke-saldirdi-murat-yanci-hicbir-guc-odagi-ya-da-EgrX3LzC.jpg\"\/><\/img> <\/div>\n<\/p><\/div>\n<\/p>\n<p><strong>MURAT YANCI: VERD\u0130\u011e\u0130M\u0130Z \u00c7ABADAN VAZGE\u00c7MEYECE\u011e\u0130Z<\/strong><\/p>\n<p>Sald\u0131r\u0131ya ili\u015fkin a\u00e7\u0131klama yapan Demir\u00f6ren Medya TV Grup Ba\u015fkan\u0131 Murat Yanc\u0131, &#8220;CNN T\u00fcrk ekibinden Yunus Paksoy&#8217;a yap\u0131lan sald\u0131r\u0131n\u0131n ard\u0131ndan kendisine, \u015fahs\u0131ma, aileme ve kurumlar\u0131m\u0131za FET\u00d6 hesaplar\u0131ndan hakaret ve k\u00fcf\u00fcr kampanyas\u0131 ba\u015flat\u0131ld\u0131. \u015eu bilinmelidir ki; \u201cHaber masada de\u011fil, sahada yap\u0131l\u0131r\u201d mottosuyla hareket etmeye devam edece\u011fiz. D\u00fcnyan\u0131n neresinde olursa olsun haberden ve habere ula\u015fmak i\u00e7in verdi\u011fimiz \u00e7abadan vazge\u00e7meyece\u011fiz. Hi\u00e7bir g\u00fc\u00e7 oda\u011f\u0131 ya da ter\u00f6r yuvas\u0131 bizi bu yoldan \u00e7eviremez. \u0130lgililerine ve kamuoyunun bilgisine&#8230;&#8221; ifadelerini kulland\u0131.<\/p>\n<div>\n<div> <img decoding=\"async\" src=\"https:\/\/ekamu.net\/wp-content\/uploads\/2024\/06\/fetocu-terorist-canli-yayinda-cnn-turke-saldirdi-murat-yanci-hicbir-guc-odagi-ya-da-aufAwzpT.jpg\"\/><\/img> <\/div>\n<\/p><\/div>\n<\/p>\n<p><strong>SALDIRGANIN K\u0130ML\u0130\u011e\u0130 BELL\u0130 OLDU<\/strong><\/p>\n<p>Paksoy&#8217;a sald\u0131ran ki\u015finin FET\u00d6 mensubu Ahmet Can oldu\u011fu ortaya \u00e7\u0131kt\u0131. FET\u00d6&#8217;n\u00fcn yarg\u0131daki 1 numaras\u0131 Ahmet Can &#8220;hayalet avukat&#8221; olarak biliniyor. FET\u00d6&#8217;n\u00fcn &#8220;yarg\u0131dan sorumlu imam\u0131&#8221; olan Ahmet Can, T\u00fcrkiye&#8217;de &#8220;G\u00f6lge Adalet Bakan\u0131&#8221; olarak an\u0131l\u0131yordu.<\/p>\n<p><strong>DI\u015e\u0130\u015eLER\u0130: KINIYORUZ<\/strong><\/p>\n<p>Olaya ili\u015fkin a\u00e7\u0131klama yapan D\u0131\u015fi\u015fleri Bakanl\u0131\u011f\u0131, \u201cCNN T\u00fcrk TV kanal\u0131n\u0131n Va\u015fington muhabiri Yunus Paksoy\u2019un FET\u00d6 hakk\u0131nda yapt\u0131\u011f\u0131 yay\u0131n s\u0131ras\u0131nda u\u011frad\u0131\u011f\u0131 sald\u0131r\u0131y\u0131 k\u0131n\u0131yoruz. Bu sald\u0131r\u0131y\u0131 ger\u00e7ekle\u015ftiren ve azmettiren ki\u015filerin hukuk \u00f6n\u00fcnde hesap vermeleri i\u00e7in ABD makamlar\u0131 nezdinde gerekli giri\u015fimler yap\u0131lmaktad\u0131r\u201d ifadelerini kulland\u0131. \u0130leti\u015fim Ba\u015fkan\u0131 Fahrettin Altun da yapt\u0131\u011f\u0131 a\u00e7\u0131klamada Paksoy\u2019a ge\u00e7mi\u015f olsun dileklerini ileterek, \u201c\u0130lgili makamlar\u0131m\u0131zca bu meselenin takip\u00e7isi olaca\u011f\u0131m\u0131zdan ve bu al\u00e7ak\u00e7a sald\u0131r\u0131ya kar\u0131\u015fanlar\u0131n haketti\u011fi cezay\u0131 almas\u0131 i\u00e7in ABD\u2019li merciiler nezdinde her t\u00fcrl\u00fc ad\u0131m\u0131 ataca\u011f\u0131m\u0131zdan kimsenin \u015f\u00fcphesi olmas\u0131n\u201d dedi.<\/p>\n<p><strong>&#8220;SALDIRININ TAK\u0130P\u00c7\u0130S\u0130 OLACA\u011eIZ&#8221;<\/strong><\/p>\n<p>\u0130leti\u015fim Ba\u015fkan\u0131 Fahrettin Altun, olay\u0131n ard\u0131ndan sosyal medya hesab\u0131ndan yapt\u0131\u011f\u0131 a\u00e7\u0131klamada, &#8220;Gazetecilik mesle\u011fini icra ederken bir FET\u00d6 mensubu taraf\u0131ndan sald\u0131r\u0131ya u\u011frayan CNN T\u00fcrk ve H\u00fcrriyet ABD Temsilcisi Yunus Paksoy\u2019a en samimi ge\u00e7mi\u015f olsun dileklerimi iletiyorum. Say\u0131n Paksoy ile maruz kald\u0131\u011f\u0131 al\u00e7ak sald\u0131r\u0131 sonras\u0131 g\u00f6r\u00fc\u015fmemde de kendisine belirtti\u011fim \u00fczere, ilgili makamlar\u0131m\u0131zca bu meselenin takip\u00e7isi olaca\u011f\u0131m\u0131zdan ve bu al\u00e7ak\u00e7a sald\u0131r\u0131ya kar\u0131\u015fanlar\u0131n haketti\u011fi cezay\u0131 almas\u0131 i\u00e7in ABD\u2019li merciiler nezdinde her t\u00fcrl\u00fc ad\u0131m\u0131 ataca\u011f\u0131m\u0131zdan kimsenin \u015f\u00fcphesi olmas\u0131n. D\u00fcnyan\u0131n neresinde olursa olsun T\u00fcrkiye d\u00fc\u015fman\u0131 ter\u00f6ristlerle m\u00fccadele etmeye devam edece\u011fiz. Hakikatperver gazetecilere bu m\u00fccadeleye omuz verdikleri i\u00e7in \u015f\u00fckran bor\u00e7luyuz\u201d dedi.<\/p>\n<div>\n<div> <img decoding=\"async\" src=\"https:\/\/ekamu.net\/wp-content\/uploads\/2024\/06\/fetocu-terorist-canli-yayinda-cnn-turke-saldirdi-murat-yanci-hicbir-guc-odagi-ya-da-5liTU22a.jpg\"\/><\/img> <\/div>\n<\/p><\/div>\n<\/p>\n<p><strong>AK PART\u0130 S\u00d6ZC\u00dcS\u00dc \u00c7EL\u0130K: S\u00dcREC\u0130N TAK\u0130P\u00c7\u0130S\u0130 OLACA\u011eIZ<\/strong><\/p>\n<p>AK Parti Genel Ba\u015fkan Yard\u0131mc\u0131s\u0131 ve Parti S\u00f6zc\u00fcs\u00fc \u00d6mer \u00c7elik, &#8220;Gazetecilik g\u00f6revini icra ederken FET\u00d6 Ter\u00f6r \u00d6rg\u00fct\u00fc mensubunun sald\u0131r\u0131s\u0131na u\u011frayan CNN T\u00fcrk ABD Temsilcisi Yunus Paksoy\u2019a ge\u00e7mi\u015f olsun dileklerimizi iletiyoruz. Bu sald\u0131r\u0131y\u0131 k\u0131n\u0131yoruz&#8221; dedi.\u00a0<\/p>\n<p>\u00d6mer \u00c7elik sosyal medya hesab\u0131ndan yapt\u0131\u011f\u0131 a\u00e7\u0131klamada \u015fu s\u00f6zlere yer verdi: &#8220;Gazetecilik g\u00f6revini icra ederken FET\u00d6 Ter\u00f6r \u00d6rg\u00fct\u00fc mensubunun sald\u0131r\u0131s\u0131na u\u011frayan CNN T\u00fcrk ABD Temsilcisi Yunus Paksoy\u2019a ge\u00e7mi\u015f olsun dileklerimizi iletiyoruz. Bu sald\u0131r\u0131y\u0131 k\u0131n\u0131yoruz. Bu \u00e7irkin sald\u0131r\u0131y\u0131 ger\u00e7ekle\u015ftiren ki\u015fi ve azmettiricilerine kar\u015f\u0131 y\u00fcr\u00fct\u00fclecek hukuki s\u00fcre\u00e7lerin takip\u00e7isi olaca\u011f\u0131z.&#8221;<\/p>\n<div>\n<div> <img decoding=\"async\" src=\"https:\/\/ekamu.net\/wp-content\/uploads\/2024\/06\/fetocu-terorist-canli-yayinda-cnn-turke-saldirdi-murat-yanci-hicbir-guc-odagi-ya-da-63hbwXn2.jpg\"\/><\/img> <\/div>\n<\/p><\/div>\n<\/p>\n<p>Kaynak :\u00a0<span style=\"background-color: rgb(255, 249, 236); color: rgb(55, 58, 60); font-size: 14px;\">http:\/\/www.milliyet.com.tr\/gundem\/fetocu-terorist-canli-yayinda-cnn-turke-saldirdi-murat-yanci-verdigimiz-cabadan-vazgecmeyecegiz-7136208<\/span><\/p>\n","protected":false},"excerpt":{"rendered":"<p>CNN T\u00fcrk  ABD Temsilcisi Yunus Paksoy, Pensilvanya&#8217;da FET\u00d6 eleba\u015f\u0131 Fetullah G\u00fclen&#8217;in kald\u0131\u011f\u0131 \u00f6rg\u00fct merkezinin \u00f6n\u00fcnden yay\u0131n yaparken sald\u0131r\u0131ya u\u011frad\u0131. Sald\u0131r\u0131yla ilgili olarak a\u00e7\u0131klama yapan Demir\u00f6ren Medya TV Grup Ba\u015fkan\u0131 Murat Yanc\u0131,  habere ula\u015fmak i\u00e7in verdikleri \u00e7abadan vazge\u00e7meyeceklerini belirterek &#8220;Hi\u00e7bir g\u00fc\u00e7 oda\u011f\u0131 ya da ter\u00f6r yuvas\u0131 bizi bu yoldan \u00e7eviremez&#8221; dedi.<\/p>\n","protected":false},"author":1,"featured_media":31891,"comment_status":"open","ping_status":"open","sticky":false,"template":"","format":"standard","meta":{"footnotes":""},"categories":[3],"tags":[433,1901,1219,1816,1010],"class_list":["post-31890","post","type-post","status-publish","format-standard","has-post-thumbnail","hentry","category-genel","tag-abd","tag-cnn-turk","tag-feto","tag-paksoy","tag-saldiri"],"_links":{"self":[{"href":"https:\/\/ekamu.net\/index.php\/wp-json\/wp\/v2\/posts\/31890","targetHints":{"allow":["GET"]}}],"collection":[{"href":"https:\/\/ekamu.net\/index.php\/wp-json\/wp\/v2\/posts"}],"about":[{"href":"https:\/\/ekamu.net\/index.php\/wp-json\/wp\/v2\/types\/post"}],"author":[{"embeddable":true,"href":"https:\/\/ekamu.net\/index.php\/wp-json\/wp\/v2\/users\/1"}],"replies":[{"embeddable":true,"href":"https:\/\/ekamu.net\/index.php\/wp-json\/wp\/v2\/comments?post=31890"}],"version-history":[{"count":1,"href":"https:\/\/ekamu.net\/index.php\/wp-json\/wp\/v2\/posts\/31890\/revisions"}],"predecessor-version":[{"id":31896,"href":"https:\/\/ekamu.net\/index.php\/wp-json\/wp\/v2\/posts\/31890\/revisions\/31896"}],"wp:featuredmedia":[{"embeddable":true,"href":"https:\/\/ekamu.net\/index.php\/wp-json\/wp\/v2\/media\/31891"}],"wp:attachment":[{"href":"https:\/\/ekamu.net\/index.php\/wp-json\/wp\/v2\/media?parent=31890"}],"wp:term":[{"taxonomy":"category","embeddable":true,"href":"https:\/\/ekamu.net\/index.php\/wp-json\/wp\/v2\/categories?post=31890"},{"taxonomy":"post_tag","embeddable":true,"href":"https:\/\/ekamu.net\/index.php\/wp-json\/wp\/v2\/tags?post=31890"}],"curies":[{"name":"wp","href":"https:\/\/api.w.org\/{rel}","templated":true}]}}