{"id":33378,"date":"2024-06-11T18:24:05","date_gmt":"2024-06-11T18:24:05","guid":{"rendered":"https:\/\/ekamu.net\/?p=33378"},"modified":"2024-06-11T18:24:05","modified_gmt":"2024-06-11T18:24:05","slug":"apple-yapay-zeka-yeniliklerini-tanitti","status":"publish","type":"post","link":"https:\/\/ekamu.net\/index.php\/2024\/06\/11\/apple-yapay-zeka-yeniliklerini-tanitti\/","title":{"rendered":"Apple yapay zeka yeniliklerini tan\u0131tt\u0131"},"content":{"rendered":"<div>\n<p>Apple, her y\u0131l d\u00fczenledi\u011fi geli\u015ftirici etkinli\u011fi WWDC&#8217;de &#8220;VisionOS 2&#8221;, &#8220;iOS 18&#8221;, AirPods ve Apple TV g\u00fcncellemeleri, &#8220;WatchOS 11&#8221;, &#8220;iPadOS 18&#8221;, &#8220;macOS Sequoia&#8221; gibi yeni g\u00fcncellemelerinin yan\u0131 s\u0131ra, yapay zeka alan\u0131ndaki yeniliklerini payla\u015ft\u0131.<\/p>\n<p>Etkinlikte, ge\u00e7en y\u0131l duyurulan Apple Vision Pro ba\u015fl\u0131\u011f\u0131n\u0131n 8 \u00fclkede daha piyasaya s\u00fcr\u00fclece\u011finin bilgisi verildi.<\/p>\n<p>\u0130lk olarak 28 Haziran&#8217;da \u00c7in, Japonya ve Singapur&#8217;da bu \u00fcr\u00fcn\u00fcn sunulaca\u011f\u0131, 12 Temmuz&#8217;da da Avustralya, Kanada, Fransa, Almanya ve \u0130ngiltere&#8217;de sat\u0131\u015fa \u00e7\u0131kaca\u011f\u0131 bildirildi.<\/p>\n<p>Ak\u0131ll\u0131 telefonlar i\u00e7in &#8220;iOS 18&#8221; s\u00fcr\u00fcm\u00fc ile getirilecek ana ekran ve foto\u011fraf galerisi i\u00e7in \u00f6zelle\u015ftirmeler ve gizlilik g\u00fcncellemeleri gibi \u00f6zellikler tan\u0131t\u0131ld\u0131.<\/p>\n<\/div>\n<div>\n<p>Ki\u015fisel bilgisayarlar i\u00e7in &#8220;macOS Sequoia&#8221; g\u00fcncellemesiyle yap\u0131labilecekler hakk\u0131nda bilgi verilirken, bu s\u00fcr\u00fcmdeki &#8220;yans\u0131tma&#8221; \u00f6zelli\u011fiyle iPhone telefonlar\u0131n bilgisayar \u00fczerinde kullan\u0131labilece\u011fi aktar\u0131ld\u0131.<\/p>\n<p><b>Apple Intelligence veri gizlili\u011fini \u00f6n planda tutacak<\/b><\/p>\n<p>Etkinlikte, \u015firketin uzun zamand\u0131r beklenen yapay zeka hamlesi Apple Intelligence de duyuruldu.<\/p>\n<p>Apple Intelligence&#8217;\u0131n ba\u011flam odakl\u0131 bildirimler g\u00f6nderebilme, yapay zeka ile g\u00f6r\u00fcnt\u00fc olu\u015fturma, uygulamalar aras\u0131 g\u00f6rev ger\u00e7ekle\u015ftirme gibi yetenekleri tan\u0131lt\u0131ld\u0131.<\/p>\n<p>Sistemin kullan\u0131c\u0131 verilerinin \u00f6zel ve g\u00fcvenli oldu\u011fundan emin olmak i\u00e7in Apple Silicon \u00e7ipini kullanan \u00f6zel sunucularda bulut tabanl\u0131 modellerden yararlanaca\u011f\u0131 ve gizlili\u011fin Apple i\u00e7in en \u00f6nemli \u00f6ncelik oldu\u011fu vurguland\u0131.<\/p>\n<p><b>Y\u0131l\u0131n ilerleyen zamanlar\u0131nda ChatGPT Siri&#8217;ye entegre edilecek<\/b><\/p>\n<p>Ak\u0131ll\u0131 ki\u015fisel asistan Siri&#8217;ye getirilecek yeni \u00f6zellikler ilan edilirken, Siri ile gerekti\u011finde sohbet robotu ChatGPT&#8217;ye eri\u015filebilece\u011fi bildirildi.<\/p>\n<p>ChatGPT ile entegrasyonun y\u0131l\u0131n ilerleyen zamanlar\u0131nda iOS 18, iPadOS 18 ve macOS Sequoia&#8217;ya gelece\u011fi aktar\u0131ld\u0131.<\/p>\n<p>ChatGPT&#8217;nin geli\u015ftiricisi OpenAI \u015firketinin \u00dcst Y\u00f6neticisi Sam Altman, sosyal medya hesab\u0131ndan yapt\u0131\u011f\u0131 payla\u015f\u0131mda, &#8220;Bu y\u0131l\u0131n ilerleyen zamanlar\u0131nda ChatGPT&#8217;yi cihazlar\u0131na entegre etmek i\u00e7in Apple ile ortakl\u0131k yapmaktan mutluyum. Ger\u00e7ekten be\u011fenece\u011finizi d\u00fc\u015f\u00fcn\u00fcyorum&#8221; ifadelerini kulland\u0131.<\/p>\n<p>Apple&#8217;\u0131n s\u00f6z konusu yaz\u0131l\u0131m g\u00fcncellemelerini gelecek ay \u00f6nizlemede kullan\u0131ma sunmadan \u00f6nce, bug\u00fcn geli\u015ftirici s\u00fcr\u00fcmlerini yay\u0131nlayaca\u011f\u0131, yaz\u0131l\u0131m\u0131n son s\u00fcr\u00fcmleri tamamland\u0131\u011f\u0131nda da sonbaharda herkesin kullan\u0131m\u0131na a\u00e7\u0131laca\u011f\u0131 bildirildi.<\/p>\n<\/div>\n<p><\/p>\n<p>Kaynak :\u00a0<span style=\"background-color: rgb(255, 249, 236); color: rgb(55, 58, 60); font-size: 14px;\">Bloomberg HT<\/span><\/p>\n<p><span style=\"display: block; width: 343.125px; color: rgb(55, 58, 60); font-size: 14px; background-color: rgb(255, 249, 236);\"><\/span><\/p>\n","protected":false},"excerpt":{"rendered":"<p>ABD&#8217;li teknoloji \u015firketi Apple, yeni yapay zeka teknolojisi &#8220;Apple Intelligence&#8221;\u0131 tan\u0131tt\u0131, ak\u0131ll\u0131 ki\u015fisel asistan\u0131 Siri\u2019ye sohbet robotu ChatGPT\u2019nin entegrasyonu i\u00e7in OpenAI ile ortakl\u0131k yapt\u0131\u011f\u0131n\u0131 duyurdu.<\/p>\n","protected":false},"author":1,"featured_media":33379,"comment_status":"open","ping_status":"open","sticky":false,"template":"","format":"standard","meta":{"footnotes":""},"categories":[2],"tags":[140,551],"class_list":["post-33378","post","type-post","status-publish","format-standard","has-post-thumbnail","hentry","category-ekonomi","tag-apple","tag-chatgpt"],"_links":{"self":[{"href":"https:\/\/ekamu.net\/index.php\/wp-json\/wp\/v2\/posts\/33378","targetHints":{"allow":["GET"]}}],"collection":[{"href":"https:\/\/ekamu.net\/index.php\/wp-json\/wp\/v2\/posts"}],"about":[{"href":"https:\/\/ekamu.net\/index.php\/wp-json\/wp\/v2\/types\/post"}],"author":[{"embeddable":true,"href":"https:\/\/ekamu.net\/index.php\/wp-json\/wp\/v2\/users\/1"}],"replies":[{"embeddable":true,"href":"https:\/\/ekamu.net\/index.php\/wp-json\/wp\/v2\/comments?post=33378"}],"version-history":[{"count":1,"href":"https:\/\/ekamu.net\/index.php\/wp-json\/wp\/v2\/posts\/33378\/revisions"}],"predecessor-version":[{"id":33380,"href":"https:\/\/ekamu.net\/index.php\/wp-json\/wp\/v2\/posts\/33378\/revisions\/33380"}],"wp:featuredmedia":[{"embeddable":true,"href":"https:\/\/ekamu.net\/index.php\/wp-json\/wp\/v2\/media\/33379"}],"wp:attachment":[{"href":"https:\/\/ekamu.net\/index.php\/wp-json\/wp\/v2\/media?parent=33378"}],"wp:term":[{"taxonomy":"category","embeddable":true,"href":"https:\/\/ekamu.net\/index.php\/wp-json\/wp\/v2\/categories?post=33378"},{"taxonomy":"post_tag","embeddable":true,"href":"https:\/\/ekamu.net\/index.php\/wp-json\/wp\/v2\/tags?post=33378"}],"curies":[{"name":"wp","href":"https:\/\/api.w.org\/{rel}","templated":true}]}}