{"id":3347,"date":"2024-05-28T23:12:06","date_gmt":"2024-05-28T23:12:06","guid":{"rendered":"https:\/\/ekamu.net\/?p=3347"},"modified":"2024-05-28T23:12:06","modified_gmt":"2024-05-28T23:12:06","slug":"ata-emre-akman-cinayetinde-yeni-gelisme-tutuklu-baba-ile-oglunun-dosyalari-birlestirilecek","status":"publish","type":"post","link":"https:\/\/ekamu.net\/index.php\/2024\/05\/28\/ata-emre-akman-cinayetinde-yeni-gelisme-tutuklu-baba-ile-oglunun-dosyalari-birlestirilecek\/","title":{"rendered":"Ata Emre Akman cinayetinde yeni geli\u015fme! Tutuklu baba ile o\u011flunun dosyalar\u0131 birle\u015ftirilecek"},"content":{"rendered":"<p><p>Olay, 11 May\u0131s&#8217;ta, Karesi il\u00e7esi Karao\u011flan Mahallesi Emir Sokak&#8217;ta meydana geldi. Zincir restoranda kurye olarak \u00e7al\u0131\u015fan Bal\u0131kesir \u00dcniversitesi Turizm Fak\u00fcltesi Turizm Rehberli\u011fi B\u00f6l\u00fcm\u00fc \u00f6\u011frencisi Ata Emre Akman, motosikletle sipari\u015f b\u0131rakt\u0131\u011f\u0131 adresten d\u00f6nerken E.\u00d6. taraf\u0131ndan \u00f6n\u00fc kesildi. E.\u00d6., Akman&#8217;\u0131 v\u00fccudunun \u00e7e\u015fitli yerlerinden b\u0131\u00e7aklad\u0131. Akman kanlar i\u00e7inde kal\u0131rken, E.\u00d6. ka\u00e7t\u0131. \u00c7evredekilerin ihbar\u0131yla olay yerine polis ve sa\u011fl\u0131k ekipleri sevk edildi. Sa\u011fl\u0131k ekiplerince yap\u0131lan kontrolde talihsiz gencin ya\u015fam\u0131n\u0131 yitirdi\u011fi belirlendi. Polis ve savc\u0131n\u0131n olay yerindeki incelemelerinin ard\u0131ndan Akman&#8217;\u0131n cenazesi, Bal\u0131kesir Atat\u00fcrk \u015eehir Hastanesi&#8217;nin morguna kald\u0131r\u0131ld\u0131.<\/p>\n<p><strong>SON ANLARI KAMERADA<\/strong><\/p>\n<p>Olayla ilgili \u00e7al\u0131\u015fma ba\u015flatan polis, \u00e7evredeki g\u00fcvenlik kameras\u0131 kay\u0131tlar\u0131n\u0131 incelemeye ald\u0131. G\u00f6r\u00fcnt\u00fclerden kimli\u011fi tespit edilen E.\u00d6., ailesiyle ya\u015fad\u0131\u011f\u0131 eve d\u00fczenlenen operasyonla yakaland\u0131. E.\u00d6. ve saklanmas\u0131na yard\u0131mc\u0131 oldu\u011fu ileri s\u00fcr\u00fclen babas\u0131 Orhan \u00d6. g\u00f6zalt\u0131na al\u0131nd\u0131. &#8216;Kasten yaralama&#8217; ve &#8216;tehdit&#8217; nedeniyle 6 ayr\u0131 su\u00e7 kayd\u0131 bulunan E.\u00d6. ve babas\u0131, polisteki i\u015flemlerinin ard\u0131ndan ayn\u0131 g\u00fcn adliyeye sevk edildi. E.\u00d6. \u00e7\u0131kar\u0131ld\u0131\u011f\u0131 mahkemede tutuklan\u0131rken, serbest b\u0131rak\u0131lan babas\u0131 ise tekrar g\u00f6zalt\u0131na al\u0131nd\u0131 ve tutukland\u0131.<\/p>\n<p>B\u0131\u00e7akl\u0131 sald\u0131r\u0131 an\u0131 ise yak\u0131ndaki bir okulun g\u00fcvenlik kameralar\u0131na yans\u0131d\u0131. G\u00f6r\u00fcnt\u00fclerde, Akman&#8217;\u0131n v\u00fccuduna ald\u0131\u011f\u0131 \u00e7ok say\u0131da b\u0131\u00e7ak darbesiyle motosikletinin \u00fczerine d\u00fc\u015ft\u00fc\u011f\u00fc yer ald\u0131.<\/p>\n<div>\n<div> <img decoding=\"async\" src=\"https:\/\/ekamu.net\/wp-content\/uploads\/2024\/05\/ata-emre-akman-cinayetinde-yeni-gelisme-tutuklu-baba-ile-oglunun-dosyalari-birlestirilecek-0-jKwKbSOS.jpg\"\/><\/img> <\/div>\n<\/p><\/div>\n<\/p>\n<p>Ayr\u0131ca, olaydan bir hafta \u00f6nce Akman&#8217;\u0131n ailesiyle gitti\u011fi tatilde ve k\u0131z arkada\u015f\u0131yla olan g\u00f6r\u00fcnt\u00fcleri de ortaya \u00e7\u0131kt\u0131. Akman&#8217;\u0131n, g\u00f6r\u00fcnt\u00fclerde kameraya el sallamas\u0131, k\u0131z arkada\u015f\u0131yla olan g\u00f6r\u00fcnt\u00fcs\u00fcnde ise gitar \u00e7al\u0131p, birlikte \u015fark\u0131 s\u00f6yledi\u011fi anlar yer ald\u0131.<\/p>\n<p>Soru\u015fturman\u0131n ard\u0131ndan E.\u00d6. ve babas\u0131 Orhan \u00d6. \u0130\u00e7in ayr\u0131 ayr\u0131 iddianame haz\u0131rland\u0131. E.\u00d6. hakk\u0131ndaki iddianamede &#8216;Fiili i\u015fledi\u011fi s\u0131rada 15 ya\u015f\u0131n\u0131 doldurmu\u015f olup da 18 ya\u015f\u0131n\u0131 doldurmam\u0131\u015f olan ki\u015filer hakk\u0131nda su\u00e7, a\u011f\u0131rla\u015ft\u0131r\u0131lm\u0131\u015f m\u00fcebbet hapis cezas\u0131n\u0131 gerektirdi\u011fi takdirde 14 y\u0131ldan 20 y\u0131la, m\u00fcebbet hapis cezas\u0131n\u0131 gerektirdi\u011fi takdirde 9 y\u0131ldan 12 y\u0131la kadar hapis cezas\u0131na h\u00fckmolunur&#8217; maddesi de yer ald\u0131. E.\u00d6. hakk\u0131nda &#8216;Canavarca hisle veya eziyet \u00e7ektirerek adam \u00f6ld\u00fcrme\u2019 su\u00e7undan 18 y\u0131ldan 24 y\u0131la kadar hapis cezas\u0131 istendi.<\/p>\n<p>Babas\u0131 Orhan \u00d6. i\u00e7in de &#8216;Tasarlayarak canavarca hisle veya eziyet \u00e7ektirerek \u00f6ld\u00fcrmeye azmettirme&#8217; su\u00e7undan a\u011f\u0131rla\u015ft\u0131r\u0131lm\u0131\u015f m\u00fcebbet hapis cezas\u0131 verilmesi talep edildi. Bal\u0131kesir A\u011f\u0131r Ceza Mahkemesi taraf\u0131ndan iki dosyan\u0131n birle\u015ftirilmesine karar verildi\u011fi \u00f6\u011frenildi.<\/p>\n\n<p>Kaynak :\u00a0<span style=\"background-color: rgb(255, 249, 236); color: rgb(55, 58, 60); font-size: 14px;\">http:\/\/www.milliyet.com.tr\/gundem\/ata-emre-akman-cinayetinde-yeni-gelisme-tutuklu-baba-ile-oglunun-dosyalari-birlestirilecek-7133735<\/span><\/p>\n","protected":false},"excerpt":{"rendered":"<p>Bal\u0131kesir&#8217;de motokurye olarak \u00e7al\u0131\u015fan \u00fcniversite \u00f6\u011frencisi Ata Emre Akman&#8217;\u0131n (20) yolunu kesip, b\u0131\u00e7aklayarak \u00f6ld\u00fcren E.\u00d6. (17) i\u00e7in &#8216;canavarca hisle veya eziyet \u00e7ektirerek adam \u00f6ld\u00fcrme\u2019 su\u00e7undan 18 y\u0131ldan 24 y\u0131la kadar hapis istemiyle a\u00e7\u0131lan dava ile babas\u0131 Orhan \u00d6. (39) i\u00e7in &#8216;canavarca hisle veya eziyet \u00e7ektirerek adam \u00f6ld\u00fcrmeye azmettirme&#8217; su\u00e7undan a\u011f\u0131rla\u015ft\u0131r\u0131lm\u0131\u015f m\u00fcebbet hapis cezas\u0131 istemiyle a\u00e7\u0131lan davalar\u0131n Bal\u0131kesir A\u011f\u0131r Ceza Mahkemesi taraf\u0131ndan birle\u015ftirilmesine karar verildi.<\/p>\n","protected":false},"author":1,"featured_media":3348,"comment_status":"open","ping_status":"open","sticky":false,"template":"","format":"standard","meta":{"footnotes":""},"categories":[3],"tags":[246,248,247],"class_list":["post-3347","post","type-post","status-publish","format-standard","has-post-thumbnail","hentry","category-genel","tag-babasi","tag-hapis-cezasi","tag-olay"],"_links":{"self":[{"href":"https:\/\/ekamu.net\/index.php\/wp-json\/wp\/v2\/posts\/3347","targetHints":{"allow":["GET"]}}],"collection":[{"href":"https:\/\/ekamu.net\/index.php\/wp-json\/wp\/v2\/posts"}],"about":[{"href":"https:\/\/ekamu.net\/index.php\/wp-json\/wp\/v2\/types\/post"}],"author":[{"embeddable":true,"href":"https:\/\/ekamu.net\/index.php\/wp-json\/wp\/v2\/users\/1"}],"replies":[{"embeddable":true,"href":"https:\/\/ekamu.net\/index.php\/wp-json\/wp\/v2\/comments?post=3347"}],"version-history":[{"count":1,"href":"https:\/\/ekamu.net\/index.php\/wp-json\/wp\/v2\/posts\/3347\/revisions"}],"predecessor-version":[{"id":3350,"href":"https:\/\/ekamu.net\/index.php\/wp-json\/wp\/v2\/posts\/3347\/revisions\/3350"}],"wp:featuredmedia":[{"embeddable":true,"href":"https:\/\/ekamu.net\/index.php\/wp-json\/wp\/v2\/media\/3348"}],"wp:attachment":[{"href":"https:\/\/ekamu.net\/index.php\/wp-json\/wp\/v2\/media?parent=3347"}],"wp:term":[{"taxonomy":"category","embeddable":true,"href":"https:\/\/ekamu.net\/index.php\/wp-json\/wp\/v2\/categories?post=3347"},{"taxonomy":"post_tag","embeddable":true,"href":"https:\/\/ekamu.net\/index.php\/wp-json\/wp\/v2\/tags?post=3347"}],"curies":[{"name":"wp","href":"https:\/\/api.w.org\/{rel}","templated":true}]}}