{"id":34465,"date":"2024-06-12T03:48:07","date_gmt":"2024-06-12T03:48:07","guid":{"rendered":"https:\/\/ekamu.net\/?p=34465"},"modified":"2024-06-12T03:48:07","modified_gmt":"2024-06-12T03:48:07","slug":"200-ulkede-tanitimla-turizmde-ilk-5teyiz","status":"publish","type":"post","link":"https:\/\/ekamu.net\/index.php\/2024\/06\/12\/200-ulkede-tanitimla-turizmde-ilk-5teyiz\/","title":{"rendered":"200 \u00fclkede tan\u0131t\u0131mla&#8230; Turizmde\u00a0 ilk 5\u2019teyiz"},"content":{"rendered":"<p><p><em><strong>Bursa \/<\/strong> <\/em>Turizmde yeni rekorlar bekleniyor. Hem turizmdeki \u00e7e\u015fitlilik hem hizmet hem de 4 mevsim turizmiyle T\u00fcrkiye rakiplerini her y\u0131l tek tek geride b\u0131rak\u0131yor. D\u00fcnyan\u0131n T\u00fcrkiye\u2019ye ilgisinin artmas\u0131nda T\u00fcrkiye Turizm Tan\u0131t\u0131m ve Geli\u015ftirme Ajans\u0131\u2019n\u0131n da (TGA) b\u00fcy\u00fck katk\u0131s\u0131 var. K\u00fclt\u00fcr ve Turizm Bakan\u0131 Mehmet Nuri Ersoy ve e\u015fi Pervin Ersoy ile Bursa K\u00fclt\u00fcr Yolu Festivali i\u00e7in Bursa\u2019da bulu\u015ftuk. \u0130llerde yap\u0131lan K\u00fclt\u00fcr Yolu Festivallerinin turizme b\u00fcy\u00fck katk\u0131s\u0131 oldu\u011funu belirten Bakan Ersoy, \u201cOteller doluyor, kom\u015fu illerden bile gelenler var. Esnaf 9 g\u00fcnde 3 ayl\u0131k ciro yap\u0131yor\u201d diyor. Turizmin geli\u015fmesi i\u00e7in tan\u0131t\u0131ma b\u00fcy\u00fck \u00f6nem verdiklerini belirten Bakan Ersoy, \u201c200 \u00fclkede tan\u0131t\u0131m yap\u0131yoruz. \u0130lk 3 ay beklentilerin \u00fcst\u00fcnde gidiyor. Rekor ziyaret\u00e7i ve gelir rakamlar\u0131na gidiyoruz. Turizmde ilk 5 \u00fclkeden biri haline geldik. S\u00fcper lige \u00e7\u0131kmakla kalmad\u0131k liderlik i\u00e7in m\u00fccadele ediyoruz\u201d diyor.<\/p>\n<p>Pervin Ersoy da e\u015fini festivallerde yaln\u0131z b\u0131rakm\u0131yor. Pervin Ersoy, \u201cyaz aylar\u0131ndaki festivallere yo\u011fun kat\u0131l\u0131m olaca\u011f\u0131na inan\u0131yoruz. \u00c7ok g\u00fczel ve keyifli gidiyor. Ailelerin \u00e7ocuklar\u0131yla birlikte kat\u0131l\u0131m\u0131n\u0131 bekliyoruz. \u00d6zellikle \u00e7ocuklara y\u00f6nelik de bir\u00e7ok g\u00fczel etkinlik var\u201d diyor.<\/p>\n<div>\n<div> <img decoding=\"async\" src=\"https:\/\/ekamu.net\/wp-content\/uploads\/2024\/06\/200-ulkede-tanitimla-turizmde-ilk-5teyiz-0-jyeTidSr.jpg\"\/><\/img> <\/div>\n<\/p><\/div>\n<\/p>\n<p><strong>Beklentilerin \u00fcst\u00fcndeyiz<\/strong><\/p>\n<p>Bakan Ersoy, herkesin kendisinden bir \u015feyler bulabilece\u011fi festivaller yapt\u0131klar\u0131n\u0131 dile getirdi. K\u00fclt\u00fcr Yolu Festivallerinin her ya\u015f grubunda k\u00fclt\u00fcr sanata eri\u015fim, sanata ve sanat\u00e7\u0131ya destek, ilin markala\u015fmas\u0131n\u0131 sa\u011flamak gibi \u00f6nemli faydalar\u0131 oldu\u011funu belirten Bakan Ersoy, festivallerde Filistinli sanat\u00e7\u0131lar\u0131n kat\u0131laca\u011f\u0131 konserler de olaca\u011f\u0131n\u0131 kaydetti.<\/p>\n<p>Bakan Ersoy ile yeni turizm stratejilerini ve hedeflerini de konu\u015ftuk. Bu seneki turizm gelirinde hedefin 60 milyar dolar oldu\u011funu belirterek Bakan Ersoy, \u201cilk 3 ayda beklentilerin \u00fcst\u00fcnde gidiyor. Pandemi \u00f6ncesi rakamlara d\u00f6nd\u00fck\u201d diyor.<\/p>\n<p><strong>12 ay 81 ilde turizm<\/strong><\/p>\n<p>TGA\u2019n\u0131n yurtd\u0131\u015f\u0131nda T\u00fcrkiye\u2019nin tan\u0131t\u0131m\u0131 i\u00e7in yo\u011fun \u00e7al\u0131\u015fmalar yapt\u0131\u011f\u0131n\u0131 belirten Bakan Ersoy, \u201c200 \u00fclkede tan\u0131t\u0131m yap\u0131l\u0131yor. 37 \u00fclkenin ulusal televizyonlar\u0131nda tan\u0131t\u0131mlar\u0131m\u0131z var. T\u00fcrkiye en yo\u011fun tan\u0131t\u0131m yapan \u00fclke oldu\u201d dedi. Bu sene Didim tan\u0131t\u0131mlar\u0131na da ayr\u0131 yer verdiklerini belirten Ersoy, Bodrum-Didim paket program \u00e7al\u0131\u015fmalar\u0131n da yap\u0131ld\u0131\u011f\u0131n\u0131 s\u00f6yledi. D\u00fc\u015f\u00fck sezonu canland\u0131rmak i\u00e7in projeler de yapt\u0131klar\u0131n\u0131 dile getiren Bakan \u00d6zsoy, \u201cturizmi 12 aya yay\u0131yoruz. 81 ile yaymaya \u00e7al\u0131\u015f\u0131yoruz. K\u00fclt\u00fcr turlar\u0131 artacak\u201d diyor.<\/p>\n<p><strong>Gece m\u00fczeleri esnafa yar\u0131yor<\/strong><\/p>\n<p>Turizmde \u00e7e\u015fitlili\u011fin \u00e7ok \u00f6nemli oldu\u011funu vurgulayan Bakan Ersoy, \u201cgece m\u00fczelerine ba\u015flad\u0131k. B\u00f6ylece turist ak\u015fam da d\u0131\u015far\u0131 \u00e7\u0131k\u0131yor. Esnaf i\u00e7in iyi oluyor\u201d dedi. Turistlerin gecelik harcamas\u0131 ortalamas\u0131n\u0131n 93 dolar oldu\u011funu kaydeden Bakan \u00d6zsoy, bunu 103 dolara \u00e7\u0131karma hedefleri oldu\u011funu belirtiyor. THY\u2019nin 330 \u015fehire u\u00e7mas\u0131n\u0131n turizm a\u00e7\u0131s\u0131ndan \u00f6nemli oldu\u011funu kaydeden Ersoy, farkl\u0131 \u00fclkelerden gelen art\u0131\u015flar\u0131 da \u015f\u00f6yle anlatt\u0131: \u201cPolonya ve \u0130ngiltere\u2019den gelenlerde ciddi art\u0131\u015f var. Ayr\u0131ca Asya ve ABD\u2019de de art\u0131\u015f b\u00fcy\u00fck. 1,4 milyon ABD\u2019li geldi hedef 2,5 milyon. \u00c7in\u2019de de hedef 2,5 milyon. \u0130skandinav \u00fclkelerinden gelenlerde de art\u0131\u015f g\u00f6r\u00fcyoruz. ABD\u2019liler uzun kalmak istiyor. \u00dcr\u00fcn\u00fcn \u00e7e\u015fitlili\u011fini art\u0131rmak istiyorlar. Anadolu\u2019da farkl\u0131 paketler al\u0131yorlar.\u201d<\/p>\n<p><strong>Ta\u015f tepeler artacak<\/strong><\/p>\n<p>G\u00f6beklitepe ve Karahantepe\u2019nin d\u00fcnya tarihi a\u00e7\u0131s\u0131ndan \u00f6nemli ke\u015fifler oldu\u011funu dile getiren Ersoy, \u201cta\u015f tepelerde 12 noktada kaz\u0131 var. Bunu 20\u2019ye \u00e7\u0131karaca\u011f\u0131z. Tarihe bak\u0131\u015f de\u011fi\u015fiyor. 22 uluslararas\u0131 \u00fcniversite akademi kaz\u0131lara destek veriyor. Bunlar b\u00f6lgenin turizmi a\u00e7\u0131s\u0131ndan \u00e7ok de\u011ferli\u201d diyor.<\/p>\n\n<p>Kaynak :\u00a0<span style=\"background-color: rgb(255, 249, 236); color: rgb(55, 58, 60); font-size: 14px;\">http:\/\/www.milliyet.com.tr\/yazarlar\/abdullah-karakus\/200-ulkede-tanitimla-turizmde-ilk-5teyiz-7136357<\/span><\/p>\n","protected":false},"excerpt":{"rendered":"<p>Bursa \/ Turizmde yeni rekorlar bekleniyor. Hem turizmdeki \u00e7e\u015fitlilik hem hizmet hem de 4 mevsim turizmiyle T\u00fcrkiye rakiplerini her y\u0131l tek tek geride b\u0131rak\u0131yor. D\u00fcnyan\u0131n T\u00fcrkiye\u2019ye ilgisinin artmas\u0131nda T\u00fcrkiye Turizm Tan\u0131t\u0131m ve Geli\u015ftirme Ajans\u0131\u2019n\u0131n &#8230;<\/p>\n","protected":false},"author":1,"featured_media":34466,"comment_status":"open","ping_status":"open","sticky":false,"template":"","format":"standard","meta":{"footnotes":""},"categories":[8],"tags":[1970,182,1969,1061,305],"class_list":["post-34465","post","type-post","status-publish","format-standard","has-post-thumbnail","hentry","category-teknoloji","tag-bakan-ersoy","tag-ersoy","tag-tanitim","tag-turizm","tag-ulke"],"_links":{"self":[{"href":"https:\/\/ekamu.net\/index.php\/wp-json\/wp\/v2\/posts\/34465","targetHints":{"allow":["GET"]}}],"collection":[{"href":"https:\/\/ekamu.net\/index.php\/wp-json\/wp\/v2\/posts"}],"about":[{"href":"https:\/\/ekamu.net\/index.php\/wp-json\/wp\/v2\/types\/post"}],"author":[{"embeddable":true,"href":"https:\/\/ekamu.net\/index.php\/wp-json\/wp\/v2\/users\/1"}],"replies":[{"embeddable":true,"href":"https:\/\/ekamu.net\/index.php\/wp-json\/wp\/v2\/comments?post=34465"}],"version-history":[{"count":1,"href":"https:\/\/ekamu.net\/index.php\/wp-json\/wp\/v2\/posts\/34465\/revisions"}],"predecessor-version":[{"id":34468,"href":"https:\/\/ekamu.net\/index.php\/wp-json\/wp\/v2\/posts\/34465\/revisions\/34468"}],"wp:featuredmedia":[{"embeddable":true,"href":"https:\/\/ekamu.net\/index.php\/wp-json\/wp\/v2\/media\/34466"}],"wp:attachment":[{"href":"https:\/\/ekamu.net\/index.php\/wp-json\/wp\/v2\/media?parent=34465"}],"wp:term":[{"taxonomy":"category","embeddable":true,"href":"https:\/\/ekamu.net\/index.php\/wp-json\/wp\/v2\/categories?post=34465"},{"taxonomy":"post_tag","embeddable":true,"href":"https:\/\/ekamu.net\/index.php\/wp-json\/wp\/v2\/tags?post=34465"}],"curies":[{"name":"wp","href":"https:\/\/api.w.org\/{rel}","templated":true}]}}