{"id":3512,"date":"2024-05-29T00:48:11","date_gmt":"2024-05-29T00:48:11","guid":{"rendered":"https:\/\/ekamu.net\/?p=3512"},"modified":"2024-05-29T00:48:11","modified_gmt":"2024-05-29T00:48:11","slug":"meclis-baskani-kurtulmus-kambocyali-bakani-kabul-etti","status":"publish","type":"post","link":"https:\/\/ekamu.net\/index.php\/2024\/05\/29\/meclis-baskani-kurtulmus-kambocyali-bakani-kabul-etti\/","title":{"rendered":"Meclis Ba\u015fkan\u0131 Kurtulmu\u015f Kambo\u00e7yal\u0131 Bakan\u0131 kabul etti"},"content":{"rendered":"<p><p>Kurtulmu\u015f, Kambo\u00e7ya Ba\u015fbakan Yard\u0131mc\u0131s\u0131, D\u0131\u015fi\u015fleri ve Uluslararas\u0131 \u0130\u015fbirli\u011fi Bakan\u0131 Sok Chenda Sophea\u2019y\u0131 makam\u0131nda kabul etti. Kurtulmu\u015f, g\u00f6r\u00fc\u015fmede, T\u00fcrkiye ve Kambo\u00e7ya\u2019n\u0131n fevkalade g\u00fc\u00e7l\u00fc i\u015fbirli\u011fi imkanlar\u0131na sahip \u00fclkeler oldu\u011funu, kar\u015f\u0131l\u0131kl\u0131 ziyaretler vas\u0131tas\u0131yla bu potansiyellerin harekete ge\u00e7irilerek sonu\u00e7 al\u0131nabilece\u011fini dile getirdi.<\/p>\n<p>T\u00fcrkiye\u2019nin k\u00fclt\u00fcrel diplomasi kurumlar\u0131 vas\u0131tas\u0131yla Kambo\u00e7ya ile ili\u015fkileri daha da yak\u0131nla\u015ft\u0131rma arzusunda olduklar\u0131n\u0131 ifade eden Kurtulmu\u015f, \u015funlar\u0131 kaydetti:<\/p>\n<div>\n<div> <img decoding=\"async\" src=\"https:\/\/ekamu.net\/wp-content\/uploads\/2024\/05\/meclis-baskani-kurtulmus-kambocyali-bakani-kabul-etti-0-OVw5ertp.jpg\"\/><\/img> <\/div>\n<\/p><\/div>\n<\/p>\n<p>\u201cT\u00fcrkiye\u2019nin son y\u0131llarda geli\u015ftirdi\u011fi \u2018yeniden Asya\u2019 giri\u015fimi \u00e7er\u00e7evesinde Asya\u2019n\u0131n geneliyle \u00e7ok iyi ili\u015fkiler geli\u015ftirmeye gayret ediyoruz. Asya, yeniden o tarihsel potansiyelini yakalam\u0131\u015f g\u00f6r\u00fcn\u00fcyor. Bundan sonra \u00f6zellikle d\u00fcnyada yeni olu\u015facak k\u00fcresel sistem i\u00e7erisinde Asya \u00e7ok \u00f6nemli bir \u00e7ekim merkezi olacakt\u0131r. T\u00fcrkiye de Asya\u2019n\u0131n en bat\u0131s\u0131nda, Avrupa\u2019n\u0131n en do\u011fusunda stratejik bir b\u00f6lgede yer alan, potansiyelleri g\u00fc\u00e7l\u00fc bir \u00fclke olarak yeni d\u00fcnyan\u0131n olu\u015fumu i\u00e7erisinde etkili bir \u00fclke olma yolunda ilerlemektedir. K\u00fcresel olarak yeni bir d\u00f6nemin ba\u015f\u0131nday\u0131z; bir\u00e7ok yeni geli\u015fme ve meydan okumayla kar\u015f\u0131 kar\u015f\u0131yay\u0131z. Art\u0131k \u00f6n\u00fcm\u00fczde \u00e7ok kutuplulu\u011fun esas oldu\u011fu yeni bir d\u00fcnya sisteminin kurulmas\u0131n\u0131n ba\u015flang\u0131c\u0131nday\u0131z. Bunun i\u00e7in de T\u00fcrkiye, Asya\u2019daki devletlerle ili\u015fkilerine ola\u011fan\u00fcst\u00fc \u00f6nem vermektedir.\u201d<\/p>\n<p>T\u00fcrkiye ve Kambo\u00e7ya aras\u0131ndaki ili\u015fkilerin 65. y\u0131l\u0131 oldu\u011funu an\u0131msatan Sok, h\u00fck\u00fcmetlerinin uygulad\u0131\u011f\u0131 yeni d\u0131\u015f politika anlay\u0131\u015f\u0131yla eski dostlarla ili\u015fkileri daha da geli\u015ftirme arzusunda olduklar\u0131n\u0131, T\u00fcrkiye ile her alanda i\u015fbirli\u011fini geli\u015ftirmek istediklerini bildirdi.<\/p>\n\n<p>Kaynak :\u00a0<span style=\"background-color: rgb(255, 249, 236); color: rgb(55, 58, 60); font-size: 14px;\">http:\/\/www.milliyet.com.tr\/gundem\/meclis-baskani-kurtulmus-kambocyali-bakani-kabul-etti-7133746<\/span><\/p>\n","protected":false},"excerpt":{"rendered":"<p>TBMM Ba\u015fkan\u0131 Numan Kurtulmu\u015f, Kambo\u00e7ya Ba\u015fbakan Yard\u0131mc\u0131s\u0131, D\u0131\u015fi\u015fleri ve Uluslararas\u0131 \u0130\u015fbirli\u011fi Bakan\u0131 Sok Chenda Sophea\u2019y\u0131 kabul etti.<\/p>\n","protected":false},"author":1,"featured_media":3513,"comment_status":"open","ping_status":"open","sticky":false,"template":"","format":"standard","meta":{"footnotes":""},"categories":[3],"tags":[260,261,80],"class_list":["post-3512","post","type-post","status-publish","format-standard","has-post-thumbnail","hentry","category-genel","tag-asya","tag-iliskiler","tag-turkiye"],"_links":{"self":[{"href":"https:\/\/ekamu.net\/index.php\/wp-json\/wp\/v2\/posts\/3512","targetHints":{"allow":["GET"]}}],"collection":[{"href":"https:\/\/ekamu.net\/index.php\/wp-json\/wp\/v2\/posts"}],"about":[{"href":"https:\/\/ekamu.net\/index.php\/wp-json\/wp\/v2\/types\/post"}],"author":[{"embeddable":true,"href":"https:\/\/ekamu.net\/index.php\/wp-json\/wp\/v2\/users\/1"}],"replies":[{"embeddable":true,"href":"https:\/\/ekamu.net\/index.php\/wp-json\/wp\/v2\/comments?post=3512"}],"version-history":[{"count":1,"href":"https:\/\/ekamu.net\/index.php\/wp-json\/wp\/v2\/posts\/3512\/revisions"}],"predecessor-version":[{"id":3515,"href":"https:\/\/ekamu.net\/index.php\/wp-json\/wp\/v2\/posts\/3512\/revisions\/3515"}],"wp:featuredmedia":[{"embeddable":true,"href":"https:\/\/ekamu.net\/index.php\/wp-json\/wp\/v2\/media\/3513"}],"wp:attachment":[{"href":"https:\/\/ekamu.net\/index.php\/wp-json\/wp\/v2\/media?parent=3512"}],"wp:term":[{"taxonomy":"category","embeddable":true,"href":"https:\/\/ekamu.net\/index.php\/wp-json\/wp\/v2\/categories?post=3512"},{"taxonomy":"post_tag","embeddable":true,"href":"https:\/\/ekamu.net\/index.php\/wp-json\/wp\/v2\/tags?post=3512"}],"curies":[{"name":"wp","href":"https:\/\/api.w.org\/{rel}","templated":true}]}}