{"id":35679,"date":"2024-06-12T17:24:07","date_gmt":"2024-06-12T17:24:07","guid":{"rendered":"https:\/\/ekamu.net\/?p=35679"},"modified":"2024-06-12T17:24:07","modified_gmt":"2024-06-12T17:24:07","slug":"48-yil-ayni-yastiga-bas-koymuslardi-erkan-yolactan-17-gun-sonra-esi-asuman-yolac-vefat-etti","status":"publish","type":"post","link":"https:\/\/ekamu.net\/index.php\/2024\/06\/12\/48-yil-ayni-yastiga-bas-koymuslardi-erkan-yolactan-17-gun-sonra-esi-asuman-yolac-vefat-etti\/","title":{"rendered":"48 y\u0131l ayn\u0131 yast\u0131\u011fa ba\u015f koymu\u015flard\u0131! Erkan Yola\u00e7&#8217;tan 17 g\u00fcn sonra e\u015fi Asuman Yola\u00e7 vefat etti"},"content":{"rendered":"<p><p>TRT&#8217;de yay\u0131nlanan &#8216;Evet-Hay\u0131r Yar\u0131\u015fmas\u0131&#8217;n\u0131n sunucusu olarak haf\u0131zalara kaz\u0131nan, TGRT kanal\u0131nda &#8216;Erkan Yola\u00e7 Show&#8217; adl\u0131 e\u011flence program\u0131 yapan Erkan Yola\u00e7, 16 May\u0131s g\u00fcn\u00fc tedavi g\u00f6rd\u00fc\u011f\u00fc hastanede hayat\u0131n\u0131 kaybetmi\u015fti.<\/p>\n<p>Yola\u00e7\u2019\u0131n vefat\u0131na y\u00f6nelik yap\u0131lan a\u00e7\u0131klamada \u015fu ifadeler kullan\u0131lm\u0131\u015ft\u0131:<\/p>\n<section>\n<div>\n<p>Solunum s\u0131k\u0131nt\u0131s\u0131 nedeni ile hastanemize ba\u015fvurmu\u015f olan de\u011ferli televizyoncu Erkan Yola\u00e7\u2019\u0131n tedavisi multidisipliner yakla\u015f\u0131m ile s\u00fcrd\u00fcr\u00fclm\u00fc\u015ft\u00fcr. Uzun s\u00fcredir yo\u011fun bak\u0131m \u00fcnitesinde tedavi alt\u0131nda olan hastam\u0131z maalesef \u00e7oklu organ yetmezli\u011fi nedeniyle 16 May\u0131s 2024 ak\u015fam\u0131 saat 21.00\u2019de vefat etmistir. Kendisine rahmet, kederli ailesine ve t\u00fcm sevenlerine ba\u015fsa\u011fl\u0131\u011f\u0131 dileriz.<\/p>\n<\/div>\n<\/section>\n<p><img decoding=\"async\" src=\"https:\/\/ekamu.net\/wp-content\/uploads\/2024\/06\/48-yil-ayni-yastiga-bas-koymuslardi-erkan-yolactan-17-gun-sonra-esi-asuman-yolac-b8bxZJKJ.jpg\"\/><\/img><\/p>\n<p>Tedavi g\u00f6rd\u00fc\u011f\u00fc hastanede 16 May\u0131s Per\u015fembe g\u00fcn\u00fc hayat\u0131n\u0131 kaybeden sunucu Erkan Yola\u00e7 i\u00e7in Barbaros Hayrettin Pa\u015fa Camii&#8217;nde cenaze t\u00f6reni yap\u0131lm\u0131\u015ft\u0131.<\/p>\n<p>Sevilen isim, t\u00f6renin ard\u0131ndan Yola\u00e7&#8217;\u0131n cenazesi Zekeriyak\u00f6y Mezarl\u0131\u011f\u0131&#8217;nda topra\u011fa verilmi\u015fti.<\/p>\n<p><img decoding=\"async\" src=\"https:\/\/ekamu.net\/wp-content\/uploads\/2024\/06\/48-yil-ayni-yastiga-bas-koymuslardi-erkan-yolactan-17-gun-sonra-esi-asuman-yolac-cPhN6rEe.jpg\"\/><\/img><\/p>\n<p><strong>17 G\u00dcN SONRA B\u0130R ACI HABER DAHA<\/strong><\/p>\n<p>Erkan Yola\u00e7&#8217;\u0131n kayb\u0131n\u0131n ard\u0131ndan sadece 17 g\u00fcn sonra e\u015fi Asuman Tu\u011fberk Yola\u00e7&#8217;\u0131n vefat haberi geldi. Yola\u00e7 Ailesi ac\u0131 haberi yapt\u0131klar\u0131 bas\u0131n a\u00e7\u0131klamas\u0131 ile duyurdu:<\/p>\n<section>\n<div>\n<p>1970 T\u00fcrkiye G\u00fczellik krali\u00e7esi Erkan Yola\u00e7&#8217;\u0131n e\u015fi Asuman Tu\u011fberk Yola\u00e7, 2 Haziran Pazar g\u00fcn\u00fc hayat\u0131n\u0131 kaybetti. 1970 y\u0131l\u0131nda T\u00fcrkiye 1970 y\u0131l\u0131nda T\u00fcrkiye G\u00fczeli se\u00e7ildikten sonra mankenlik, ve kad\u0131n giyim \u00fczerine modac\u0131 olarak kariyerine devam eden Asuman Tu\u011fberk Yola\u00e7, 1976 y\u0131l\u0131nda evlendi\u011fi e\u015fi Erkan Yola\u00e7 ile birlikte Yola\u00e7 A\u015e&#8217;yi kurdu. Ayn\u0131 zamanda uzun y\u0131llar Erkan Yola\u00e7 Show&#8217;un yap\u0131mc\u0131l\u0131\u011f\u0131n\u0131 \u00fcstlendi. Yola\u00e7&#8217;\u0131n cenazesi 4 Haziran Sal\u0131 g\u00fcn\u00fc Levent Barbaros Hayrettin Pa\u015fa Camii&#8217;nde k\u0131linacak \u00f6\u011fle namaz\u0131m m\u00fcteakip defnedilecektir. Kamuoyunun bilgilerine sunar\u0131z.<\/p>\n<\/div>\n<\/section>\n<div>\n<div> <img decoding=\"async\" src=\"https:\/\/ekamu.net\/wp-content\/uploads\/2024\/06\/48-yil-ayni-yastiga-bas-koymuslardi-erkan-yolactan-17-gun-sonra-esi-asuman-yolac-ZlqNx1HC.jpg\"\/><\/img> <\/div>\n<\/p><\/div>\n<\/p>\n<p>Kaynak :\u00a0<span style=\"background-color: rgb(255, 249, 236); color: rgb(55, 58, 60); font-size: 14px;\">http:\/\/www.milliyet.com.tr\/cadde\/48-yil-ayni-yastiga-bas-koymuslardi-erkan-yolactan-17-gun-sonra-esi-asuman-yolac-vefat-etti-7136408<\/span><\/p>\n","protected":false},"excerpt":{"rendered":"<p>16 May\u0131s&#8217;ta hayat\u0131n\u0131 kaybeden \u00fcnl\u00fc sunucu Erkan Yola\u00e7&#8217;\u0131n 48 y\u0131ll\u0131k e\u015fi Asuman Tu\u011fberk, e\u015finin vefat\u0131ndan 17 g\u00fcn sonra vefat etti. Bir s\u00fcredir kanser tedavisi g\u00f6rd\u00fc\u011f\u00fc bilinen 1970 T\u00fcrkiye g\u00fczeli Asuman Tu\u011fberk, 72 ya\u015f\u0131nda hayata g\u00f6zlerini yumdu.<\/p>\n","protected":false},"author":1,"featured_media":35680,"comment_status":"open","ping_status":"open","sticky":false,"template":"","format":"standard","meta":{"footnotes":""},"categories":[4],"tags":[2007,301,2006],"class_list":["post-35679","post","type-post","status-publish","format-standard","has-post-thumbnail","hentry","category-magazin","tag-erkan-yolac","tag-gun","tag-yolac"],"_links":{"self":[{"href":"https:\/\/ekamu.net\/index.php\/wp-json\/wp\/v2\/posts\/35679","targetHints":{"allow":["GET"]}}],"collection":[{"href":"https:\/\/ekamu.net\/index.php\/wp-json\/wp\/v2\/posts"}],"about":[{"href":"https:\/\/ekamu.net\/index.php\/wp-json\/wp\/v2\/types\/post"}],"author":[{"embeddable":true,"href":"https:\/\/ekamu.net\/index.php\/wp-json\/wp\/v2\/users\/1"}],"replies":[{"embeddable":true,"href":"https:\/\/ekamu.net\/index.php\/wp-json\/wp\/v2\/comments?post=35679"}],"version-history":[{"count":1,"href":"https:\/\/ekamu.net\/index.php\/wp-json\/wp\/v2\/posts\/35679\/revisions"}],"predecessor-version":[{"id":35684,"href":"https:\/\/ekamu.net\/index.php\/wp-json\/wp\/v2\/posts\/35679\/revisions\/35684"}],"wp:featuredmedia":[{"embeddable":true,"href":"https:\/\/ekamu.net\/index.php\/wp-json\/wp\/v2\/media\/35680"}],"wp:attachment":[{"href":"https:\/\/ekamu.net\/index.php\/wp-json\/wp\/v2\/media?parent=35679"}],"wp:term":[{"taxonomy":"category","embeddable":true,"href":"https:\/\/ekamu.net\/index.php\/wp-json\/wp\/v2\/categories?post=35679"},{"taxonomy":"post_tag","embeddable":true,"href":"https:\/\/ekamu.net\/index.php\/wp-json\/wp\/v2\/tags?post=35679"}],"curies":[{"name":"wp","href":"https:\/\/api.w.org\/{rel}","templated":true}]}}