{"id":35688,"date":"2024-06-12T18:12:13","date_gmt":"2024-06-12T18:12:13","guid":{"rendered":"https:\/\/ekamu.net\/?p=35688"},"modified":"2024-06-12T18:12:13","modified_gmt":"2024-06-12T18:12:13","slug":"bahcede-yilan-dehseti-yasli-kadin-hayatini-kaybetti","status":"publish","type":"post","link":"https:\/\/ekamu.net\/index.php\/2024\/06\/12\/bahcede-yilan-dehseti-yasli-kadin-hayatini-kaybetti\/","title":{"rendered":"Bah\u00e7ede y\u0131lan deh\u015feti! Ya\u015fl\u0131 kad\u0131n hayat\u0131n\u0131 kaybetti"},"content":{"rendered":"<p><p>Al\u0131nan bilgiye g\u00f6re, Sebzeciler k\u00f6y\u00fcnde 75 ya\u015f\u0131ndaki G\u00fclsahin \u00c7akmak, bah\u00e7esinde \u00e7al\u0131\u015f\u0131rken \u00fczerine bast\u0131\u011f\u0131 y\u0131lan taraf\u0131ndan \u0131s\u0131r\u0131ld\u0131. Kom\u015fular\u0131, durumu fark eder etmez hemen ya\u015fl\u0131 kad\u0131n\u0131 Yusufeli Devlet Hastanesine g\u00f6t\u00fcrd\u00fc.<\/p>\n<p>\u00a0\u0130lk m\u00fcdahalenin ard\u0131ndan \u00c7akmak, Artvin Devlet Hastanesine sevk edildi. Burada yap\u0131lan b\u00fct\u00fcn m\u00fcdahalelere ra\u011fmen ya\u015fl\u0131 kad\u0131n kurtar\u0131lamad\u0131.<\/p>\n<div>\n<div> <img decoding=\"async\" src=\"https:\/\/ekamu.net\/wp-content\/uploads\/2024\/06\/bahcede-yilan-dehseti-yasli-kadin-hayatini-kaybetti-0-nt7MQObW.jpg\"\/><\/img> <\/div>\n<\/p><\/div>\n<\/p>\n<p><strong>KAHRAMANMARA\u015e<\/strong><\/p>\n<p>Kahramanmara\u015f&#8217;ta havalar\u0131n \u0131s\u0131nmas\u0131yla birlikte ortaya \u00e7\u0131kan y\u0131lanlar\u0131n dans\u0131 cep telefonu kameralar\u0131na yans\u0131d\u0131.<\/p>\n<p>G\u00f6ksun il\u00e7esinde y\u0131lanlar dakikalarca birbiriyle dans etti. \u0130ki y\u0131lan\u0131n dans\u0131na denk gelen Durdu Ayd\u0131n isimli vatanda\u015f, o anlar\u0131 cep telefonu kameras\u0131na ise saniye saniye kaydetti.<\/p>\n<p>\u00a0<\/p>\n\n<p>Kaynak :\u00a0<span style=\"background-color: rgb(255, 249, 236); color: rgb(55, 58, 60); font-size: 14px;\">http:\/\/www.milliyet.com.tr\/gundem\/bahcede-yilan-dehseti-yasli-kadin-hayatini-kaybetti-7136410<\/span><\/p>\n","protected":false},"excerpt":{"rendered":"<p>Artvin&#8217;in Yusufeli il\u00e7esinde bah\u00e7ede \u00e7al\u0131\u015f\u0131rken y\u0131lan taraf\u0131ndan \u0131s\u0131r\u0131lan ya\u015fl\u0131 kad\u0131n, hayat\u0131n\u0131 kaybetti.<\/p>\n","protected":false},"author":1,"featured_media":35689,"comment_status":"open","ping_status":"open","sticky":false,"template":"","format":"standard","meta":{"footnotes":""},"categories":[3],"tags":[],"class_list":["post-35688","post","type-post","status-publish","format-standard","has-post-thumbnail","hentry","category-genel"],"_links":{"self":[{"href":"https:\/\/ekamu.net\/index.php\/wp-json\/wp\/v2\/posts\/35688","targetHints":{"allow":["GET"]}}],"collection":[{"href":"https:\/\/ekamu.net\/index.php\/wp-json\/wp\/v2\/posts"}],"about":[{"href":"https:\/\/ekamu.net\/index.php\/wp-json\/wp\/v2\/types\/post"}],"author":[{"embeddable":true,"href":"https:\/\/ekamu.net\/index.php\/wp-json\/wp\/v2\/users\/1"}],"replies":[{"embeddable":true,"href":"https:\/\/ekamu.net\/index.php\/wp-json\/wp\/v2\/comments?post=35688"}],"version-history":[{"count":1,"href":"https:\/\/ekamu.net\/index.php\/wp-json\/wp\/v2\/posts\/35688\/revisions"}],"predecessor-version":[{"id":35691,"href":"https:\/\/ekamu.net\/index.php\/wp-json\/wp\/v2\/posts\/35688\/revisions\/35691"}],"wp:featuredmedia":[{"embeddable":true,"href":"https:\/\/ekamu.net\/index.php\/wp-json\/wp\/v2\/media\/35689"}],"wp:attachment":[{"href":"https:\/\/ekamu.net\/index.php\/wp-json\/wp\/v2\/media?parent=35688"}],"wp:term":[{"taxonomy":"category","embeddable":true,"href":"https:\/\/ekamu.net\/index.php\/wp-json\/wp\/v2\/categories?post=35688"},{"taxonomy":"post_tag","embeddable":true,"href":"https:\/\/ekamu.net\/index.php\/wp-json\/wp\/v2\/tags?post=35688"}],"curies":[{"name":"wp","href":"https:\/\/api.w.org\/{rel}","templated":true}]}}