{"id":35891,"date":"2024-06-12T22:36:08","date_gmt":"2024-06-12T22:36:08","guid":{"rendered":"https:\/\/ekamu.net\/?p=35891"},"modified":"2024-06-12T22:36:08","modified_gmt":"2024-06-12T22:36:08","slug":"cobanin-kirpiyi-takip-etmesiyle-ortaya-cikti-30-milyon-yil-once-olustu-351-basamakla-iniliyor","status":"publish","type":"post","link":"https:\/\/ekamu.net\/index.php\/2024\/06\/12\/cobanin-kirpiyi-takip-etmesiyle-ortaya-cikti-30-milyon-yil-once-olustu-351-basamakla-iniliyor\/","title":{"rendered":"\u00c7oban\u0131n kirpiyi takip etmesiyle ortaya \u00e7\u0131kt\u0131! 30 milyon y\u0131l \u00f6nce olu\u015ftu, 351 basamakla iniliyor"},"content":{"rendered":"<p><p>D\u0131\u015f\u0131nda Akdeniz&#8217;in manzaras\u0131, i\u00e7erisinde ise buz sark\u0131tlar\u0131 ba\u015fta olmak \u00fczere do\u011fal yap\u0131s\u0131 ile dikkat \u00e7eken Gilindire Ma\u011faras\u0131, Mersin-Antalya D-400 karayoluna 1,5 kilometre mesafede Ayd\u0131nc\u0131k il\u00e7esi s\u0131n\u0131rlar\u0131nda Sancak Burnu ile Kurtini Deresi aras\u0131nda yer al\u0131yor. Yatay olarak do\u011fal olu\u015fan ma\u011faran\u0131n i\u00e7inde devasa boyutlarda her t\u00fcrden damlata\u015f olu\u015fumlar\u0131n yer almas\u0131 dikkat \u00e7ekiyor. Sonunda bulunan muhte\u015fem bir g\u00f6r\u00fcnt\u00fcye sahip olan ve &#8216;Aynal\u0131&#8217; ismi verilen g\u00f6l ise ayr\u0131 bir izleme keyfi sunuyor.<\/p>\n<p><strong>2013 YILINDA TESC\u0130L ED\u0130LM\u0130\u015eT\u0130, BUZUL \u00c7A\u011eINI YANSITIYOR<\/strong><\/p>\n<p>Yap\u0131lan incelemelerde ma\u011farada bulunan sark\u0131t, dikit gibi olu\u015fumlar\u0131n tarih boyunca su alt\u0131nda kald\u0131\u011f\u0131ndan atmosferik de\u011fi\u015fimlerden etkilenmeden g\u00fcn\u00fcm\u00fcze kadar ula\u015ft\u0131\u011f\u0131 belirlenirken, su alt\u0131nda kalan olu\u015fumlar\u0131n, k\u00fcresel iklim de\u011fi\u015fikli\u011fi \u00f6ncesinde olu\u015ftu\u011fu, b\u00fcnyelerinde \u00f6nceki buzul \u00e7a\u011f\u0131na ili\u015fkin b\u00fct\u00fcn hidrolojik ve atmosferik verileri sakl\u0131 tuttu\u011fu tespit edilmi\u015fti. Yerbilimciler taraf\u0131ndan e\u015fsiz olarak kabul edilen ma\u011fara \u201cGilindire Ma\u011faras\u0131 Tabiat An\u0131t\u0131\u201d ad\u0131yla tescil edilmi\u015fti. 1999 y\u0131l\u0131nda bir \u00e7oban\u0131n kirpi yakalamaya \u00e7al\u0131\u015f\u0131rken tesad\u00fcfen buldu\u011fu 2013 y\u0131l\u0131nda ise turizme kazand\u0131r\u0131lan ma\u011fara denizden 45 metre y\u00fcksek yama\u00e7ta, 46 metre derinli\u011fe inildi\u011finde ise deniz seviyesinin 1 metre alt\u0131nda kald\u0131\u011f\u0131 da tespit edilmi\u015fti.<\/p>\n<p><strong>&#8220;HER GELEN\u0130 ETK\u0130LEYEN B\u0130R YAPISI VAR&#8221;<\/strong><\/p>\n<p>Gilindere ma\u011faras\u0131n\u0131n bir do\u011fa harikas\u0131 oldu\u011funu belirten Vali Hamza Pehlivan:&#8221; Ger\u00e7ekten her geleni etkileyen bir yap\u0131s\u0131 var. Biz de burada son d\u00f6nemde yenileme \u00e7al\u0131\u015fmalar\u0131 ger\u00e7ekle\u015ftirdik. \u00c7evre d\u00fczenlemesi, ta\u015flar\u0131n oyulmas\u0131 ile yeni bir kap\u0131 olu\u015fturulmas\u0131 basamaklar\u0131 ve ayd\u0131nlatma \u00e7al\u0131\u015fmalar\u0131n\u0131 yapt\u0131k. \u015euan itibariyle yenilenmi\u015f haliyle yerli ve yabanc\u0131 turistlerin ziyaretinde a\u00e7\u0131ld\u0131&#8221;dedi.<\/p>\n<p>Ma\u011faran\u0131n 2013 y\u0131l\u0131nda \u201cGilindire Ma\u011faras\u0131 Tabiat An\u0131t\u0131\u201d ad\u0131yla tescil edildi\u011fini hat\u0131rlatan Vali Pehlivan, 2021 y\u0131l\u0131nda da tabiat park\u0131 olarak ilan edildi\u011fine dikkat \u00e7ekti. <\/p>\n<div>\n<div> <img decoding=\"async\" src=\"https:\/\/ekamu.net\/wp-content\/uploads\/2024\/06\/cobanin-kirpiyi-takip-etmesiyle-ortaya-cikti-30-milyon-yil-once-olustu-351-basamakla-iniliyor-pl3TKlyi.jpg\"\/><\/img> <\/div>\n<\/p><\/div>\n<\/p>\n<p><strong>M\u0130LYONLARCA YIL \u00d6NCE OLU\u015eMU\u015e<\/strong><\/p>\n<p>Ma\u011faran\u0131n ke\u015ffedili\u015fini da anlatan Pehlivan,&#8221; 1999 y\u0131l\u0131nda bu b\u00f6lgede \u00e7obanl\u0131k yapan birinin dikkatini \u00e7eken kirpiyi takip etmesiyle bu ma\u011faray\u0131 ke\u015ffediyor. 1999 y\u0131l\u0131nda ke\u015ffediliyor ancak burada insano\u011flunun izleri 10-11 bin y\u0131l kadar \u00f6nceye dayan\u0131yor. Ma\u011faran\u0131n olu\u015fum ise kimine g\u00f6re 30 milyon kimi ara\u015ft\u0131rmac\u0131lar g\u00f6re ise 40-50 milyon y\u0131l \u00f6ncesine gidiyor. Hatta o d\u00f6nemlerle ilgili de\u011ferlendirmeler yap\u0131l\u0131rken buzul \u00e7a\u011f\u0131nda hidrolojik hareketlenmenin oldu\u011fu o d\u00f6nemde Akdeniz&#8217;in \u00f6nce y\u00fckseldi\u011fi daha sonra da \u00e7ekildi\u011fi, \u00e7ekilmesiyle birlikte burada bu bo\u015flu\u011fun ortaya \u00e7\u0131kt\u0131\u011f\u0131, zaman i\u00e7erisinde sark\u0131t ve dikitlerin olu\u015ftu\u011fu ifade ediliyor&#8221; diye konu\u015ftu.<\/p>\n<p><strong>&#8220;351 BASAMAKLA \u0130N\u0130YORUZ&#8221;<\/strong><\/p>\n<p>En \u00f6nemli \u00f6zelli\u011fin ma\u011faran\u0131n i\u00e7indeki g\u00f6l oldu\u011funa vurgu yapan Pehlivan,&#8221; G\u00f6l ma\u011faran\u0131n dip k\u0131sm\u0131nda bulunuyor. Derinli\u011fi 47 metreye kadar ula\u015f\u0131yor. Kayalardaki k\u0131r\u0131klardan denizden de belirli bir \u00f6l\u00e7\u00fcde s\u0131z\u0131nt\u0131 olmakla birlikte a\u011f\u0131rl\u0131kl\u0131 olarak ya\u011fmur sular\u0131n\u0131n s\u00fcz\u00fcl\u00fcp birikmesiyle olu\u015fmu\u015f. G\u00f6l k\u0131smen sodal\u0131 bir tatl\u0131 su h\u00fcviyetine sahip. Ger\u00e7ekten bu ma\u011faraya ayr\u0131 bir de\u011fer katan, daha cazip hale getiren y\u00f6nlerinden birisi. Her ma\u011farada bunu g\u00f6remezsiniz. \u0130\u00e7inde bu aynal\u0131 g\u00f6l\u00fcnde olu\u015fu ayr\u0131 bir boyut kat\u0131yor. Giri\u015f kap\u0131s\u0131ndan g\u00f6l\u00fcn kenar\u0131na kadar 400 metre, toplamda da 351 basamakla iniyorsunuz&#8221; ifadelerini kulland\u0131.<\/p>\n<div>\n<div> <img decoding=\"async\" src=\"https:\/\/ekamu.net\/wp-content\/uploads\/2024\/06\/cobanin-kirpiyi-takip-etmesiyle-ortaya-cikti-30-milyon-yil-once-olustu-351-basamakla-iniliyor-yXQPr12C.jpg\"\/><\/img> <\/div>\n<\/p><\/div>\n<\/p>\n<p>\u015eehirde g\u00f6r\u00fclmesi gereken say\u0131s\u0131z eser oldu\u011funun da alt\u0131n\u0131 \u00e7izen Pehlivan, Gilindere Ma\u011faras\u0131&#8217;n\u0131n da gelmeye, gezmeye ve g\u00f6rmeye de\u011fer bir nokta oldu\u011funu ilk etapta 100 bin ziyaret\u00e7i beklediklerini, daha sonra bu say\u0131n\u0131n \u00e7ok artaca\u011f\u0131n\u0131 d\u00fc\u015f\u00fcnd\u00fcklerini kaydetti.<\/p>\n\n<p>Kaynak :\u00a0<span style=\"background-color: rgb(255, 249, 236); color: rgb(55, 58, 60); font-size: 14px;\">http:\/\/www.milliyet.com.tr\/gundem\/cobanin-kirpiyi-takip-etmesiyle-ortaya-cikti-30-milyon-yil-once-olustu-351-basamakla-iniliyor-7136441<\/span><\/p>\n","protected":false},"excerpt":{"rendered":"<p>Mersin&#8217;in Ayd\u0131nc\u0131k il\u00e7esinde Akdeniz&#8217;e s\u0131f\u0131r konumda en az 30 milyon y\u0131l \u00f6nce olu\u015ftu\u011fu de\u011ferlendirilen, bir \u00e7oban\u0131n kirpiyi takip etmesiyle ortaya \u00e7\u0131kart\u0131lan Gilindire Ma\u011faras\u0131 yeniden yap\u0131lan giri\u015f, \u0131\u015f\u0131kland\u0131rma ve 351 basamaktan olu\u015fan merdivenleriyle ula\u015f\u0131lan &#8216;Aynal\u0131 G\u00f6l&#8217; ile hayran b\u0131rak\u0131yor.<\/p>\n","protected":false},"author":1,"featured_media":35892,"comment_status":"open","ping_status":"open","sticky":false,"template":"","format":"standard","meta":{"footnotes":""},"categories":[3],"tags":[64,2017,2018,2019,630],"class_list":["post-35891","post","type-post","status-publish","format-standard","has-post-thumbnail","hentry","category-genel","tag-gol","tag-magara","tag-magaranin","tag-olusu","tag-yilinda"],"_links":{"self":[{"href":"https:\/\/ekamu.net\/index.php\/wp-json\/wp\/v2\/posts\/35891","targetHints":{"allow":["GET"]}}],"collection":[{"href":"https:\/\/ekamu.net\/index.php\/wp-json\/wp\/v2\/posts"}],"about":[{"href":"https:\/\/ekamu.net\/index.php\/wp-json\/wp\/v2\/types\/post"}],"author":[{"embeddable":true,"href":"https:\/\/ekamu.net\/index.php\/wp-json\/wp\/v2\/users\/1"}],"replies":[{"embeddable":true,"href":"https:\/\/ekamu.net\/index.php\/wp-json\/wp\/v2\/comments?post=35891"}],"version-history":[{"count":1,"href":"https:\/\/ekamu.net\/index.php\/wp-json\/wp\/v2\/posts\/35891\/revisions"}],"predecessor-version":[{"id":35895,"href":"https:\/\/ekamu.net\/index.php\/wp-json\/wp\/v2\/posts\/35891\/revisions\/35895"}],"wp:featuredmedia":[{"embeddable":true,"href":"https:\/\/ekamu.net\/index.php\/wp-json\/wp\/v2\/media\/35892"}],"wp:attachment":[{"href":"https:\/\/ekamu.net\/index.php\/wp-json\/wp\/v2\/media?parent=35891"}],"wp:term":[{"taxonomy":"category","embeddable":true,"href":"https:\/\/ekamu.net\/index.php\/wp-json\/wp\/v2\/categories?post=35891"},{"taxonomy":"post_tag","embeddable":true,"href":"https:\/\/ekamu.net\/index.php\/wp-json\/wp\/v2\/tags?post=35891"}],"curies":[{"name":"wp","href":"https:\/\/api.w.org\/{rel}","templated":true}]}}