{"id":43050,"date":"2024-06-15T21:48:08","date_gmt":"2024-06-15T21:48:08","guid":{"rendered":"https:\/\/ekamu.net\/?p=43050"},"modified":"2024-06-15T21:48:08","modified_gmt":"2024-06-15T21:48:08","slug":"ticaret-bakanligi-enflasyon-duzeltmesine-aciklik-getirdi","status":"publish","type":"post","link":"https:\/\/ekamu.net\/index.php\/2024\/06\/15\/ticaret-bakanligi-enflasyon-duzeltmesine-aciklik-getirdi\/","title":{"rendered":"Ticaret Bakanl\u0131\u011f\u0131 enflasyon d\u00fczeltmesine a\u00e7\u0131kl\u0131k getirdi"},"content":{"rendered":"<div>\n<p>Ticaret Bakanl\u0131\u011f\u0131, enflasyon d\u00fczeltmesinin T\u00fcrk Ticaret Kanunu&#8217;na etkileri dikkate al\u0131narak uygulamada birli\u011fin sa\u011flanmas\u0131 ve ya\u015fanan teredd\u00fctlerin giderilmesi amac\u0131yla d\u00fczenleme yapt\u0131.<\/p>\n<p>Bakanl\u0131k taraf\u0131ndan haz\u0131rlanan &#8220;Enflasyon D\u00fczeltmesi Uygulayan \u015eirketlerde Esas Al\u0131nacak Finansal Tablolara \u0130li\u015fkin Tebli\u011f&#8221; Resmi Gazete&#8217;de yay\u0131mlanarak y\u00fcr\u00fcrl\u00fc\u011fe girdi.<\/p>\n<p>Tebli\u011f ile 2023 ve sonras\u0131ndaki hesap d\u00f6nemlerinde uygulanacak enflasyon d\u00fczeltmesine ili\u015fkin olarak genel kurul ve y\u00f6netim organ\u0131nca esas al\u0131nacak finansal tablolar\u0131n belirlenmesi ama\u00e7land\u0131.<\/p>\n<p>Finansal tablolar\u0131n\u0131 Kamu G\u00f6zetimi, Muhasebe ve Denetim Standartlar\u0131 Kurumu taraf\u0131ndan belirlenen muhasebe standartlar\u0131na uygun haz\u0131rlamak zorunda olan \u015firketler taraf\u0131ndan kanunun 88&#8217;inci maddesine g\u00f6re haz\u0131rlanan enflasyon d\u00fczeltmesi uygulanm\u0131\u015f finansal tablolar esas al\u0131nacak.<\/p>\n<\/div>\n<div>\n<p>Bu kapsam d\u0131\u015f\u0131nda kalan \u015firketlerde, 2023 y\u0131l\u0131 hesap d\u00f6nemine ili\u015fkin olarak 213 say\u0131l\u0131 Vergi Usul Kanununun ge\u00e7ici 33&#8217;\u00fcnc\u00fc maddesi ile Vergi Usul Kanunu Genel Tebli\u011fi (S\u0131ra No: 555) h\u00fck\u00fcmleri uyar\u0131nca enflasyon d\u00fczeltmesi uygulanm\u0131\u015f finansal tablolarla enflasyon d\u00fczeltmesi uygulanmam\u0131\u015f finansal tablolar birlikte dikkate al\u0131nacak.<\/p>\n<p>Bu kapsamda, serbest yedek ak\u00e7elerden ve da\u011f\u0131t\u0131labilir di\u011fer kaynaklardan zarar mahsubu sonras\u0131nda kalan de\u011ferlerden kar pay\u0131 da\u011f\u0131t\u0131m\u0131 yap\u0131lmas\u0131, sermaye art\u0131r\u0131m\u0131 ve azalt\u0131m\u0131, birle\u015fme, b\u00f6l\u00fcnme, t\u00fcr de\u011fi\u015fikli\u011fi i\u015flemleri ile sermaye kayb\u0131 ve borca bat\u0131k olma durumlar\u0131n\u0131n tespitinde enflasyon d\u00fczeltmesi uygulanm\u0131\u015f finansal tablolar esas al\u0131nacak. 3. f\u0131kra h\u00fck\u00fcmleri sakl\u0131 kalmak kayd\u0131yla kanun veya \u015firket s\u00f6zle\u015fmesine g\u00f6re net d\u00f6nem kar\u0131n\u0131n esas al\u0131nd\u0131\u011f\u0131; kar ve kazan\u00e7 pay\u0131 da\u011f\u0131t\u0131mlar\u0131nda, yedek ak\u00e7e ayr\u0131lmas\u0131nda, intifa senedi sahiplerine \u00f6deme yap\u0131lmas\u0131 ile d\u00f6nem i\u00e7erisinde da\u011f\u0131t\u0131lm\u0131\u015f olan kar pay\u0131 avans\u0131na ili\u015fkin hesaplamalarda enflasyon d\u00fczeltmesi uygulanmam\u0131\u015f finansal tablolar kullan\u0131lacak.<\/p>\n<p>\u015eirketin sermayesine ili\u015fkin yap\u0131lacak de\u011ferlendirmelerde, ticaret siciline tescil edilmi\u015f olan sermaye tutar\u0131 esas olacak.<\/p>\n<p>Enflasyon d\u00fczeltmesinden kaynaklanan sermaye d\u00fczeltmesi olumlu farklar\u0131, di\u011fer \u00f6z sermaye kalemlerine ili\u015fkin olumlu farklarla bunlar\u0131n d\u0131\u015f\u0131nda kalan i\u00e7 kaynaklar\u0131n, enflasyon d\u00fczeltmesinden kaynakl\u0131 zararlar dahil zararlar ve olumsuz farklar\u0131 a\u015fan k\u0131sm\u0131 T\u00fcrk Ticaret Kanununun 462. maddesi kapsam\u0131nda sermayeye ilave edilebilecek.<\/p>\n<p>Enflasyon d\u00fczeltmesinden kaynaklanan sermaye d\u00fczeltmesi olumsuz farklar\u0131yla enflasyon d\u00fczeltmesinden kaynaklanan di\u011fer olumsuz farklar ise genel kurulda al\u0131nacak karara istinaden, sermaye azalt\u0131m\u0131 yoluyla veya olumlu farklar yahut di\u011fer i\u00e7 kaynaklarla mahsup edilebilecek.<\/p>\n<p>Tebli\u011f h\u00fck\u00fcmleri uyar\u0131nca al\u0131nacak kararlarda, \u015firketin ve kardan pay alacaklar\u0131n vergisel y\u00fck\u00fcml\u00fcl\u00fcklerine ili\u015fkin ilgili mevzuat h\u00fck\u00fcmleri sakl\u0131 olacak.<\/p>\n<\/div>\n<p><\/p>\n<p>Kaynak :\u00a0<span style=\"background-color: rgb(255, 249, 236); color: rgb(55, 58, 60); font-size: 14px;\">Bloomberg HT<\/span><\/p>\n<p><span style=\"display: block; width: 343.125px; color: rgb(55, 58, 60); font-size: 14px; background-color: rgb(255, 249, 236);\"><\/span><\/p>\n","protected":false},"excerpt":{"rendered":"<p>Ticaret Bakanl\u0131\u011f\u0131 enflasyon d\u00fczeltmesine esas al\u0131nacak finansal tablolara a\u00e7\u0131kl\u0131k getirdi<\/p>\n","protected":false},"author":1,"featured_media":43051,"comment_status":"open","ping_status":"open","sticky":false,"template":"","format":"standard","meta":{"footnotes":""},"categories":[2],"tags":[2146,2144,2145,711,685],"class_list":["post-43050","post","type-post","status-publish","format-standard","has-post-thumbnail","hentry","category-ekonomi","tag-alinacak","tag-enflasyon-duzeltmesi","tag-iliskin","tag-kar","tag-sermaye"],"_links":{"self":[{"href":"https:\/\/ekamu.net\/index.php\/wp-json\/wp\/v2\/posts\/43050","targetHints":{"allow":["GET"]}}],"collection":[{"href":"https:\/\/ekamu.net\/index.php\/wp-json\/wp\/v2\/posts"}],"about":[{"href":"https:\/\/ekamu.net\/index.php\/wp-json\/wp\/v2\/types\/post"}],"author":[{"embeddable":true,"href":"https:\/\/ekamu.net\/index.php\/wp-json\/wp\/v2\/users\/1"}],"replies":[{"embeddable":true,"href":"https:\/\/ekamu.net\/index.php\/wp-json\/wp\/v2\/comments?post=43050"}],"version-history":[{"count":1,"href":"https:\/\/ekamu.net\/index.php\/wp-json\/wp\/v2\/posts\/43050\/revisions"}],"predecessor-version":[{"id":43052,"href":"https:\/\/ekamu.net\/index.php\/wp-json\/wp\/v2\/posts\/43050\/revisions\/43052"}],"wp:featuredmedia":[{"embeddable":true,"href":"https:\/\/ekamu.net\/index.php\/wp-json\/wp\/v2\/media\/43051"}],"wp:attachment":[{"href":"https:\/\/ekamu.net\/index.php\/wp-json\/wp\/v2\/media?parent=43050"}],"wp:term":[{"taxonomy":"category","embeddable":true,"href":"https:\/\/ekamu.net\/index.php\/wp-json\/wp\/v2\/categories?post=43050"},{"taxonomy":"post_tag","embeddable":true,"href":"https:\/\/ekamu.net\/index.php\/wp-json\/wp\/v2\/tags?post=43050"}],"curies":[{"name":"wp","href":"https:\/\/api.w.org\/{rel}","templated":true}]}}