{"id":4429,"date":"2024-05-29T08:12:04","date_gmt":"2024-05-29T08:12:04","guid":{"rendered":"https:\/\/ekamu.net\/?p=4429"},"modified":"2024-05-29T08:12:04","modified_gmt":"2024-05-29T08:12:04","slug":"corumda-saganak-yagis-etkili-oldu","status":"publish","type":"post","link":"https:\/\/ekamu.net\/index.php\/2024\/05\/29\/corumda-saganak-yagis-etkili-oldu\/","title":{"rendered":"\u00c7orum&#8217;da sa\u011fanak ya\u011f\u0131\u015f etkili oldu"},"content":{"rendered":"<p><p>\u0130l\u00e7ede ak\u015fam saatlerinde etkili olan f\u0131rt\u0131na, sa\u011fanak ve dolu ya\u011f\u0131\u015f\u0131 hayat\u0131 olumsuz etkiledi. \u0130l\u00e7enin k\u0131rsal b\u00f6lgelerinde f\u0131nd\u0131k b\u00fcy\u00fckl\u00fc\u011f\u00fcnde dolu ya\u011f\u0131\u015f\u0131 olurken, il\u00e7e merkezinde f\u0131rt\u0131na ve g\u00f6k g\u00fcr\u00fclt\u00fcl\u00fc sa\u011fanak ya\u011f\u0131\u015f etkili oldu.<\/p>\n<p>Sa\u011fanak ya\u011f\u0131\u015fta baz\u0131 caddeler g\u00f6le d\u00f6nerken uluslararas\u0131 D-100 karayolunun bir k\u0131sm\u0131 da sular alt\u0131nda kald\u0131. F\u0131rt\u0131nada ise \u00e7ay bah\u00e7elerindeki masa ve sandalyeler u\u00e7u\u015ftu. Belediye ekipleri sa\u011fanak ya\u011fmurda t\u0131kanan ya\u011fmur suyu giderlerini a\u00e7mak i\u00e7in \u00e7al\u0131\u015fma yapt\u0131.<\/p>\n<div>\n<div> <img decoding=\"async\" src=\"https:\/\/ekamu.net\/wp-content\/uploads\/2024\/05\/corumda-saganak-yagis-etkili-oldu-0-iAx86RJi.jpg\"\/><\/img> <\/div>\n<\/p><\/div>\n<\/p>\n<p><strong>ALACA<\/strong><\/p>\n<p>Alaca il\u00e7esinde etkili olan sa\u011fanak ya\u011f\u0131\u015f hayat\u0131 fel\u00e7 etti. Ak\u015fam saatlerinde k\u0131rsal kesimde etkili olan sa\u011fanak ya\u011f\u0131\u015f il\u00e7e merkezinde sele neden oldu. Sa\u011fanak ya\u011f\u0131\u015f nedeniyle caddeler g\u00f6le d\u00f6nerken il\u00e7edeki dereler ta\u015ft\u0131.<\/p>\n<div>\n<div> <img decoding=\"async\" src=\"https:\/\/ekamu.net\/wp-content\/uploads\/2024\/05\/corumda-saganak-yagis-etkili-oldu-1-lSqeASQm.jpg\"\/><\/img> <\/div>\n<\/p><\/div>\n<\/p>\n<p>\u0130l\u00e7e merkezinden ge\u00e7en Alaca deresinin ta\u015fmas\u0131yla birlikte Denizhan Mahallesi TOK\u0130 evleri civar\u0131nda yakla\u015f\u0131k 25 evde bask\u0131n ya\u015fand\u0131. Ya\u011f\u0131\u015fla birlikte Alaca Belediyesi itfaiye ekipleri de sahaya indi. Alaca Belediye Ba\u015fkan\u0131 \u015eerif Arslan ve Ba\u015fkan Yard\u0131mc\u0131s\u0131 Oktay Yelkuvan ta\u015fk\u0131n ya\u015fanan b\u00f6lgelerde incelemelerde bulunarak bilgi ald\u0131. \u00d6te yandan ge\u00e7ti\u011fimiz g\u00fcnlerde belediye taraf\u0131ndan Alaca deresinde yap\u0131lan temizlik \u00e7al\u0131\u015fmas\u0131 da daha b\u00fcy\u00fck bir ta\u015fk\u0131n ya\u015fanmas\u0131n\u0131 \u00f6nledi.<\/p>\n<p>Alaca Belediyesi itfaiye ekiplerinin \u00e7al\u0131\u015fmalar\u0131 devam ediyor.<\/p>\n\n<p>Kaynak :\u00a0<span style=\"background-color: rgb(255, 249, 236); color: rgb(55, 58, 60); font-size: 14px;\">http:\/\/www.milliyet.com.tr\/gundem\/corumda-saganak-yagis-etkili-oldu-7133897<\/span><\/p>\n","protected":false},"excerpt":{"rendered":"<p>\u00c7orum\u2019un Osmanc\u0131k ve Alaca il\u00e7elerinde f\u0131rt\u0131na, sa\u011fanak ve dolu ya\u011f\u0131\u015f\u0131 etkili oldu.<\/p>\n","protected":false},"author":1,"featured_media":4430,"comment_status":"open","ping_status":"open","sticky":false,"template":"","format":"standard","meta":{"footnotes":""},"categories":[3],"tags":[328,329,330],"class_list":["post-4429","post","type-post","status-publish","format-standard","has-post-thumbnail","hentry","category-genel","tag-alaca","tag-belediye","tag-saganak-yagis"],"_links":{"self":[{"href":"https:\/\/ekamu.net\/index.php\/wp-json\/wp\/v2\/posts\/4429","targetHints":{"allow":["GET"]}}],"collection":[{"href":"https:\/\/ekamu.net\/index.php\/wp-json\/wp\/v2\/posts"}],"about":[{"href":"https:\/\/ekamu.net\/index.php\/wp-json\/wp\/v2\/types\/post"}],"author":[{"embeddable":true,"href":"https:\/\/ekamu.net\/index.php\/wp-json\/wp\/v2\/users\/1"}],"replies":[{"embeddable":true,"href":"https:\/\/ekamu.net\/index.php\/wp-json\/wp\/v2\/comments?post=4429"}],"version-history":[{"count":1,"href":"https:\/\/ekamu.net\/index.php\/wp-json\/wp\/v2\/posts\/4429\/revisions"}],"predecessor-version":[{"id":4433,"href":"https:\/\/ekamu.net\/index.php\/wp-json\/wp\/v2\/posts\/4429\/revisions\/4433"}],"wp:featuredmedia":[{"embeddable":true,"href":"https:\/\/ekamu.net\/index.php\/wp-json\/wp\/v2\/media\/4430"}],"wp:attachment":[{"href":"https:\/\/ekamu.net\/index.php\/wp-json\/wp\/v2\/media?parent=4429"}],"wp:term":[{"taxonomy":"category","embeddable":true,"href":"https:\/\/ekamu.net\/index.php\/wp-json\/wp\/v2\/categories?post=4429"},{"taxonomy":"post_tag","embeddable":true,"href":"https:\/\/ekamu.net\/index.php\/wp-json\/wp\/v2\/tags?post=4429"}],"curies":[{"name":"wp","href":"https:\/\/api.w.org\/{rel}","templated":true}]}}