{"id":4453,"date":"2024-05-29T09:12:06","date_gmt":"2024-05-29T09:12:06","guid":{"rendered":"https:\/\/ekamu.net\/?p=4453"},"modified":"2024-05-29T09:12:06","modified_gmt":"2024-05-29T09:12:06","slug":"musilaj-kabusu-geri-mi-donuyor","status":"publish","type":"post","link":"https:\/\/ekamu.net\/index.php\/2024\/05\/29\/musilaj-kabusu-geri-mi-donuyor\/","title":{"rendered":"M\u00fcsilaj kabusu geri mi d\u00f6n\u00fcyor?"},"content":{"rendered":"<p><p><strong>Aleyna Sevim &#8211;\u00a0<\/strong>Halk aras\u0131nda \u201cdeniz salyas\u0131\u201d olarak bilinen m\u00fcsilaj, kirlilik kaynakl\u0131 de\u011fi\u015fimler nedeniyle \u00f6zellikle Marmara Denizi\u2019nde son y\u0131llarda s\u0131k s\u0131k g\u00fcndeme geliyor. Daha \u00e7ok havalar\u0131n \u0131s\u0131nmas\u0131yla ortaya \u00e7\u0131kan m\u00fcsilaj, denizdeki oksijenin h\u0131zla t\u00fckenmesine, deniz canl\u0131lar\u0131n\u0131n \u00f6l\u00fcm\u00fcne neden olarak ekosisteme b\u00fcy\u00fck zararlar veriyor. \u0130stanbul\u2019da Kire\u00e7burnu-Tarabya civar\u0131nda denizde olu\u015fan\u00a0k\u00f6p\u00fckler \u201cM\u00fcsilaj bu y\u0131l da etkili olacak m\u0131?\u201d sorusunu ak\u0131llara getirdi.<\/p>\n<p><strong>\u2018M\u00dcS\u0130LAJ BA\u015eLANGICI G\u0130B\u0130\u2019<\/strong><\/p>\n<p>\u0130stanbul \u00dcniversitesi Su Bilimleri Fak\u00fcltesi Dekan\u0131 Prof. Dr. Melek \u0130\u015finibilir Okyar, Bo\u011faz b\u00f6lgesinde ya\u015fanan k\u00f6p\u00fcklenmenin g\u00f6r\u00fcnt\u00fc itibari ile m\u00fcsilaj ba\u015flang\u0131c\u0131 korkusu yaratt\u0131\u011f\u0131n\u0131 kaydetti: \u201c2021 y\u0131l\u0131nda b\u00fcy\u00fck bir m\u00fcsilaj olay\u0131 olu\u015ftu ve biz de bununla ilgili teyakkuz halindeyiz. O\u00a0d\u00f6nemde de \u00e7e\u015fitli kurum ve alanlardan bilim kurulu kurmu\u015ftuk. M\u00fccadele \u00e7\u00f6z\u00fcmleri raporu yaz\u0131p bakanl\u0131\u011fa teslim etmi\u015ftik. May\u0131s\u0131n ba\u015flar\u0131nda bu bilgiler ve resimler gelmeye ba\u015flay\u0131nca, g\u00f6r\u00fcnt\u00fcden bak\u0131nca m\u00fcsilaj\u0131n ba\u015flang\u0131c\u0131n\u0131 olu\u015fturdu\u011funu s\u00f6yleyebiliriz ama yine de net bir bilgi i\u00e7in \u00f6rnek al\u0131p bakmam\u0131z gerekir.\u201d<\/p>\n<p><strong>SAHRA TOZU ETK\u0130S\u0130<\/strong><\/p>\n<p>\u201cDalan arkada\u015flar\u0131m\u0131zla konu\u015ftu\u011fumuzda y\u00fczeyde \u00e7ok olmasa da belirli bir derinlikten sonra \u00e7\u00f6z\u00fcnm\u00fc\u015f organik madde miktar\u0131nda art\u0131\u015f oldu\u011funu g\u00f6r\u00fcyoruz\u201d diyen Okyar \u015fu de\u011ferlendirmelerde bulundu: \u201cBirka\u00e7 ay geriye gidip durumu de\u011ferlendirdi\u011fimizde k\u0131\u015f\u0131 hi\u00e7 ya\u015famad\u0131k ve uzun bir s\u00fcre \u00e7\u00f6lden gelen sahra tozu bask\u0131s\u0131 alt\u0131nda kald\u0131k. Bu gelen kumlar denizlere besin tuzu (m\u00fcsilaj\u0131n olu\u015fmas\u0131nda rol oynayan fitoplanktonlar a\u00e7\u0131s\u0131ndan g\u00fcbre rol\u00fc oynuyorlar) ta\u015f\u0131d\u0131. Masrafl\u0131 olan ileri biyolojik ar\u0131t\u0131mlar\u0131n Marmara Denizi\u2019ne yap\u0131lmas\u0131 gerekti\u011fini s\u00f6ylemi\u015ftik. \u00d6nerdi\u011fimiz tedbirler ekonomik nedenli al\u0131namad\u0131. M\u00fcsilaj her zaman Marmara Denizi\u2019nin g\u00fcndeminde olmas\u0131 gereken bir konudur. \u0130klim de\u011fi\u015fikli\u011fi, ortama giren kirleticiler, bask\u0131n ve f\u0131rsat\u00e7\u0131 t\u00fcrlerin deformasyonu ile sahra \u00e7\u00f6l\u00fcnden gelen tozlardaki besin tuzlar\u0131 m\u00fcsilaja her zaman a\u00e7\u0131k k\u0131lar.\u201d<\/p>\n<div>\n<div> <img decoding=\"async\" src=\"https:\/\/ekamu.net\/wp-content\/uploads\/2024\/05\/musilaj-kabusu-geri-mi-donuyor-0-gnn77Wx3.jpg\"\/><\/img> <\/div>\n<\/p><\/div>\n<\/p>\n<p><em><strong>Kire\u00e7burnu-Tarabya civar\u0131nda denizde k\u00f6p\u00fck benzeri bir olu\u015fum g\u00f6zlendi.\u00a0<\/strong><\/em><\/p>\n<p><strong>\u2018ORGAN\u0130K K\u0130RL\u0130L\u0130KTEN KAYNAKLANIYOR\u2019<\/strong><\/p>\n<p>Band\u0131rma Onyedi Eyl\u00fcl \u00dcniversitesi Denizcilik Fak\u00fcltesi Dekan\u0131 Prof. Dr. Mustafa Sar\u0131 da denizde g\u00f6r\u00fclen olu\u015fumun daha \u00e7ok k\u00f6p\u00fck \u015feklinde oldu\u011funu ifade ederek, \u201cBu Karadeniz k\u00f6kenli bir k\u00f6p\u00fckt\u00fcr. B\u00fcy\u00fck oranda organik kirlilikten kaynaklanan bir durum. Organik kirlilikten kaynaklanan her t\u00fcrl\u00fc olu\u015fum m\u00fcsilaj riskini art\u0131r\u0131r\u201d de\u011ferlendirmesinde bulundu.<\/p>\n<p>\u00a0<\/p>\n<p>\u00a0<\/p>\n\n<p>Kaynak :\u00a0<span style=\"background-color: rgb(255, 249, 236); color: rgb(55, 58, 60); font-size: 14px;\">http:\/\/www.milliyet.com.tr\/gundem\/musilaj-kabusu-geri-mi-donuyor-7133890<\/span><\/p>\n","protected":false},"excerpt":{"rendered":"<p>\u0130stanbul Bo\u011faz\u0131\u2019nda, Sar\u0131yer k\u0131y\u0131lar\u0131nda g\u00f6r\u00fclen k\u00f6p\u00fckler akla m\u00fcsilaj \u015f\u00fcphesini getirdi. Uzmanlar g\u00f6r\u00fcnt\u00fcn\u00fcn organik kirlilik kaynakl\u0131 oldu\u011funu ve m\u00fcsilaj ba\u015flang\u0131c\u0131 olarak de\u011ferlendirilebilece\u011fini s\u00f6yledi.<\/p>\n","protected":false},"author":1,"featured_media":4454,"comment_status":"open","ping_status":"open","sticky":false,"template":"","format":"standard","meta":{"footnotes":""},"categories":[3],"tags":[338,339,337],"class_list":["post-4453","post","type-post","status-publish","format-standard","has-post-thumbnail","hentry","category-genel","tag-deniz","tag-kopuk","tag-musilaj"],"_links":{"self":[{"href":"https:\/\/ekamu.net\/index.php\/wp-json\/wp\/v2\/posts\/4453","targetHints":{"allow":["GET"]}}],"collection":[{"href":"https:\/\/ekamu.net\/index.php\/wp-json\/wp\/v2\/posts"}],"about":[{"href":"https:\/\/ekamu.net\/index.php\/wp-json\/wp\/v2\/types\/post"}],"author":[{"embeddable":true,"href":"https:\/\/ekamu.net\/index.php\/wp-json\/wp\/v2\/users\/1"}],"replies":[{"embeddable":true,"href":"https:\/\/ekamu.net\/index.php\/wp-json\/wp\/v2\/comments?post=4453"}],"version-history":[{"count":1,"href":"https:\/\/ekamu.net\/index.php\/wp-json\/wp\/v2\/posts\/4453\/revisions"}],"predecessor-version":[{"id":4456,"href":"https:\/\/ekamu.net\/index.php\/wp-json\/wp\/v2\/posts\/4453\/revisions\/4456"}],"wp:featuredmedia":[{"embeddable":true,"href":"https:\/\/ekamu.net\/index.php\/wp-json\/wp\/v2\/media\/4454"}],"wp:attachment":[{"href":"https:\/\/ekamu.net\/index.php\/wp-json\/wp\/v2\/media?parent=4453"}],"wp:term":[{"taxonomy":"category","embeddable":true,"href":"https:\/\/ekamu.net\/index.php\/wp-json\/wp\/v2\/categories?post=4453"},{"taxonomy":"post_tag","embeddable":true,"href":"https:\/\/ekamu.net\/index.php\/wp-json\/wp\/v2\/tags?post=4453"}],"curies":[{"name":"wp","href":"https:\/\/api.w.org\/{rel}","templated":true}]}}