{"id":56401,"date":"2024-06-25T10:00:05","date_gmt":"2024-06-25T10:00:05","guid":{"rendered":"https:\/\/ekamu.net\/?p=56401"},"modified":"2024-06-25T10:00:05","modified_gmt":"2024-06-25T10:00:05","slug":"ekk-yilmaz-baskanliginda-toplandi","status":"publish","type":"post","link":"https:\/\/ekamu.net\/index.php\/2024\/06\/25\/ekk-yilmaz-baskanliginda-toplandi\/","title":{"rendered":"EKK Y\u0131lmaz ba\u015fkanl\u0131\u011f\u0131nda topland\u0131"},"content":{"rendered":"<p><p>Cumhurba\u015fkanl\u0131\u011f\u0131 K\u00fclliyesi&#8217;ndeki toplant\u0131ya, \u00c7al\u0131\u015fma ve Sosyal G\u00fcvenlik Bakan\u0131 Vedat I\u015f\u0131khan, Enerji ve Tabii Kaynaklar Bakan\u0131 Alparslan Bayraktar, Hazine ve Maliye Bakan\u0131 Mehmet \u015eim\u015fek, Sanayi ve Teknoloji Bakan\u0131 Mehmet Fatih Kac\u0131r, Tar\u0131m ve Orman Bakan\u0131 \u0130brahim Yumakl\u0131, AK Parti TBMM Grup Ba\u015fkan\u0131 Abdullah G\u00fcler, AK Parti Genel Ba\u015fkan Yard\u0131mc\u0131s\u0131 Nihat Zeybekci, Cumhurba\u015fkanl\u0131\u011f\u0131 Strateji ve B\u00fct\u00e7e Ba\u015fkan\u0131 \u0130brahim \u015eenel, Merkez Bankas\u0131 Ba\u015fkan\u0131 Fatih Karahan, Bankac\u0131l\u0131k D\u00fczenleme ve Denetleme Kurumu Ba\u015fkan\u0131 \u015eahap Kavc\u0131o\u011flu, Sosyal G\u00fcvenlik Kurumu Ba\u015fkan\u0131 Raci Kaya, T\u00fcrkiye Bankalar Birli\u011fi Y\u00f6netim Kurulu Ba\u015fkan\u0131 Alpaslan \u00c7akar, \u0130klim De\u011fi\u015fikli\u011fi Ba\u015fkan\u0131 Halil Hasar ile ilgili kurum ve kurulu\u015flar\u0131n temsilcileri kat\u0131ld\u0131.<\/p>\n<p>Toplant\u0131da, AB emisyon ticaret sistemi uygulamas\u0131 ve s\u0131n\u0131rda karbon d\u00fczenleme mekanizmas\u0131 s\u00fcrecinde sanayinin ye\u015fil d\u00f6n\u00fc\u015f\u00fcm\u00fc ile istihdam te\u015fvikleri ve etki analizi konular\u0131 ele al\u0131nacak.<\/p>\n\n<p><\/p>\n<p>Kaynak :\u00a0<span style=\"background-color: rgb(255, 249, 236); color: rgb(55, 58, 60); font-size: 14px;\">Bloomberg HT<\/span><\/p>\n<p><span style=\"display: block; width: 343.125px; color: rgb(55, 58, 60); font-size: 14px; background-color: rgb(255, 249, 236);\"><\/span><\/p>\n","protected":false},"excerpt":{"rendered":"<p>Ekonomi\u00a0Koordinasyon\u00a0Kurulu (EKK), Cumhurba\u015fkan\u0131 Yard\u0131mc\u0131s\u0131 Cevdet Y\u0131lmaz ba\u015fkanl\u0131\u011f\u0131nda topland\u0131. Toplant\u0131da, AB emisyon ticaret sistemi uygulamas\u0131 ve s\u0131n\u0131rda karbon d\u00fczenleme mekanizmas\u0131 s\u00fcrecinde sanayinin ye\u015fil d\u00f6n\u00fc\u015f\u00fcm\u00fc ile istihdam te\u015fvikleri ve&#8230;<\/p>\n","protected":false},"author":1,"featured_media":56402,"comment_status":"open","ping_status":"open","sticky":false,"template":"","format":"standard","meta":{"footnotes":""},"categories":[2],"tags":[1106],"class_list":["post-56401","post","type-post","status-publish","format-standard","has-post-thumbnail","hentry","category-ekonomi","tag-baskani"],"_links":{"self":[{"href":"https:\/\/ekamu.net\/index.php\/wp-json\/wp\/v2\/posts\/56401","targetHints":{"allow":["GET"]}}],"collection":[{"href":"https:\/\/ekamu.net\/index.php\/wp-json\/wp\/v2\/posts"}],"about":[{"href":"https:\/\/ekamu.net\/index.php\/wp-json\/wp\/v2\/types\/post"}],"author":[{"embeddable":true,"href":"https:\/\/ekamu.net\/index.php\/wp-json\/wp\/v2\/users\/1"}],"replies":[{"embeddable":true,"href":"https:\/\/ekamu.net\/index.php\/wp-json\/wp\/v2\/comments?post=56401"}],"version-history":[{"count":1,"href":"https:\/\/ekamu.net\/index.php\/wp-json\/wp\/v2\/posts\/56401\/revisions"}],"predecessor-version":[{"id":56403,"href":"https:\/\/ekamu.net\/index.php\/wp-json\/wp\/v2\/posts\/56401\/revisions\/56403"}],"wp:featuredmedia":[{"embeddable":true,"href":"https:\/\/ekamu.net\/index.php\/wp-json\/wp\/v2\/media\/56402"}],"wp:attachment":[{"href":"https:\/\/ekamu.net\/index.php\/wp-json\/wp\/v2\/media?parent=56401"}],"wp:term":[{"taxonomy":"category","embeddable":true,"href":"https:\/\/ekamu.net\/index.php\/wp-json\/wp\/v2\/categories?post=56401"},{"taxonomy":"post_tag","embeddable":true,"href":"https:\/\/ekamu.net\/index.php\/wp-json\/wp\/v2\/tags?post=56401"}],"curies":[{"name":"wp","href":"https:\/\/api.w.org\/{rel}","templated":true}]}}