{"id":56879,"date":"2024-06-26T18:24:08","date_gmt":"2024-06-26T18:24:08","guid":{"rendered":"https:\/\/ekamu.net\/?p=56879"},"modified":"2024-06-26T18:24:08","modified_gmt":"2024-06-26T18:24:08","slug":"dunyanin-ilk-endustriyel-gunes-yakiti-tesisi-acildi-ne-yapiyor","status":"publish","type":"post","link":"https:\/\/ekamu.net\/index.php\/2024\/06\/26\/dunyanin-ilk-endustriyel-gunes-yakiti-tesisi-acildi-ne-yapiyor\/","title":{"rendered":"D\u00fcnyan\u0131n ilk end\u00fcstriyel g\u00fcne\u015f yak\u0131t\u0131 tesisi a\u00e7\u0131ld\u0131: Ne yap\u0131yor?"},"content":{"rendered":"<p><figure> <span> <img decoding=\"async\" src=\"https:\/\/ekamu.net\/wp-content\/uploads\/2024\/06\/dunyanin-ilk-endustriyel-gunes-yakiti-tesisi-acildi-ne-yapiyor-0-ijJXVyIY.jpg\"\/> <\/span> G\u00fcne\u015f enerjisi \u00e7ok uzunca bir s\u00fcre bo\u015fa gitti ancak \u015fimdi \u00e7e\u015fitli y\u00f6ntemlerle bu s\u0131n\u0131rs\u0131z enerji farkl\u0131 farkl\u0131 alanlarda kullan\u0131lmaya ba\u015flan\u0131yor. G\u00fcne\u015f \u0131s\u0131s\u0131 kullanarak <strong>sentetik yak\u0131t<\/strong> \u00fcreten d\u00fcnyan\u0131n ilk end\u00fcstriyel \u00f6l\u00e7ekli tesisi de bunlardan birisi. <strong>Synhelion<\/strong> taraf\u0131ndan Almanya\u2019da a\u00e7\u0131lan ve <strong>DAWN<\/strong> olarak adland\u0131r\u0131lan tesis, s\u00fcrd\u00fcr\u00fclebilirlik i\u00e7in \u00f6nemli bir ad\u0131m olarak g\u00f6r\u00fcl\u00fcyor. <\/figure>\n<p><b>G\u00fcne\u015f yak\u0131tlar\u0131 end\u00fcstriyel \u00f6l\u00e7e\u011fe ula\u015ft\u0131<\/b><\/p>\n<p>Synhelion, DAWN&#8217;\u0131n a\u00e7\u0131l\u0131\u015f\u0131n\u0131 yaparak <strong>g\u00fcne\u015f yak\u0131tlar\u0131<\/strong> \u00fcretme teknolojisinin b\u00fcy\u00fck \u00f6l\u00e7eklendirmeye haz\u0131r oldu\u011funu g\u00f6zler \u00f6n\u00fcne seriyor. Yenilenebilir yak\u0131tlar, teknolojinin ba\u015fta havac\u0131l\u0131k olmak \u00fczere ula\u015f\u0131m sekt\u00f6r\u00fcn\u00fc fosilden ar\u0131nd\u0131rma i\u00e7in b\u00fcy\u00fck \u00f6nem ta\u015f\u0131yor. Bilmeyenler i\u00e7in h\u00fcne\u015f yak\u0131t\u0131 terimi, g\u00fcne\u015f enerjisini kullanarak s\u0131v\u0131 veya gaz yak\u0131t \u00fcreten bir sistemi ifade ediyor. Bu yak\u0131tlar, fosil yak\u0131tlara alternatif olarak kullan\u0131labilecek temiz ve s\u00fcrd\u00fcr\u00fclebilir enerji kaynaklar\u0131 olarak kabul ediliyor.<\/p>\n<figure> <span> <img decoding=\"async\" src=\"https:\/\/ekamu.net\/wp-content\/uploads\/2024\/06\/dunyanin-ilk-endustriyel-gunes-yakiti-tesisi-acildi-ne-yapiyor-1-3KS2Wgcm.jpg\"\/> <\/span> DAWN, <strong>20 metre<\/strong> y\u00fcksekli\u011finde bir <strong>g\u00fcne\u015f kulesi<\/strong> ve bir ayna alan\u0131na ev sahipli\u011fi yap\u0131yor. G\u00fcne\u015f kulesi g\u00fcne\u015f al\u0131c\u0131s\u0131, termokimyasal reakt\u00f6r ve g\u00fcn\u00fcn her saati uygun maliyetli g\u00fcne\u015f yak\u0131t\u0131 \u00fcretimini m\u00fcmk\u00fcn k\u0131lan termal enerji deposu i\u00e7eriyor. Aktar\u0131lanlara g\u00f6re DAWN tesisi y\u0131lda <strong>birka\u00e7 bin litre yak\u0131t<\/strong> \u00fcretecek. <strong>\u00dcretimin 2024<\/strong> y\u0131l\u0131nda ba\u015flamas\u0131 bekleniyor. Tesis b\u00fcnyesinde a\u011f\u0131rl\u0131kl\u0131 olarak <strong>sentetik ham petrol<\/strong> \u00fcretimi ger\u00e7ekle\u015ftirilecek. Sentetik ham petrol daha sonra geleneksel bir petrol rafinerisinde i\u015flenerek geleneksel yak\u0131tlara d\u00f6n\u00fc\u015ft\u00fcr\u00fclecek. B\u00f6ylece Synhelion sadece havac\u0131l\u0131k i\u00e7in solar kerosen de\u011fil, ayn\u0131 zamanda karayolu ta\u015f\u0131mac\u0131l\u0131\u011f\u0131 ve nakliye uygulamalar\u0131 i\u00e7in solar benzin ve solar dizel de \u00fcretmi\u015f olacak. <\/figure>\n<p><b>10 y\u0131l i\u00e7inde birka\u00e7 milyon ton \u00fcretim hedefi<\/b><\/p>\n<figure> <span> <img decoding=\"async\" src=\"https:\/\/ekamu.net\/wp-content\/uploads\/2024\/06\/dunyanin-ilk-endustriyel-gunes-yakiti-tesisi-acildi-ne-yapiyor-2-qOYEYdZi.jpg\"\/> <\/span> G\u00fcne\u015f yak\u0131tlar\u0131 do\u011frudan fosil yak\u0131tlar\u0131n yerini alabilece\u011fi d\u00fc\u015f\u00fcn\u00fcl\u00fcyor. Zira bunlar depolama ve ta\u015f\u0131madan i\u00e7ten yanmal\u0131 motorlara ve u\u00e7ak motorlar\u0131na kadar k\u00fcresel mevcut yak\u0131t altyap\u0131s\u0131yla tamamen uyumlu durumdalar. <\/figure>\n<p>2016 y\u0131l\u0131nda <strong>ETH Z\u00fcrih&#8217;in bir yan kurulu\u015fu<\/strong> olarak kurulan Synhelion, o zamandan beri kendisini g\u00fcne\u015f yak\u0131tlar\u0131 konusunda bir \u00f6nc\u00fc olarak konumland\u0131r\u0131yor. G\u00fcne\u015f \u0131s\u0131s\u0131n\u0131n yak\u0131t \u00fcretebildi\u011fi ger\u00e7e\u011fi ilk olarak 2019 y\u0131l\u0131nda ETH Z\u00fcrih&#8217;in \u00e7at\u0131s\u0131ndaki mini bir rafineride g\u00f6sterilmi\u015fti. 2019\u2019dan bu yana teknolojinin \u00f6l\u00e7eklendirilmesi \u00fczerinde \u00e7al\u0131\u015f\u0131l\u0131yordu. DAWN ile bu ad\u0131m da art\u0131k at\u0131lm\u0131\u015f durumda.<\/p>\n<p>Bununla birlikte Synhelion ilk ticari tesisini <strong>2025<\/strong> y\u0131l\u0131nda <strong>\u0130spanya&#8217;da<\/strong> in\u015fa etmeye ba\u015flayacak. Tesis y\u0131lda toplam yakla\u015f\u0131k <strong>1000 ton yak\u0131t<\/strong> \u00fcretecek. Gelecekte planlanan tesisler ilk iki tesisin boyutunu \u00f6nemli \u00f6l\u00e7\u00fcde a\u015facak ve b\u00f6ylece \u00e7ok daha y\u00fcksek bir \u00fcretim kapasitesi sunacak. Synhelion <strong>on y\u0131l i\u00e7inde y\u0131ll\u0131k yakla\u015f\u0131k bir milyon ton g\u00fcne\u015f yak\u0131t\u0131<\/strong> \u00fcretim hacmine ula\u015fmay\u0131 hedefliyor.<\/p>\n\n<p><span style=\"display: block; width: 343.125px; color: rgb(55, 58, 60); font-size: 14px; background-color: rgb(255, 249, 236);\"><\/span><\/p>\n<p>Kaynak :\u00a0<span style=\"background-color: rgb(255, 249, 236); color: rgb(55, 58, 60); font-size: 14px;\">https:\/\/www.donanimhaber.com\/dunyanin-ilk-endustriyel-gunes-yakiti-tesisi-acildi-ne-yapiyor&#8211;178852<\/span><\/p>\n","protected":false},"excerpt":{"rendered":"<p>G\u00fcne\u015f enerjisi \u00e7ok uzunca bir s\u00fcre bo\u015fa gitti ancak \u015fimdi \u00e7e\u015fitli y\u00f6ntemlerle bu s\u0131n\u0131rs\u0131z enerji farkl\u0131 farkl\u0131 alanlarda kullan\u0131lmaya ba\u015flan\u0131yor. G\u00fcne\u015f \u0131s\u0131s\u0131 kullanarak sentetik yak\u0131t \u00fcreten d\u00fcnyan\u0131n ilk end\u00fcstriyel \u00f6l\u00e7ekli tesisi de bunlardan &#8230;<\/p>\n","protected":false},"author":1,"featured_media":56880,"comment_status":"open","ping_status":"open","sticky":false,"template":"","format":"standard","meta":{"footnotes":""},"categories":[8],"tags":[2436,469,470,369,2435],"class_list":["post-56879","post","type-post","status-publish","format-standard","has-post-thumbnail","hentry","category-teknoloji","tag-dawn","tag-gunes","tag-tesis","tag-uretim","tag-yakit"],"_links":{"self":[{"href":"https:\/\/ekamu.net\/index.php\/wp-json\/wp\/v2\/posts\/56879","targetHints":{"allow":["GET"]}}],"collection":[{"href":"https:\/\/ekamu.net\/index.php\/wp-json\/wp\/v2\/posts"}],"about":[{"href":"https:\/\/ekamu.net\/index.php\/wp-json\/wp\/v2\/types\/post"}],"author":[{"embeddable":true,"href":"https:\/\/ekamu.net\/index.php\/wp-json\/wp\/v2\/users\/1"}],"replies":[{"embeddable":true,"href":"https:\/\/ekamu.net\/index.php\/wp-json\/wp\/v2\/comments?post=56879"}],"version-history":[{"count":1,"href":"https:\/\/ekamu.net\/index.php\/wp-json\/wp\/v2\/posts\/56879\/revisions"}],"predecessor-version":[{"id":56884,"href":"https:\/\/ekamu.net\/index.php\/wp-json\/wp\/v2\/posts\/56879\/revisions\/56884"}],"wp:featuredmedia":[{"embeddable":true,"href":"https:\/\/ekamu.net\/index.php\/wp-json\/wp\/v2\/media\/56880"}],"wp:attachment":[{"href":"https:\/\/ekamu.net\/index.php\/wp-json\/wp\/v2\/media?parent=56879"}],"wp:term":[{"taxonomy":"category","embeddable":true,"href":"https:\/\/ekamu.net\/index.php\/wp-json\/wp\/v2\/categories?post=56879"},{"taxonomy":"post_tag","embeddable":true,"href":"https:\/\/ekamu.net\/index.php\/wp-json\/wp\/v2\/tags?post=56879"}],"curies":[{"name":"wp","href":"https:\/\/api.w.org\/{rel}","templated":true}]}}