{"id":57599,"date":"2024-07-08T11:24:09","date_gmt":"2024-07-08T11:24:09","guid":{"rendered":"https:\/\/ekamu.net\/?p=57599"},"modified":"2024-07-08T11:24:09","modified_gmt":"2024-07-08T11:24:09","slug":"18-soruda-almanyada-cifte-vatandasligi-mumkun-kilan-yasa","status":"publish","type":"post","link":"https:\/\/ekamu.net\/index.php\/2024\/07\/08\/18-soruda-almanyada-cifte-vatandasligi-mumkun-kilan-yasa\/","title":{"rendered":"18 soruda Almanya&#8217;da \u00e7ifte vatanda\u015fl\u0131\u011f\u0131 m\u00fcmk\u00fcn k\u0131lan yasa"},"content":{"rendered":"<div>\n<ul>\n<li>\n<figure> <span>01<\/span> <span> <img decoding=\"async\" src=\"https:\/\/ekamu.net\/wp-content\/uploads\/2024\/07\/18-soruda-almanyada-cifte-vatandasligi-mumkun-kilan-yasa-0-MMCFVn7e.jpg\"\/> <\/span> <span><\/p>\n<p><b><span>1-Almanya, neden Vatanda\u015fl\u0131k Yasas\u0131\u2019nda de\u011fi\u015fiklik yapt\u0131?<\/span><\/b><\/p>\n<p><span>Yasa, Almanya&#8217;da ya\u015fayan yabanc\u0131lar\u0131n Alman vatanda\u015f\u0131 olmalar\u0131n\u0131 kolayla\u015ft\u0131rmay\u0131 ama\u00e7l\u0131yor. Ya\u015flanan n\u00fcfusu yani demografik yap\u0131s\u0131ndan dolay\u0131 g\u00f6\u00e7e ihtiya\u00e7 duyan Almanya, bir taraftan yetenekli ve kalifiye i\u015f g\u00fcc\u00fcn\u00fcn \u00fclkede kalmas\u0131n\u0131, di\u011fer taraftan kalifiye i\u015f g\u00fcc\u00fc rekabetinde ABD ve Kanada gibi \u00fclkelerle aray\u0131 kapatmak istiyor. Bu nedenle Almanya\u2019ya gelmeyi d\u00fc\u015f\u00fcnen yabanc\u0131lara perspektifler sunmak ve uzun s\u00fcreden beri \u00fclkede ya\u015fayan yabanc\u0131lar\u0131 te\u015fvik ederek entegrasyonu kolayla\u015ft\u0131rmak istiyor.<\/span><\/p>\n<p><span>Almanya\u2019da n\u00fcfusun y\u00fczde 14\u2019\u00fcne kar\u015f\u0131l\u0131k gelen yakla\u015f\u0131k 12 milyon ki\u015fi, Alman pasaportuna sahip de\u011fil. Bunlar\u0131n 5,3 milyonu en az 10 y\u0131ldan beri Almanya\u2019da ya\u015f\u0131yor.<\/span><\/p>\n<p><b><span>2. Alman vatanda\u015fl\u0131\u011f\u0131na ge\u00e7mek i\u00e7in bekleme s\u00fcresi ne kadar?<\/span><\/b><\/p>\n<p><span>Yeni yasayla Alman vatanda\u015fl\u0131\u011f\u0131na ge\u00e7meye ili\u015fkin s\u00fcre de k\u0131sal\u0131yor. Bundan sonra Alman vatanda\u015fl\u0131\u011f\u0131na ge\u00e7mek i\u00e7in gerekli yasal ikamet s\u00fcresi, 8 y\u0131ldan 5 y\u0131la indiriliyor.<\/span><\/p>\n<p><span>Alman vatanda\u015fl\u0131\u011f\u0131na ge\u00e7mek isteyen ki\u015finin \u00fclkedeki ya\u015fam \u015fartlar\u0131na uyum sa\u011flama konusunda okul veya mesleki ba\u015far\u0131s\u0131n\u0131n bulunmas\u0131, g\u00f6n\u00fcll\u00fc \u00e7al\u0131\u015fmalar yapmas\u0131 veya dil \u00f6\u011frenmek i\u00e7in \u00f6zel \u00e7aba sarf etmesi gibi durumlarda da bu s\u00fcre 3 y\u0131la kadar d\u00fc\u015febiliyor.<\/span><\/p>\n<p> <\/span> <\/figure>\n<\/li>\n<li>\n<figure> <span>02<\/span> <span> <img decoding=\"async\" src=\"https:\/\/ekamu.net\/wp-content\/uploads\/2024\/07\/18-soruda-almanyada-cifte-vatandasligi-mumkun-kilan-yasa-1-y2nZT6p2.jpg\"\/> <\/span> <span><\/p>\n<p><b>3- Alman vatanda\u015fl\u0131\u011f\u0131na ge\u00e7enler, \u00f6nceki vatanda\u015fl\u0131ktan ayr\u0131lmak zorunda m\u0131?<\/b><\/p>\n<p>Hay\u0131r. Yeni yasan\u0131n y\u00fcr\u00fcrl\u00fc\u011fe girmesiyle Alman vatanda\u015fl\u0131\u011f\u0131na ge\u00e7mek isteyenler, kendi \u00fclkelerinin vatanda\u015fl\u0131\u011f\u0131ndan vazge\u00e7mek zorunda kalmayacak. Almanya&#8217;da ya\u015fayan T\u00fcrk vatanda\u015flar\u0131, T\u00fcrk vatanda\u015fl\u0131\u011f\u0131ndan ayr\u0131lmadan Alman vatanda\u015fl\u0131\u011f\u0131na da sahip olabilecek.<\/p>\n<p><b>4- Almanya\u2019da do\u011fan \u00e7ocuklar, Alman vatanda\u015f\u0131 olacak m\u0131?<\/b><\/p>\n<p>\u00dclkede do\u011fan \u00e7ocuklar, ebeveynleri Alman vatanda\u015f\u0131 olmasa dahi onlardan en az birinin en az 5 y\u0131l yasal olarak \u00fclkede ikamet etmesi halinde Alman vatanda\u015fl\u0131\u011f\u0131 alabilecek. Prensip olarak \u00fclkede do\u011fan \u00e7ocuklar, hem Alman vatanda\u015fl\u0131\u011f\u0131na hem de ebeveynlerinin vatanda\u015fl\u0131\u011f\u0131na kal\u0131c\u0131 sahip olabilecek.<\/p>\n<p>Daha \u00f6nce y\u00fcr\u00fcrl\u00fckte olan ve bireyleri 23 ya\u015f\u0131na kadar ebeveynlerinin vatanda\u015fl\u0131\u011f\u0131 ile Alman vatanda\u015fl\u0131\u011f\u0131 aras\u0131nda se\u00e7im yapmaya zorlayan &#8220;opsiyon modeli&#8221; de y\u00fcr\u00fcrl\u00fckten tamamen kalkt\u0131.<\/p>\n<p><\/span> <\/figure>\n<\/li>\n<li>\n<figure> <span>03<\/span> <span> <img decoding=\"async\" src=\"https:\/\/ekamu.net\/wp-content\/uploads\/2024\/07\/18-soruda-almanyada-cifte-vatandasligi-mumkun-kilan-yasa-2-sHllNDVy.jpg\"\/> <\/span> <span><\/p>\n<p><b>5- Vatanda\u015fl\u0131k ba\u015fvurusunun nereye yap\u0131lmas\u0131 gerekiyor?<\/b><\/p>\n<p>Almanya&#8217;daki federal devlet yap\u0131s\u0131 nedeniyle vatanda\u015fl\u0131k konular\u0131yla eyaletler ilgileniyor. Vatanda\u015fl\u0131k ba\u015fvurular\u0131n\u0131n bu eyaletlerin veya yerel y\u00f6netimlerin ilgili dairelerine yap\u0131lmas\u0131 gerekiyor. Baz\u0131 eyaletlerde ba\u015fvurular, internet \u00fczerinden de yap\u0131labilecek. Bu konuda eyaletlerde ve yerel y\u00f6netimlerde faaliyet g\u00f6steren sivil toplum kuru\u015flar\u0131ndan veya ilgili resmi dairelerin internet sayfalar\u0131ndan bilgi al\u0131nabilecek.<\/p>\n<p><b>6- Vatanda\u015fl\u0131\u011fa ge\u00e7i\u015fte Almanca dil bilgisi isteniyor mu?<\/b><\/p>\n<p>Alman vatanda\u015fl\u0131\u011f\u0131na ge\u00e7mek i\u00e7in B1 seviyesinde Almanca dil bilgisi isteniyor.<\/p>\n<p>Almanya\u2019da bir okulu ba\u015far\u0131yla bitirdi\u011fine ili\u015fkin sertifika B1 seviyesini kaps\u0131yor. Bu sertifikaya sahip olmayanlar\u0131n dil s\u0131nav\u0131na girmeleri gerekiyor.<\/p>\n<p>Ancak bir istisna olarak, \u0130\u015fg\u00fcc\u00fc Anla\u015fmas\u0131 kapsam\u0131nda 30 Haziran 1974&#8217;e kadar Federal Almanya Cumhuriyeti&#8217;ne (Bat\u0131 Almanya) ve s\u00f6zle\u015fmeli i\u015f\u00e7i olarak 13 Haziran 1990&#8217;a kadar eski Almanya Demokratik Cumhuriyeti&#8217;ne (Do\u011fu Almanya) gelen i\u015f\u00e7iler i\u00e7in vatanda\u015fl\u0131\u011fa giri\u015fte yaz\u0131l\u0131 s\u0131nav olmayacak. Bu kapsama giren ki\u015filerin, s\u00f6zl\u00fc Almanca ileti\u015fime ge\u00e7ebilmesi yeterli olacak. <\/p>\n<p><\/span> <\/figure>\n<\/li>\n<li>\n<figure> <span>04<\/span> <span> <img decoding=\"async\" src=\"https:\/\/ekamu.net\/wp-content\/uploads\/2024\/07\/18-soruda-almanyada-cifte-vatandasligi-mumkun-kilan-yasa-3-Wt7UPxn4.jpg\"\/> <\/span> <span><\/p>\n<p><b>7- Vatanda\u015fl\u0131k testi nedir?<\/b><\/p>\n<p>Alman vatanda\u015fl\u0131\u011f\u0131na kabul edilmenin bir \u00f6n ko\u015fulu da adaylar\u0131n \u201cvatanda\u015fl\u0131k testini\u201d ba\u015far\u0131yla ge\u00e7mesi. Bu test, 2008\u2019de y\u00fcr\u00fcrl\u00fc\u011fe girdi.<\/p>\n<p>Test, Almanya\u2019n\u0131n tarihi, hukuki ve toplumsal yap\u0131s\u0131n\u0131, ikamet edilen eyaletle ilgili sorular\u0131 i\u00e7eriyor. Test, toplam 310 sorudan olu\u015fuyor. S\u0131navda da 33 soru soruluyor.<\/p>\n<p>Almanya \u0130\u00e7i\u015fleri Bakanl\u0131\u011f\u0131, \u00fclkede artan antisemitizmden \u00f6t\u00fcr\u00fc vatanda\u015fl\u0131k testinde soru listesinin geni\u015fletildi\u011fini, listeye antisemitizm, \u0130srail devletinin var olma hakk\u0131 ve Almanya\u2019daki Yahudi ya\u015fam\u0131na ili\u015fkin sorular\u0131n da dahil edildi\u011fini a\u00e7\u0131klad\u0131.<\/p>\n<p>17 soruya do\u011fru cevap verildi\u011finde test ba\u015far\u0131yla ge\u00e7ilmi\u015f oluyor. Almanya\u2019da okul diplomas\u0131na sahip olanlar\u0131n teste girmeleri gerekmiyor. Teste girme \u00fccreti, \u015fu anda 25 avro olarak belirlendi.<\/p>\n<p><b>8- Alman vatanda\u015fl\u0131\u011f\u0131na ge\u00e7mek i\u00e7in di\u011fer ko\u015fullar nelerdir?<\/b><\/p>\n<p>Alman vatanda\u015fl\u0131\u011f\u0131na ge\u00e7mek isteyenlerin, \u00f6zg\u00fcrl\u00fck\u00e7\u00fc toplumun de\u011ferlerinin yan\u0131 s\u0131ra nasyonal sosyalist rejiminin hukuksuzlu\u011fu (Nazi d\u00f6nemi) ve onun sonu\u00e7lar\u0131yla (Yahudi soyk\u0131r\u0131m\u0131) ilgili Almanya&#8217;n\u0131n \u00f6zel tarihsel sorumlulu\u011funun bulundu\u011funu kabul etmeleri gerekiyor.<\/p>\n<p>Bu sorumluluk, Yahudilerin ya\u015fam\u0131n\u0131n korunmas\u0131n\u0131 da i\u00e7eriyor. Bu de\u011ferleri payla\u015fmayan, Alman vatanda\u015fl\u0131\u011f\u0131na ge\u00e7emeyecek.<\/p>\n<p>Yahudi d\u00fc\u015fman\u0131, \u0131rk\u00e7\u0131, yabanc\u0131 d\u00fc\u015fman\u0131 veya ba\u015fka insanl\u0131k d\u0131\u015f\u0131 eylemlerde bulunanlar ile kad\u0131n-erkek e\u015fitli\u011fini kabul etmeyenler, Alman vatanda\u015fl\u0131\u011f\u0131na al\u0131nmayacak.<\/p>\n<p><\/span> <\/figure>\n<\/li>\n<li>\n<figure> <span>05<\/span> <span> <img decoding=\"async\" src=\"https:\/\/ekamu.net\/wp-content\/uploads\/2024\/07\/18-soruda-almanyada-cifte-vatandasligi-mumkun-kilan-yasa-4-jRHOWzdX.jpg\"\/> <\/span> <span><\/p>\n<p><b>9- Alman vatanda\u015fl\u0131\u011f\u0131na ge\u00e7mek isteyen aday, sosyal yard\u0131m alabilir mi?<\/b><\/p>\n<p>Alman vatanda\u015fl\u0131\u011f\u0131na ge\u00e7mek isteyenlerin prensip olarak sosyal yard\u0131m almadan kendisinin ve ailesinin ge\u00e7imini sa\u011flamas\u0131 gerekiyor. Burada ge\u00e7imini sa\u011flamak i\u00e7in m\u00fcmk\u00fcn olan her \u015feyi yapm\u0131\u015f ancak yine de sosyal yard\u0131m almak zorunda kalanlar gibi baz\u0131 istisnalar bulunuyor.<\/p>\n<p><b>10- Alman vatanda\u015fl\u0131\u011f\u0131na ge\u00e7mek i\u00e7in ne kadar \u00fccret \u00f6denmesi laz\u0131m?<\/b><\/p>\n<p>Vatanda\u015fl\u0131\u011fa ba\u015fvuru \u00fccreti her bir ki\u015fi i\u00e7in 255 euro. Alman vatanda\u015f\u0131 olmalar\u0131 isteniyorsa ayr\u0131ca her \u00e7ocuk i\u00e7in 51 euro daha \u00f6denmesi gerekiyor.<\/p>\n<p><\/span> <\/figure>\n<\/li>\n<li>\n<figure> <span>06<\/span> <span> <img decoding=\"async\" src=\"https:\/\/ekamu.net\/wp-content\/uploads\/2024\/07\/18-soruda-almanyada-cifte-vatandasligi-mumkun-kilan-yasa-5-9LiOiaxz.gif\"\/> <\/span> <span><\/p>\n<p><b>11- Hak edilen Alman vatanda\u015fl\u0131\u011f\u0131 daha sonra iptal edilebilir mi?<\/b><\/p>\n<p>Evet, Vatanda\u015fl\u0131k Yasas\u0131&#8217;n\u0131n 35. maddesi&#8217;ne g\u00f6re vatanda\u015fl\u0131k, hileli ile yanl\u0131\u015f beyan, tehdit veya r\u00fc\u015fvet yoluyla ya da vatanda\u015fl\u0131\u011fa kabul i\u00e7in gerekli bilgilerin kasten yanl\u0131\u015f veya eksik verilmesi yoluyla kazan\u0131lmas\u0131 halinde 10 y\u0131lda iptal edilebilir.<\/p>\n<p>Almanya\u2019daki demokratik temel d\u00fczene ba\u011fl\u0131l\u0131k konusundaki yanl\u0131\u015f beyanlar da iptal sebebi say\u0131labilecek.<\/p>\n<p><b>12 &#8211; Daha \u00f6nce Alman vatanda\u015fl\u0131\u011f\u0131 alan T\u00fcrklerin ne yapmas\u0131 gerekiyor?<\/b><\/p>\n<p>T\u00fcrk vatanda\u015fl\u0131\u011f\u0131n\u0131 yeniden kazanmak isteyenler, &#8220;konsolosluk.gov.tr&#8221; adresinden \u201cYeniden T\u00fcrk Vatanda\u015fl\u0131\u011f\u0131n\u0131 Kazanma Ba\u015fvurusu\u201d k\u0131sm\u0131ndan \u00f6n ba\u015fvuru yaparak randevu alacak.<\/p>\n<p>Randevu al\u0131nmas\u0131n\u0131n ard\u0131ndan fiziki belgeler, Ba\u015fkonsoloslulu\u011fa teslim edilecek. S\u00fcre\u00e7, vatanda\u015fl\u0131\u011fa giri\u015f belgesinin ve T.C. kimlik kart\u0131n\u0131n al\u0131nmas\u0131yla tamamlanacak.<\/p>\n<p><\/span> <\/figure>\n<\/li>\n<li>\n<figure> <span>07<\/span> <span> <img decoding=\"async\" src=\"https:\/\/ekamu.net\/wp-content\/uploads\/2024\/07\/18-soruda-almanyada-cifte-vatandasligi-mumkun-kilan-yasa-5-9LiOiaxz.gif\"\/> <\/span> <span><\/p>\n<p><b>13- Mavi Kart sahibi ki\u015filer, T\u00fcrk vatanda\u015f\u0131 olmak istedi\u011finde gerekli belgeler ve i\u015flem masraf\u0131 nedir?<\/b><\/p>\n<p>Ba\u015fvuru formu (Vat-5), vatanda\u015fl\u0131k hizmet bedelinin ba\u015fkonsolosluk veznesine \u00f6dendi\u011fini g\u00f6sterir makbuz, medeni hali g\u00f6steren belge, T\u00fcrk vatanda\u015fl\u0131\u011f\u0131ndan \u00e7\u0131kt\u0131ktan sonra kimlik bilgilerinde de\u011fi\u015fiklik olmas\u0131 halinde bu de\u011fi\u015fikli\u011fi g\u00f6steren (ad\u0131, soyad\u0131 ve do\u011fum tarihi) belgenin n\u00fcfus kay\u0131tlar\u0131na i\u015flenebilmesi i\u00e7in T\u00fcrk mahkemelerinden tan\u0131ma tenfiz yap\u0131lmas\u0131 gerekiyor.<\/p>\n<p>Hangi \u00fclke vatanda\u015f\u0131 olundu\u011funu g\u00f6steren pasaport, kimlik kart\u0131 veya vatans\u0131zl\u0131k durumunda vatans\u0131z oldu\u011funu g\u00f6steren belge, T\u00fcrk vatanda\u015fl\u0131\u011f\u0131n\u0131n kayb\u0131ndan sonra medeni halde meydana gelen de\u011fi\u015fikli\u011fi g\u00f6steren T\u00fcrk\u00e7e terc\u00fcmeli ve onayl\u0131 belgelerin (evlenme, bo\u015fanma ve e\u015f \u00f6l\u00fcm belgesi) bulunmas\u0131 gerekiyor.<\/p>\n<p>2024 y\u0131l\u0131 i\u00e7in vatanda\u015fl\u0131k hizmet bedeli 280 T\u00fcrk liras\u0131n\u0131n g\u00fcnl\u00fck kurdaki euro kar\u015f\u0131l\u0131\u011f\u0131 olup d\u0131\u015f temsilciliklerdeki veya il valiliklerinin veznelerine yat\u0131r\u0131lacak.<\/p>\n<p>Ba\u015fvuru i\u00e7in istenen belgelerden yabanc\u0131 dildekilerin T\u00fcrk\u00e7e terc\u00fcmeli ve onayl\u0131 olmas\u0131 gerekiyor.<\/p>\n<p>Yeniden T\u00fcrk vatanda\u015fl\u0131\u011f\u0131 kazanmak i\u00e7in yurt i\u00e7inde ikamet edilen il valili\u011fine ba\u011fl\u0131 il n\u00fcfus ve vatanda\u015fl\u0131k m\u00fcd\u00fcrl\u00fc\u011f\u00fcne ve yurt d\u0131\u015f\u0131nda ise ba\u011fl\u0131 bulunulan d\u0131\u015f temsilciliklere m\u00fcracaat edilebilir.<\/p>\n<p><b>14- Yeniden T\u00fcrk vatanda\u015fl\u0131\u011f\u0131n\u0131 kazanma m\u00fcracaat\u0131 e-Devlet \u00fczerinden yapabilir mi?<\/b><\/p>\n<p>Bu ba\u015fvuru e-Devlet \u00fczerinden yap\u0131lamaz. \u00d6n ba\u015fvuru m\u00fcracaat\u0131 &#8220;https:\/\/www.konsolosluk.gov.tr&#8221; adresi \u00fczerinden on-line yapabilecek, sadece ba\u015fvuru s\u00fcreci, e-Devlet \u00fczerinden takip edilebilecek.<\/p>\n<p>Yeniden T\u00fcrk vatanda\u015fl\u0131\u011f\u0131n\u0131 almak isteyenler, D\u0131\u015fi\u015fleri Bakanl\u0131\u011f\u0131n\u0131n konuya ili\u015fkin haz\u0131rlad\u0131\u011f\u0131 kitap\u00e7\u0131ktan daha fazla detayl\u0131 bilgi edinebilecek.<\/p>\n<p><\/span> <\/figure>\n<\/li>\n<li>\n<figure> <span>08<\/span> <span> <img decoding=\"async\" src=\"https:\/\/ekamu.net\/wp-content\/uploads\/2024\/07\/18-soruda-almanyada-cifte-vatandasligi-mumkun-kilan-yasa-5-9LiOiaxz.gif\"\/> <\/span> <span><\/p>\n<p><b>15- Alman vatanda\u015f\u0131 \u00e7ift, T\u00fcrk vatanda\u015fl\u0131\u011f\u0131n\u0131 ald\u0131\u011f\u0131 takdirde 18 ya\u015f\u0131ndan k\u00fc\u00e7\u00fck \u00e7ocuklar\u0131 da zorunlu olarak T\u00fcrk vatanda\u015fl\u0131\u011f\u0131na al\u0131nacaklar m\u0131 yoksa \u00e7ocuklar\u0131n sadece Alman vatanda\u015f\u0131 kalmalar\u0131 m\u00fcmk\u00fcn m\u00fc?<\/b><\/p>\n<p>Anne ve baba birlikte yeniden T\u00fcrk vatanda\u015fl\u0131\u011f\u0131n\u0131 kazanmak istiyor ise 18 ya\u015f alt\u0131 \u00e7ocuklar\u0131n\u0131n da i\u015flem g\u00f6rmesi esast\u0131r ancak anne ve baba, \u00e7ocuklar\u0131 T\u00fcrk vatanda\u015fl\u0131\u011f\u0131na girmeden sadece kendileri i\u00e7in T\u00fcrk vatanda\u015fl\u0131\u011f\u0131 ba\u015fvurusunda bulunabilir.<\/p>\n<p><b>16- T\u00fcrk vatanda\u015fl\u0131\u011f\u0131ndan \u00e7\u0131kan biri, yeniden T\u00fcrk vatanda\u015f\u0131 olursa askerlik yapar m\u0131?<\/b><\/p>\n<p>7179 say\u0131l\u0131 Askeralma Kanunu\u2019nun 43. maddesinin ikinci f\u0131kras\u0131 gere\u011fince \u00e7e\u015fitli nedenlerle T\u00fcrk vatanda\u015fl\u0131\u011f\u0131n\u0131 kaybettikten sonra yeniden T\u00fcrk vatanda\u015fl\u0131\u011f\u0131n\u0131 kazananlar\u0131n askerlik i\u015flemleri, \u00f6nceki askerlik safahatlar\u0131 dikkate al\u0131narak y\u00fcr\u00fct\u00fclmektedir.<\/p>\n<p>Dolay\u0131s\u0131yla askerlik yapmadan T\u00fcrk vatanda\u015fl\u0131\u011f\u0131ndan \u00e7\u0131kt\u0131ktan sonra yeniden T\u00fcrk vatanda\u015fl\u0131\u011f\u0131na giren ki\u015finin, askerlik hizmetini yerine getirmesi gerekiyor.<\/p>\n<p><\/span> <\/figure>\n<\/li>\n<\/ul><\/div>\n<\/p>\n<p><\/p>\n<p>Kaynak :\u00a0<span style=\"background-color: rgb(255, 249, 236); color: rgb(55, 58, 60); font-size: 14px;\">Bloomberg HT<\/span><\/p>\n<p><span style=\"display: block; width: 343.125px; color: rgb(55, 58, 60); font-size: 14px; background-color: rgb(255, 249, 236);\"><\/span><\/p>\n","protected":false},"excerpt":{"rendered":"<p>1-Almanya, neden Vatanda\u015fl\u0131k Yasas\u0131&#8217;nda de\u011fi\u015fiklik yapt\u0131? Yasa, Almanya&#8217;da ya\u015fayan yabanc\u0131lar\u0131n Alman vatanda\u015f\u0131 olmalar\u0131n\u0131 kolayla\u015ft\u0131rmay\u0131 ama\u00e7l\u0131yor. Ya\u015flanan n\u00fcfusu yani demografik yap\u0131s\u0131ndan dolay\u0131 g\u00f6\u00e7e ihtiya\u00e7 duyan Almanya, bir taraftan&#8230;<\/p>\n","protected":false},"author":1,"featured_media":57600,"comment_status":"open","ping_status":"open","sticky":false,"template":"","format":"standard","meta":{"footnotes":""},"categories":[2],"tags":[1265,2090,2505,2504,313],"class_list":["post-57599","post","type-post","status-publish","format-standard","has-post-thumbnail","hentry","category-ekonomi","tag-alman","tag-basvuru","tag-turk-vatandasligi","tag-vatandaslik","tag-yas"],"_links":{"self":[{"href":"https:\/\/ekamu.net\/index.php\/wp-json\/wp\/v2\/posts\/57599","targetHints":{"allow":["GET"]}}],"collection":[{"href":"https:\/\/ekamu.net\/index.php\/wp-json\/wp\/v2\/posts"}],"about":[{"href":"https:\/\/ekamu.net\/index.php\/wp-json\/wp\/v2\/types\/post"}],"author":[{"embeddable":true,"href":"https:\/\/ekamu.net\/index.php\/wp-json\/wp\/v2\/users\/1"}],"replies":[{"embeddable":true,"href":"https:\/\/ekamu.net\/index.php\/wp-json\/wp\/v2\/comments?post=57599"}],"version-history":[{"count":1,"href":"https:\/\/ekamu.net\/index.php\/wp-json\/wp\/v2\/posts\/57599\/revisions"}],"predecessor-version":[{"id":57609,"href":"https:\/\/ekamu.net\/index.php\/wp-json\/wp\/v2\/posts\/57599\/revisions\/57609"}],"wp:featuredmedia":[{"embeddable":true,"href":"https:\/\/ekamu.net\/index.php\/wp-json\/wp\/v2\/media\/57600"}],"wp:attachment":[{"href":"https:\/\/ekamu.net\/index.php\/wp-json\/wp\/v2\/media?parent=57599"}],"wp:term":[{"taxonomy":"category","embeddable":true,"href":"https:\/\/ekamu.net\/index.php\/wp-json\/wp\/v2\/categories?post=57599"},{"taxonomy":"post_tag","embeddable":true,"href":"https:\/\/ekamu.net\/index.php\/wp-json\/wp\/v2\/tags?post=57599"}],"curies":[{"name":"wp","href":"https:\/\/api.w.org\/{rel}","templated":true}]}}