{"id":57908,"date":"2024-07-08T18:12:09","date_gmt":"2024-07-08T18:12:09","guid":{"rendered":"https:\/\/ekamu.net\/?p=57908"},"modified":"2024-07-08T18:12:09","modified_gmt":"2024-07-08T18:12:09","slug":"futbol-a-takimimiz-avusturyada","status":"publish","type":"post","link":"https:\/\/ekamu.net\/index.php\/2024\/07\/08\/futbol-a-takimimiz-avusturyada\/","title":{"rendered":"Futbol A Tak\u0131m\u0131m\u0131z, Avusturya\u2019da"},"content":{"rendered":"<p>Yeni sezon haz\u0131rl\u0131klar\u0131n\u0131 \u0130stanbul\u2019da s\u00fcrd\u00fcren Futbol A Tak\u0131m\u0131m\u0131z, ikinci etap \u00e7al\u0131\u015fmalar\u0131 i\u00e7in Avusturya\u2019n\u0131n Graz kentine gitti.<\/p>\n<p>  Bug\u00fcn \u00f6\u011fle saatlerinde Sabiha G\u00f6k\u00e7en Havaliman\u0131\u2019ndan kalkan \u00f6zel u\u00e7akla Avusturya\u2019ya hareket eden Tak\u0131m\u0131m\u0131z havaliman\u0131nda taraftarlar\u0131m\u0131z taraf\u0131ndan kar\u015f\u0131land\u0131. Futbol A Tak\u0131m\u0131m\u0131z, 2 saat 20 dakika s\u00fcren hava yolculu\u011fun ard\u0131ndan karayoluyla kamp yapaca\u011f\u0131 otele ge\u00e7ti.<\/p>\n<p>  Fenerbah\u00e7emiz, Avusturya kamp\u0131ndaki ilk idman\u0131n\u0131 bug\u00fcn TS\u0130 18.30\u2019da yapacak.<\/p>\n<p>  Match PR ile birlikte organize edilen kamp program\u0131 dahilinde Tak\u0131m\u0131m\u0131z 3 haz\u0131rl\u0131k ma\u00e7\u0131 oynayacak.<\/p>\n<p>  2024-25 sezonuna 22 Haziran 2024 tarihinde Teknik Direkt\u00f6r\u00fcm\u00fcz Jose Mourinho y\u00f6netiminde ba\u015flayan Fenerbah\u00e7emiz, ilk etap \u00e7al\u0131\u015fmalar\u0131 i\u00e7in D\u00fczce\u2019nin Kayna\u015fl\u0131 il\u00e7esinde bulunan Fenerbah\u00e7e Serkan Acar Resort &#038; Sports Topuk Yaylas\u0131 Tesislerimizde gitti. Tak\u0131m\u0131m\u0131z, buradaki bir haftal\u0131k kamp d\u00f6nemi sonunda ilk haz\u0131rl\u0131k ma\u00e7\u0131nda kar\u015f\u0131la\u015ft\u0131\u011f\u0131 Petrolul Ploiesti\u2019yi 2-1 ma\u011flup etti.<\/p>\n<p>  <u><strong>Avusturya kamp\u0131nda oynayaca\u011f\u0131m\u0131z haz\u0131rl\u0131k ma\u00e7lar\u0131n\u0131n program\u0131 \u015fu \u015fekilde;<\/strong><\/u><\/p>\n<p>  <strong>6 Temmuz Cumartesi:<\/strong><\/p>\n<p>  Fenerbah\u00e7e &#8211; Admira Wacker<br \/>  19:00 (Yerel saat)<br \/>  BSFZ ARENA<\/p>\n<p>  <strong>10 Temmuz \u00c7ar\u015famba:<\/strong><\/p>\n<p>  Fenerbah\u00e7e &#8211; Hajduk Split<br \/>  19:00 (Yerel saat)<br \/>  Merkur Arena<\/p>\n<p>  <strong>13 Temmuz Cumartesi:<\/strong><\/p>\n<p>  Fenerbah\u00e7e &#8211; Strasbourg<br \/>  18:30 (Yerel saat)<br \/>  Merkur Arena<\/p>\n<p>  Futbol Tak\u0131m\u0131m\u0131z, 13 Temmuz 2024 tarihinde oynayaca\u011f\u0131 ma\u00e7 sonras\u0131nda haz\u0131rl\u0131klar\u0131n\u0131 tamamlay\u0131p \u0130stanbul\u2019a d\u00f6necek.<\/p>\n<p><b>Bas\u0131n Foto\u011fraflar\u0131<\/b><\/p>\n<div>\n<figure> <img decoding=\"async\" src=\"https:\/\/ekamu.net\/wp-content\/uploads\/2024\/07\/futbol-a-takimimiz-avusturyada-0-ZgHGNwMV.jpg\"\/> <\/figure>\n<figure> <img decoding=\"async\" src=\"https:\/\/ekamu.net\/wp-content\/uploads\/2024\/07\/futbol-a-takimimiz-avusturyada-1-vGaxNGUp.jpg\"\/> <\/figure>\n<figure> <img decoding=\"async\" src=\"https:\/\/ekamu.net\/wp-content\/uploads\/2024\/07\/futbol-a-takimimiz-avusturyada-2-wLbJruc8.jpg\"\/> <\/figure>\n<figure> <img decoding=\"async\" src=\"https:\/\/ekamu.net\/wp-content\/uploads\/2024\/07\/futbol-a-takimimiz-avusturyada-3-jh8rSzFh.jpg\"\/> <\/figure>\n<figure> <img decoding=\"async\" src=\"https:\/\/ekamu.net\/wp-content\/uploads\/2024\/07\/futbol-a-takimimiz-avusturyada-4-gHPME2sb.jpg\"\/> <\/figure>\n<figure> <img decoding=\"async\" src=\"https:\/\/ekamu.net\/wp-content\/uploads\/2024\/07\/futbol-a-takimimiz-avusturyada-5-wIDizbPr.jpg\"\/> <\/figure>\n<figure> <img decoding=\"async\" src=\"https:\/\/ekamu.net\/wp-content\/uploads\/2024\/07\/futbol-a-takimimiz-avusturyada-6-jjmVvnAa.jpg\"\/> <\/figure>\n<figure> <img decoding=\"async\" src=\"https:\/\/ekamu.net\/wp-content\/uploads\/2024\/07\/futbol-a-takimimiz-avusturyada-7-GnTKzUve.jpg\"\/> <\/figure>\n<figure> <img decoding=\"async\" src=\"https:\/\/ekamu.net\/wp-content\/uploads\/2024\/07\/futbol-a-takimimiz-avusturyada-8-yYEcMDIY.jpg\"\/> <\/figure>\n<figure> <img decoding=\"async\" src=\"https:\/\/ekamu.net\/wp-content\/uploads\/2024\/07\/futbol-a-takimimiz-avusturyada-9-lUyBdykR.jpg\"\/> <\/figure>\n<figure> <img decoding=\"async\" src=\"https:\/\/ekamu.net\/wp-content\/uploads\/2024\/07\/futbol-a-takimimiz-avusturyada-10-wsuGT7ZD.jpg\"\/> <\/figure>\n<figure> <img decoding=\"async\" src=\"https:\/\/ekamu.net\/wp-content\/uploads\/2024\/07\/futbol-a-takimimiz-avusturyada-11-SnvQ9vQN.jpg\"\/> <\/figure>\n<figure> <img decoding=\"async\" src=\"https:\/\/ekamu.net\/wp-content\/uploads\/2024\/07\/futbol-a-takimimiz-avusturyada-12-DSHFULcc.jpg\"\/> <\/figure>\n<figure> <img decoding=\"async\" src=\"https:\/\/ekamu.net\/wp-content\/uploads\/2024\/07\/futbol-a-takimimiz-avusturyada-13-aRBtBaDk.jpg\"\/> <\/figure>\n<figure> <img decoding=\"async\" src=\"https:\/\/ekamu.net\/wp-content\/uploads\/2024\/07\/futbol-a-takimimiz-avusturyada-14-iKebB6W6.jpg\"\/> <\/figure>\n<figure> <img decoding=\"async\" src=\"https:\/\/ekamu.net\/wp-content\/uploads\/2024\/07\/futbol-a-takimimiz-avusturyada-15-TAsd3wXC.jpg\"\/> <\/figure>\n<\/p><\/div>\n<\/p>","protected":false},"excerpt":{"rendered":"<p>Yeni sezon haz\u0131rl\u0131klar\u0131n\u0131 \u0130stanbul\u2019da s\u00fcrd\u00fcren Futbol A Tak\u0131m\u0131m\u0131z, ikinci etap \u00e7al\u0131\u015fmalar\u0131 i\u00e7in Avusturya\u2019n\u0131n Graz kentine gitti. Bug\u00fcn \u00f6\u011fle saatlerinde Sabiha G\u00f6k\u00e7en Havaliman\u0131\u2019ndan kalkan \u00f6zel u\u00e7akla Avusturya\u2019ya hareket eden Tak\u0131m\u0131m\u0131z &#8230;<\/p>\n","protected":false},"author":1,"featured_media":57909,"comment_status":"open","ping_status":"open","sticky":false,"template":"","format":"standard","meta":{"footnotes":""},"categories":[11],"tags":[65,2455,2249,286,2510],"class_list":["post-57908","post","type-post","status-publish","format-standard","has-post-thumbnail","hentry","category-fenerbahce","tag-fenerbahce","tag-hazirlik","tag-kamp","tag-saat","tag-takimimiz"],"_links":{"self":[{"href":"https:\/\/ekamu.net\/index.php\/wp-json\/wp\/v2\/posts\/57908","targetHints":{"allow":["GET"]}}],"collection":[{"href":"https:\/\/ekamu.net\/index.php\/wp-json\/wp\/v2\/posts"}],"about":[{"href":"https:\/\/ekamu.net\/index.php\/wp-json\/wp\/v2\/types\/post"}],"author":[{"embeddable":true,"href":"https:\/\/ekamu.net\/index.php\/wp-json\/wp\/v2\/users\/1"}],"replies":[{"embeddable":true,"href":"https:\/\/ekamu.net\/index.php\/wp-json\/wp\/v2\/comments?post=57908"}],"version-history":[{"count":1,"href":"https:\/\/ekamu.net\/index.php\/wp-json\/wp\/v2\/posts\/57908\/revisions"}],"predecessor-version":[{"id":57926,"href":"https:\/\/ekamu.net\/index.php\/wp-json\/wp\/v2\/posts\/57908\/revisions\/57926"}],"wp:featuredmedia":[{"embeddable":true,"href":"https:\/\/ekamu.net\/index.php\/wp-json\/wp\/v2\/media\/57909"}],"wp:attachment":[{"href":"https:\/\/ekamu.net\/index.php\/wp-json\/wp\/v2\/media?parent=57908"}],"wp:term":[{"taxonomy":"category","embeddable":true,"href":"https:\/\/ekamu.net\/index.php\/wp-json\/wp\/v2\/categories?post=57908"},{"taxonomy":"post_tag","embeddable":true,"href":"https:\/\/ekamu.net\/index.php\/wp-json\/wp\/v2\/tags?post=57908"}],"curies":[{"name":"wp","href":"https:\/\/api.w.org\/{rel}","templated":true}]}}