{"id":58290,"date":"2024-07-09T09:00:07","date_gmt":"2024-07-09T09:00:07","guid":{"rendered":"https:\/\/ekamu.net\/?p=58290"},"modified":"2024-07-09T09:00:07","modified_gmt":"2024-07-09T09:00:07","slug":"fenerbahcemiz-hazirlik-macinda-admira-wacker-ile-karsilasiyor","status":"publish","type":"post","link":"https:\/\/ekamu.net\/index.php\/2024\/07\/09\/fenerbahcemiz-hazirlik-macinda-admira-wacker-ile-karsilasiyor\/","title":{"rendered":"Fenerbah\u00e7emiz, haz\u0131rl\u0131k ma\u00e7\u0131nda Admira Wacker ile kar\u015f\u0131la\u015f\u0131yor"},"content":{"rendered":"<p><p>Futbol Tak\u0131m\u0131m\u0131z, yeni sezon \u00e7al\u0131\u015fmalar\u0131 kapsam\u0131nda ikinci haz\u0131rl\u0131k ma\u00e7\u0131na \u00e7\u0131k\u0131yor. Sezona Avusturya\u2019n\u0131n Graz kentinde haz\u0131rlanan ekibimiz, Avusturya temsilcisi Admira Wacker ile kar\u015f\u0131la\u015facak. S\u00fcdstadt kasabas\u0131nda bulunan BSFZ Arena&#8217;da oynanacak m\u00fccadele yar\u0131n ak\u015fam saat 20.00\u2019de ba\u015flayacak ve S Sport Plus\u2019tan canl\u0131 yay\u0131nlanacak.<\/p>\n<p>Fenerbah\u00e7emiz, yeni sezon \u00e7al\u0131\u015fmalar\u0131 kapsam\u0131nda ilk haz\u0131rl\u0131k ma\u00e7\u0131n\u0131 Fenerbah\u00e7e Serkan Acar Resort &#038; Sports Topuk Yaylas\u0131 tesislerimizde Romanya\u2019n\u0131n Petrolul Ploiesti tak\u0131m\u0131 ile oynam\u0131\u015ft\u0131. Sar\u0131 lacivertliler, m\u00fccadeleden Edin Dzeko ve Miha Zajc\u2019\u0131n golleri ile 2-1 galip ayr\u0131lm\u0131\u015ft\u0131.<\/p>\n<p>Tak\u0131m\u0131m\u0131z, Match PR ile birlikte organize edilen Avusturya kamp\u0131nda Admira Wacker ma\u00e7\u0131n\u0131n ard\u0131ndan iki haz\u0131rl\u0131k kar\u015f\u0131la\u015fmas\u0131 daha oynayacak.<\/p>\n<p>Ekibimiz, 10 Temmuz \u00c7ar\u015famba g\u00fcn\u00fc Hajduk Split, 13 Temmuz Cumartesi g\u00fcn\u00fc ise Strasbourg ile kar\u015f\u0131la\u015facak.<\/p>\n","protected":false},"excerpt":{"rendered":"<p>Futbol Tak\u0131m\u0131m\u0131z, yeni sezon \u00e7al\u0131\u015fmalar\u0131 kapsam\u0131nda ikinci haz\u0131rl\u0131k ma\u00e7\u0131na \u00e7\u0131k\u0131yor. Sezona Avusturya\u2019n\u0131n Graz kentinde haz\u0131rlanan ekibimiz, Avusturya temsilcisi Admira Wacker ile kar\u015f\u0131la\u015facak. S\u00fcdstadt kasabas\u0131nda bulunan BSFZ Arena&#8217;da oynanacak &#8230;<\/p>\n","protected":false},"author":1,"featured_media":58291,"comment_status":"open","ping_status":"open","sticky":false,"template":"","format":"standard","meta":{"footnotes":""},"categories":[11],"tags":[],"class_list":["post-58290","post","type-post","status-publish","format-standard","has-post-thumbnail","hentry","category-fenerbahce"],"_links":{"self":[{"href":"https:\/\/ekamu.net\/index.php\/wp-json\/wp\/v2\/posts\/58290","targetHints":{"allow":["GET"]}}],"collection":[{"href":"https:\/\/ekamu.net\/index.php\/wp-json\/wp\/v2\/posts"}],"about":[{"href":"https:\/\/ekamu.net\/index.php\/wp-json\/wp\/v2\/types\/post"}],"author":[{"embeddable":true,"href":"https:\/\/ekamu.net\/index.php\/wp-json\/wp\/v2\/users\/1"}],"replies":[{"embeddable":true,"href":"https:\/\/ekamu.net\/index.php\/wp-json\/wp\/v2\/comments?post=58290"}],"version-history":[{"count":1,"href":"https:\/\/ekamu.net\/index.php\/wp-json\/wp\/v2\/posts\/58290\/revisions"}],"predecessor-version":[{"id":58292,"href":"https:\/\/ekamu.net\/index.php\/wp-json\/wp\/v2\/posts\/58290\/revisions\/58292"}],"wp:featuredmedia":[{"embeddable":true,"href":"https:\/\/ekamu.net\/index.php\/wp-json\/wp\/v2\/media\/58291"}],"wp:attachment":[{"href":"https:\/\/ekamu.net\/index.php\/wp-json\/wp\/v2\/media?parent=58290"}],"wp:term":[{"taxonomy":"category","embeddable":true,"href":"https:\/\/ekamu.net\/index.php\/wp-json\/wp\/v2\/categories?post=58290"},{"taxonomy":"post_tag","embeddable":true,"href":"https:\/\/ekamu.net\/index.php\/wp-json\/wp\/v2\/tags?post=58290"}],"curies":[{"name":"wp","href":"https:\/\/api.w.org\/{rel}","templated":true}]}}