{"id":59476,"date":"2024-07-11T16:36:06","date_gmt":"2024-07-11T16:36:06","guid":{"rendered":"https:\/\/ekamu.net\/?p=59476"},"modified":"2024-07-11T16:36:06","modified_gmt":"2024-07-11T16:36:06","slug":"tcmb-baskani-karahan-sadece-haziran-verisiyle-cikarim-saglikli-olmaz","status":"publish","type":"post","link":"https:\/\/ekamu.net\/index.php\/2024\/07\/11\/tcmb-baskani-karahan-sadece-haziran-verisiyle-cikarim-saglikli-olmaz\/","title":{"rendered":"TCMB Ba\u015fkan\u0131 Karahan: Sadece Haziran verisiyle \u00e7\u0131kar\u0131m sa\u011fl\u0131kl\u0131 olmaz"},"content":{"rendered":"<p><p>Merkez Bankas\u0131 (TCMB) Ba\u015fkan\u0131 Fatih Karahan talepte dengelenmenin ba\u015flad\u0131\u011f\u0131n\u0131 ancak enflasyonda hen\u00fcz kat edecek mesafe oldu\u011funu bu nedenle para politikas\u0131nda s\u0131k\u0131l\u0131\u011f\u0131 koruyarak yola devam edeceklerini s\u00f6yledi.<\/p>\n<div>\n<p>Karahan Reuters&#8217;a yapt\u0131\u011f\u0131 a\u00e7\u0131klamada &#8220;S\u0131k\u0131l\u0131\u011f\u0131 koruyarak verilerin ve beklentilerin dezenflasyon patikam\u0131z do\u011frultusunda olu\u015fmas\u0131n\u0131 bekleyece\u011fiz. Hen\u00fcz bu do\u011frultuda kat edecek mesafemiz oldu\u011funu d\u00fc\u015f\u00fcn\u00fcyoruz&#8221; dedi.<\/p>\n<p>&#8220;Ayl\u0131k enflasyonun ana e\u011filiminde belirgin ve kal\u0131c\u0131 bir d\u00fc\u015f\u00fc\u015f g\u00f6rmek istiyoruz&#8221; diyen Karahan enflasyonu d\u00fc\u015f\u00fcrme konusunda &#8220;son derece kararl\u0131 olduklar\u0131na dikkat \u00e7ekti.<\/p>\n<p>Enflasyon May\u0131s&#8217;ta ula\u015ft\u0131\u011f\u0131 y\u00fczde 75,45 ile 2022 sonundan beri en y\u00fcksek seviyeye y\u00fckseldikten sonra Haziran ay\u0131nda y\u0131ll\u0131k bazda d\u00fc\u015f\u00fc\u015fe ge\u00e7ti. \u00c7ar\u015famba g\u00fcn\u00fc a\u00e7\u0131klanan verilere g\u00f6re, T\u00dcFE y\u0131ll\u0131k y\u00fczde 71,60&#8217;a gerilerken, ayl\u0131k fiyat art\u0131\u015f\u0131 da Haziran&#8217;da y\u00fczde 2&#8217;nin alt\u0131na d\u00fc\u015ft\u00fc.<\/p>\n<\/div>\n<p><b><strong>&#8220;Sadece Haziran enflasyon verisiyle \u00e7\u0131kar\u0131m sa\u011fl\u0131kl\u0131 olmaz&#8221;<\/strong><\/b><\/p>\n<div>\n<p>&#8220;Talepte dengelenme belirtileri ortaya \u00e7\u0131k\u0131yor&#8221; diyen Karahan bunun fiyatlara da yans\u0131maya ba\u015flad\u0131\u011f\u0131n\u0131 g\u00f6rd\u00fcklerini s\u00f6yledi ancak tek bir veri \u00fczerinden \u00e7\u0131kar\u0131m yapmad\u0131klar\u0131na dikkat \u00e7ekti.<\/p>\n<p>&#8220;Oynakl\u0131\u011f\u0131n y\u00fcksek seyretti\u011fi bu d\u00f6nemde tek bir veri \u00fczerinden \u00e7\u0131kar\u0131m yapmak sa\u011fl\u0131kl\u0131 olmaz&#8221; diyen Karahan &#8220;Merkez bankas\u0131 kararl\u0131l\u0131\u011f\u0131 ve ihtiyat\u0131 ile hareket ediyoruz&#8221; dedi.<\/p>\n<p>TCMB Haziran itibar\u0131yla y\u0131ll\u0131k enflasyonda ba\u015flayan d\u00fc\u015f\u00fc\u015f ile y\u0131l sonunda enflasyonun y\u00fczde 38 seviyesine inmesini bekliyor. Reuters anketinde piyasan\u0131n y\u0131l sonunda enflasyon bekentisi ise y\u00fczde 42 civar\u0131nda.<\/p>\n<\/div>\n<\/p>\n<p><\/p>\n<p>Kaynak :\u00a0<span style=\"background-color: rgb(255, 249, 236); color: rgb(55, 58, 60); font-size: 14px;\">Bloomberg HT<\/span><\/p>\n<p><span style=\"display: block; width: 343.125px; color: rgb(55, 58, 60); font-size: 14px; background-color: rgb(255, 249, 236);\"><\/span><\/p>\n","protected":false},"excerpt":{"rendered":"<p>T\u00fcrkiye Cumhuriyet Merkez Bankas\u0131 (TCMB) Ba\u015fkan\u0131 Fatih Karahan, Reuters&#8217;a yapt\u0131\u011f\u0131 a\u00e7\u0131klamada &#8220;Oynakl\u0131\u011f\u0131n y\u00fcksek seyretti\u011fi bu d\u00f6nemde tek bir veri \u00fczerinden \u00e7\u0131kar\u0131m yapmak sa\u011fl\u0131kl\u0131 olmaz&#8221; diye konu\u015ftu.<\/p>\n","protected":false},"author":1,"featured_media":59477,"comment_status":"open","ping_status":"open","sticky":false,"template":"","format":"standard","meta":{"footnotes":""},"categories":[2],"tags":[44,1292,639],"class_list":["post-59476","post","type-post","status-publish","format-standard","has-post-thumbnail","hentry","category-ekonomi","tag-enflasyon","tag-karahan","tag-veri"],"_links":{"self":[{"href":"https:\/\/ekamu.net\/index.php\/wp-json\/wp\/v2\/posts\/59476","targetHints":{"allow":["GET"]}}],"collection":[{"href":"https:\/\/ekamu.net\/index.php\/wp-json\/wp\/v2\/posts"}],"about":[{"href":"https:\/\/ekamu.net\/index.php\/wp-json\/wp\/v2\/types\/post"}],"author":[{"embeddable":true,"href":"https:\/\/ekamu.net\/index.php\/wp-json\/wp\/v2\/users\/1"}],"replies":[{"embeddable":true,"href":"https:\/\/ekamu.net\/index.php\/wp-json\/wp\/v2\/comments?post=59476"}],"version-history":[{"count":1,"href":"https:\/\/ekamu.net\/index.php\/wp-json\/wp\/v2\/posts\/59476\/revisions"}],"predecessor-version":[{"id":59478,"href":"https:\/\/ekamu.net\/index.php\/wp-json\/wp\/v2\/posts\/59476\/revisions\/59478"}],"wp:featuredmedia":[{"embeddable":true,"href":"https:\/\/ekamu.net\/index.php\/wp-json\/wp\/v2\/media\/59477"}],"wp:attachment":[{"href":"https:\/\/ekamu.net\/index.php\/wp-json\/wp\/v2\/media?parent=59476"}],"wp:term":[{"taxonomy":"category","embeddable":true,"href":"https:\/\/ekamu.net\/index.php\/wp-json\/wp\/v2\/categories?post=59476"},{"taxonomy":"post_tag","embeddable":true,"href":"https:\/\/ekamu.net\/index.php\/wp-json\/wp\/v2\/tags?post=59476"}],"curies":[{"name":"wp","href":"https:\/\/api.w.org\/{rel}","templated":true}]}}