{"id":60050,"date":"2024-07-12T18:24:05","date_gmt":"2024-07-12T18:24:05","guid":{"rendered":"https:\/\/ekamu.net\/?p=60050"},"modified":"2024-07-12T18:24:05","modified_gmt":"2024-07-12T18:24:05","slug":"whatsapp-meta-ai-ile-yakinda-fotograflara-yanit-verip-duzenleyebilecek","status":"publish","type":"post","link":"https:\/\/ekamu.net\/index.php\/2024\/07\/12\/whatsapp-meta-ai-ile-yakinda-fotograflara-yanit-verip-duzenleyebilecek\/","title":{"rendered":"WhatsApp, Meta AI ile yak\u0131nda foto\u011fraflara yan\u0131t verip d\u00fczenleyebilecek"},"content":{"rendered":"<p><figure> <span> <img decoding=\"async\" src=\"https:\/\/ekamu.net\/wp-content\/uploads\/2024\/07\/whatsapp-meta-ai-ile-yakinda-fotograflara-yanit-verip-duzenleyebilecek-0-e1z7Qsk8.jpg\"\/> <\/span> Pop\u00fcler mesajla\u015fma uygulamas\u0131 <strong>WhatsApp&#8217;\u0131n<\/strong>, ge\u00e7ti\u011fimiz g\u00fcnlerde kullan\u0131c\u0131lar\u0131n <strong>Meta AI<\/strong> kullanarak kendi resimlerini olu\u015fturmak i\u00e7in iste\u011fe ba\u011fl\u0131 bir \u00f6zelli\u011fi test etti\u011fi ortaya \u00e7\u0131km\u0131\u015ft\u0131. Yak\u0131n bir zamanl\u0131 rapora g\u00f6reyse uygulama, kullan\u0131c\u0131lar i\u00e7in Meta AI taraf\u0131ndan manuel olarak payla\u015f\u0131lan resimlerle etkile\u015fime girmesini sa\u011flayan yeni \u00f6zellikler test ediyor. <\/figure>\n<p><b>WhatsApp,\u00a0kullan\u0131c\u0131lar\u0131n Meta AI taraf\u0131ndan manuel olarak payla\u015f\u0131lan resimlerle etkile\u015fime girmesini sa\u011flayan yeni \u00f6zellikler test ediyor<\/b><\/p>\n<p>Android i\u00e7in WhatsApp beta 2.24.14.20 g\u00fcncellemesi ile uygulama,\u00a0Meta AI&#8217;n\u0131n <strong>foto\u011fraflara yan\u0131t vermesine<\/strong> ve bunlar\u0131 <strong>d\u00fczenlemesine<\/strong> olanak tan\u0131yan yeni bir \u00f6zelli\u011fi test etmekte.\u00a0A\u015fa\u011f\u0131daki ekran g\u00f6r\u00fcnt\u00fcs\u00fcnden de g\u00f6r\u00fcld\u00fc\u011f\u00fc \u00fczere uygulama,\u00a0kullan\u0131c\u0131lar\u0131n Meta AI ile foto\u011fraflar\u0131 manuel olarak payla\u015fmas\u0131na olanak tan\u0131yan yeni bir sohbet d\u00fc\u011fmesini kullan\u0131ma sundu.\u00a0Bu yeni \u00f6zellik ile kullan\u0131c\u0131lar, foto\u011fraflar ile ilgili sorular sorabilecek ve de\u011fi\u015fiklikler yapabilecek.<\/p>\n<figure> <span> <img decoding=\"async\" src=\"https:\/\/ekamu.net\/wp-content\/uploads\/2024\/07\/whatsapp-meta-ai-ile-yakinda-fotograflara-yanit-verip-duzenleyebilecek-1-aHxu2e7X.jpg\"\/> <\/span> Hen\u00fcz test a\u015famas\u0131ndaki bu \u00f6zellik ile kullan\u0131c\u0131lar, bir komut payla\u015farak do\u011frudan sohbet i\u00e7inde g\u00f6r\u00fcnt\u00fclerini d\u00fczenleyebilecekler. Ayr\u0131ca kullan\u0131c\u0131lar, foto\u011fraflar\u0131 \u00fczerinde <strong>tam kontrole sahip<\/strong> olacaklar ve foto\u011fraflar\u0131 istedikleri zaman silebilecekler. <\/figure>\n<\/p>\n<p><span style=\"display: block; width: 343.125px; color: rgb(55, 58, 60); font-size: 14px; background-color: rgb(255, 249, 236);\"><\/span><\/p>\n<p>Kaynak :\u00a0<span style=\"background-color: rgb(255, 249, 236); color: rgb(55, 58, 60); font-size: 14px;\">https:\/\/www.donanimhaber.com\/whatsapp-meta-ai-ile-fotograflara-yanit-verip-duzenleyebilecek&#8211;179184<\/span><\/p>\n","protected":false},"excerpt":{"rendered":"<p>Pop\u00fcler mesajla\u015fma uygulamas\u0131 WhatsApp&#8217;\u0131n, ge\u00e7ti\u011fimiz g\u00fcnlerde kullan\u0131c\u0131lar\u0131n Meta AI kullanarak kendi resimlerini olu\u015fturmak i\u00e7in iste\u011fe ba\u011fl\u0131 bir \u00f6zelli\u011fi test etti\u011fi ortaya \u00e7\u0131km\u0131\u015ft\u0131. Yak\u0131n bir zamanl\u0131 rapora g\u00f6reyse uygulama, kullan\u0131c\u0131lar i\u00e7in &#8230;<\/p>\n","protected":false},"author":1,"featured_media":60051,"comment_status":"open","ping_status":"open","sticky":false,"template":"","format":"standard","meta":{"footnotes":""},"categories":[8],"tags":[1786,426,2356,25],"class_list":["post-60050","post","type-post","status-publish","format-standard","has-post-thumbnail","hentry","category-teknoloji","tag-fotograflar","tag-kullanicilar","tag-meta-ai","tag-test"],"_links":{"self":[{"href":"https:\/\/ekamu.net\/index.php\/wp-json\/wp\/v2\/posts\/60050","targetHints":{"allow":["GET"]}}],"collection":[{"href":"https:\/\/ekamu.net\/index.php\/wp-json\/wp\/v2\/posts"}],"about":[{"href":"https:\/\/ekamu.net\/index.php\/wp-json\/wp\/v2\/types\/post"}],"author":[{"embeddable":true,"href":"https:\/\/ekamu.net\/index.php\/wp-json\/wp\/v2\/users\/1"}],"replies":[{"embeddable":true,"href":"https:\/\/ekamu.net\/index.php\/wp-json\/wp\/v2\/comments?post=60050"}],"version-history":[{"count":1,"href":"https:\/\/ekamu.net\/index.php\/wp-json\/wp\/v2\/posts\/60050\/revisions"}],"predecessor-version":[{"id":60054,"href":"https:\/\/ekamu.net\/index.php\/wp-json\/wp\/v2\/posts\/60050\/revisions\/60054"}],"wp:featuredmedia":[{"embeddable":true,"href":"https:\/\/ekamu.net\/index.php\/wp-json\/wp\/v2\/media\/60051"}],"wp:attachment":[{"href":"https:\/\/ekamu.net\/index.php\/wp-json\/wp\/v2\/media?parent=60050"}],"wp:term":[{"taxonomy":"category","embeddable":true,"href":"https:\/\/ekamu.net\/index.php\/wp-json\/wp\/v2\/categories?post=60050"},{"taxonomy":"post_tag","embeddable":true,"href":"https:\/\/ekamu.net\/index.php\/wp-json\/wp\/v2\/tags?post=60050"}],"curies":[{"name":"wp","href":"https:\/\/api.w.org\/{rel}","templated":true}]}}