{"id":60305,"date":"2024-07-13T07:24:05","date_gmt":"2024-07-13T07:24:05","guid":{"rendered":"https:\/\/ekamu.net\/?p=60305"},"modified":"2024-07-13T07:24:05","modified_gmt":"2024-07-13T07:24:05","slug":"tursat-6a-bu-gece-uzaya-gonderilecek-nasil-izlenir","status":"publish","type":"post","link":"https:\/\/ekamu.net\/index.php\/2024\/07\/13\/tursat-6a-bu-gece-uzaya-gonderilecek-nasil-izlenir\/","title":{"rendered":"T\u00fcrsat 6A bu gece uzaya g\u00f6nderilecek! Nas\u0131l izlenir?"},"content":{"rendered":"<p><figure> <span> <img decoding=\"async\" src=\"https:\/\/ekamu.net\/wp-content\/uploads\/2024\/07\/tursat-6a-bu-gece-uzaya-gonderilecek-nasil-izlenir-0-inVASJce.jpg\"\/> <\/span> T\u00fcrkiye\u2019nin ilk yerli ve milli uydusu <strong>T\u00fcrksat 6A<\/strong>, bu gece f\u0131rlat\u0131l\u0131yor. T\u00fcrksat 6A, bu gece saat <strong>00.20\u2019de<\/strong> ABD Florida&#8217;da bulunan Cape Canaveral Hava Kuvvetleri \u0130stasyonu\u2019ndan SpaceX\u2019in Falcon 9 roketiyle uzaya g\u00f6nderilecek. <\/figure>\n<p><b>T\u00fcrksat 6A ne zaman f\u0131rlat\u0131lacak? T\u00fcrkat 6A f\u0131rlat\u0131l\u0131\u015f\u0131 nas\u0131l izlenir?<\/b><\/p>\n<p>T\u00fcrksat 6A\u2019n\u0131n f\u0131rlat\u0131l\u0131\u015f\u0131 bug\u00fcn saat\u00a0<strong>saat 00.20\u2019de<\/strong> ger\u00e7ekle\u015fecek. F\u0131rlatmay\u0131 bug\u00fcn saat 00.00\u2019dan itibaren SpaceX\u2019in Twitter hesab\u0131ndaki canl\u0131 yay\u0131ndan seyredebilirsiniz.<\/p>\n<p>https:\/\/x.com\/spacex<\/p>\n<p>T\u00fcrksat 6A, roketten ayr\u0131ld\u0131ktan yakla\u015f\u0131k 70 dakika sonra ge\u00e7ici y\u00f6r\u00fcngesine ula\u015facak. Ge\u00e7ici y\u00f6r\u00fcngeye ula\u015ft\u0131\u011f\u0131nda d\u00fcnyaya ilk sinyaller g\u00f6nderilmi\u015f olacak. Ard\u0131ndan kimyasal itki sistemiyle <strong>42 derece do\u011fu<\/strong> boylam\u0131ndaki y\u00f6r\u00fcngeye do\u011fru yolculuk yapacak. Bu yolculuk yakla\u015f\u0131k 1 ay s\u00fcrecek. 42 derece do\u011fu boylam\u0131ndaki y\u00f6r\u00fcngede, 35 bin 786 kilometre uzakl\u0131kta hizmet verecek.<\/p>\n<p>T\u00fcrksat 6A, ihtiya\u00e7 duydu\u011fu enerjiyi g\u00fcne\u015f enerjisinden elde edecek. G\u00fcne\u015f panelleri, uydunun katlanabilir kanatlar\u0131na yerle\u015ftirildi. Bu sayede f\u0131rlatma s\u0131ras\u0131nda g\u00fcne\u015f panelleri zarar g\u00f6rmeyecek. 10\u2019ar metre uzunlu\u011funda iki g\u00fcne\u015f paneli kanad\u0131 bulunuyor. <strong>9,2 kW\u2019a kadar<\/strong> g\u00fc\u00e7 \u00fcretebilecek. B\u00f6ylelikle G\u00d6KT\u00dcRK-2\u2019den 10 kat daha fazla g\u00fc\u00e7 \u00fcretme kapasitesine sahip. G\u00fcne\u015f panelleri, T\u00fcrksat 6A\u2019n\u0131n 15 y\u0131l boyunca enerji ihtiyac\u0131n\u0131 kar\u015f\u0131layacak.<\/p>\n<p><b>Hangi firmalar neler \u00fcretti?<\/b><\/p>\n<p>T\u00fcrksat 6A, <strong>y\u00fczde 90<\/strong> yerlilik oran\u0131na sahip.\u00a0<strong>T\u00dcB\u0130TAK Uzay<\/strong>, uydu y\u00f6netim alt sistemini, y\u00f6r\u00fcnge y\u00f6nelim kontrol alt sistemini, g\u00fc\u00e7 alt sistemini, elektrikli itki alt sistemini, aray\u00fcz kontrol birimlerini ve haberle\u015fme g\u00f6rev y\u00fck\u00fcn\u00fc \u00fcretti.<\/p>\n<p><strong>C2TECH<\/strong>, telemetri\/i\u015faret sinyali vericisinden telekomut al\u0131c\u0131ya, y\u00f6ns\u00fcz al\u0131c\u0131 anteninden al\u0131c\u0131 test ba\u011fda\u015ft\u0131r\u0131c\u0131s\u0131na kadar t\u00fcm telemetri telekomut ve mesafe \u00f6l\u00e7\u00fcm alt sistemlerini yerli ve milli olarak \u00fcretti.<\/p>\n<p><strong>ASELSAN<\/strong>\u00a0ise T\u00fcrkiye antenini, Alma\u00e7, INET ve Faydal\u0131 Y\u00fck Aray\u00fcz Birimi&#8217;ni imal ederek T\u00fcrksat 6A&#8217;n\u0131n bu a\u015famaya gelmesini sa\u011flad\u0131. Yap\u0131sal ve \u0131s\u0131l sistemlerin tasar\u0131m\u0131ndan sorumlu TUSA\u015e ise uydunun yap\u0131sal panellerini ve pil panelini \u00fcreterek uyduya montaj\u0131n\u0131 ger\u00e7ekle\u015ftirdi. \u0130lk defa AR-GE&#8217;si yap\u0131larak \u00fcretilen bu \u00fcr\u00fcnler sayesinde,<\/p>\n<p><strong>GCLAB M\u00fchendislik ve VisionX Teknoloji<\/strong>\u00a0firmalar\u0131 uydu u\u00e7u\u015f yaz\u0131l\u0131mlar\u0131na katk\u0131 verirken\u00a0<strong>\u0130ZOREEL Kompozit<\/strong>\u00a0firmas\u0131 elektrikli itki alt sistemi i\u00e7in tedarik edilen yak\u0131t tank\u0131n\u0131 \u00fcretti. K\u00fc\u00e7\u00fckpazarl\u0131\u00a0<strong>Aerospace<\/strong>\u00a0firmas\u0131, ekipmanlar\u0131n mekanik bile\u015fenlerinin imalat\u0131n\u0131 yaparken\u00a0<strong>T\u00fcrkiye Sigorta<\/strong>\u00a0da \u00fclkede ger\u00e7ekle\u015ftirilen ilk uydu entegrasyon sigorta anla\u015fmas\u0131n\u0131n g\u00fcvencesi oldu.<\/p>\n<p><b>T\u00dcRKSAT 6A neler sunacak?<\/b><\/p>\n<p>T\u00fcrksat 6A, mevcut uydular\u0131n hizmet vermedi\u011fi G\u00fcney-Do\u011fu Asya gibi b\u00f6lgeleri de kapsayacak. Hindistan, Tayland, Malezya ve Endonezya gibi \u00fclkelerden T\u00fcrksat 6A\u2019ya eri\u015febilecek. T\u00fcrksat 6A\u2019n\u0131n devreye girmesiyle birlikte T\u00fcrksat\u2019\u0131n t\u00fcm uydular\u0131\u00a0<strong>4,5 milyar n\u00fcfusa<\/strong>\u00a0yay\u0131n yapacak.<\/p>\n<p>T\u00fcrksat 6A,\u00a0<strong>42 derece do\u011fu<\/strong>\u00a0boylam\u0131nda yer sabit y\u00f6r\u00fcngede, 35 bin 786 kilometre y\u00fckseklikte hizmet verecek. T\u00fcrksat 6A&#8217;n\u0131n devreye girmesi ile birlikte T\u00fcrkiye&#8217;nin\u00a0<strong>Ku Band\u00a0<\/strong>kapasitesi 528 Mhz artacak ve 6 bin 668 Mhz&#8217;e ula\u015facak.<\/p>\n<p><b>T\u00fcrksat 6A \u00f6zellikleri<\/b><\/p>\n<ul>\n<li><strong>Faydal\u0131 Y\u00fck<\/strong>: 16 Ku-Bant Aktar\u0131c\u0131<\/li>\n<li><strong>Y\u00f6r\u00fcnge<\/strong>: 42\u02da Do\u011fu<\/li>\n<li><strong>G\u00fc\u00e7 \u00dcretimi<\/strong>: 7,5 kW<\/li>\n<li><strong>Tasar\u0131m \u00d6mr\u00fc<\/strong>: > 15 Y\u0131l<\/li>\n<li><strong>K\u00fctle<\/strong>: Yakla\u015f\u0131k 4250 kg<\/li>\n<\/ul>\n<p><span style=\"display: block; width: 343.125px; color: rgb(55, 58, 60); font-size: 14px; background-color: rgb(255, 249, 236);\"><\/span><\/p>\n<p>Kaynak :\u00a0<span style=\"background-color: rgb(255, 249, 236); color: rgb(55, 58, 60); font-size: 14px;\">https:\/\/www.donanimhaber.com\/tursat-6a-bu-gece-uzaya-firlatilacak-firlatma-nasil-izlenir&#8211;179219<\/span><\/p>\n","protected":false},"excerpt":{"rendered":"<p>T\u00fcrkiye\u2019nin ilk yerli ve milli uydusu T\u00fcrksat 6A, bu gece f\u0131rlat\u0131l\u0131yor. T\u00fcrksat 6A, bu gece saat 00.20\u2019de ABD Florida&#8217;da bulunan Cape Canaveral Hava Kuvvetleri \u0130stasyonu\u2019ndan SpaceX\u2019in Falcon 9 roketiyle uzaya g\u00f6nderilecek. T\u00fcrksat 6A ne zaman &#8230;<\/p>\n","protected":false},"author":1,"featured_media":60306,"comment_status":"open","ping_status":"open","sticky":false,"template":"","format":"standard","meta":{"footnotes":""},"categories":[8],"tags":[469,1053,1054,1532],"class_list":["post-60305","post","type-post","status-publish","format-standard","has-post-thumbnail","hentry","category-teknoloji","tag-gunes","tag-turksat-6a","tag-uydu","tag-yorunge"],"_links":{"self":[{"href":"https:\/\/ekamu.net\/index.php\/wp-json\/wp\/v2\/posts\/60305","targetHints":{"allow":["GET"]}}],"collection":[{"href":"https:\/\/ekamu.net\/index.php\/wp-json\/wp\/v2\/posts"}],"about":[{"href":"https:\/\/ekamu.net\/index.php\/wp-json\/wp\/v2\/types\/post"}],"author":[{"embeddable":true,"href":"https:\/\/ekamu.net\/index.php\/wp-json\/wp\/v2\/users\/1"}],"replies":[{"embeddable":true,"href":"https:\/\/ekamu.net\/index.php\/wp-json\/wp\/v2\/comments?post=60305"}],"version-history":[{"count":1,"href":"https:\/\/ekamu.net\/index.php\/wp-json\/wp\/v2\/posts\/60305\/revisions"}],"predecessor-version":[{"id":60309,"href":"https:\/\/ekamu.net\/index.php\/wp-json\/wp\/v2\/posts\/60305\/revisions\/60309"}],"wp:featuredmedia":[{"embeddable":true,"href":"https:\/\/ekamu.net\/index.php\/wp-json\/wp\/v2\/media\/60306"}],"wp:attachment":[{"href":"https:\/\/ekamu.net\/index.php\/wp-json\/wp\/v2\/media?parent=60305"}],"wp:term":[{"taxonomy":"category","embeddable":true,"href":"https:\/\/ekamu.net\/index.php\/wp-json\/wp\/v2\/categories?post=60305"},{"taxonomy":"post_tag","embeddable":true,"href":"https:\/\/ekamu.net\/index.php\/wp-json\/wp\/v2\/tags?post=60305"}],"curies":[{"name":"wp","href":"https:\/\/api.w.org\/{rel}","templated":true}]}}