{"id":60486,"date":"2024-07-13T16:24:04","date_gmt":"2024-07-13T16:24:04","guid":{"rendered":"https:\/\/ekamu.net\/?p=60486"},"modified":"2024-07-13T16:24:04","modified_gmt":"2024-07-13T16:24:04","slug":"yilmazdan-byd-yorumu-uzun-vadeli-yatirimlar-hizlanacak","status":"publish","type":"post","link":"https:\/\/ekamu.net\/index.php\/2024\/07\/13\/yilmazdan-byd-yorumu-uzun-vadeli-yatirimlar-hizlanacak\/","title":{"rendered":"Y\u0131lmaz&#8217;dan BYD yorumu: Uzun vadeli yat\u0131r\u0131mlar h\u0131zlanacak"},"content":{"rendered":"<div>\n<p>Cumhurba\u015fkan\u0131 Yard\u0131mc\u0131s\u0131 Cevdet Y\u0131lmaz sosyal medya hesab\u0131ndan \u00c7inli BYD \u015firketinin yat\u0131r\u0131m\u0131 ile ilgili de\u011ferlendirme yapt\u0131.<\/p>\n<p>1 milyar dolar tutar\u0131ndaki bu yat\u0131r\u0131m\u0131n, 2026 sonlar\u0131nda \u00fcretime d\u00f6n\u00fc\u015fmesini ve yakla\u015f\u0131k 5 bin ki\u015filik bir do\u011frudan istihdam sa\u011flamas\u0131n\u0131 beklediklerini belirten Y\u0131lmaz, &#8220;Uygulad\u0131\u011f\u0131m\u0131z politikalarla yat\u0131r\u0131m ortam\u0131n\u0131n iyile\u015fti\u011fi d\u00f6nemde ger\u00e7ekle\u015fen bu yat\u0131r\u0131mla birlikte, uzun vadeli uluslararas\u0131 sermaye giri\u015flerinin daha da h\u0131zlanmas\u0131n\u0131 ve cari a\u00e7\u0131\u011f\u0131m\u0131z\u0131n finansman kalitesinin iyile\u015fmesini \u00f6ng\u00f6r\u00fcyoruz.<\/p>\n<p>Bu yat\u0131r\u0131m\u0131n, orta vadede ihracat\u0131m\u0131za da ciddi katk\u0131lar sunmas\u0131n\u0131 ve hali haz\u0131rda d\u00fc\u015fen cari a\u00e7\u0131\u011f\u0131m\u0131z\u0131 daha da d\u00fc\u015f\u00fcrmesini bekliyoruz&#8221; ifadelerini kulland\u0131.<\/p>\n<\/div>\n<\/p>\n<p><\/p>\n<p>Kaynak :\u00a0<span style=\"background-color: rgb(255, 249, 236); color: rgb(55, 58, 60); font-size: 14px;\">Bloomberg HT<\/span><\/p>\n<p><span style=\"display: block; width: 343.125px; color: rgb(55, 58, 60); font-size: 14px; background-color: rgb(255, 249, 236);\"><\/span><\/p>\n","protected":false},"excerpt":{"rendered":"<p>Cumhurba\u015fkan\u0131 Yard\u0131mc\u0131s\u0131 Cevdet Y\u0131lmaz \u00c7in men\u015feli BYD firmas\u0131n\u0131n 1 milyar dolarl\u0131k yat\u0131r\u0131m\u0131n\u0131 de\u011ferlendirdi\u011fi a\u00e7\u0131klamas\u0131nda, &#8220;Bu yat\u0131r\u0131mla birlikte, uzun vadeli uluslararas\u0131 sermaye giri\u015flerinin daha da h\u0131zlanmas\u0131n\u0131 ve cari a\u00e7\u0131\u011f\u0131m\u0131z\u0131n finansman&#8230;<\/p>\n","protected":false},"author":1,"featured_media":60487,"comment_status":"open","ping_status":"open","sticky":false,"template":"","format":"standard","meta":{"footnotes":""},"categories":[2],"tags":[79],"class_list":["post-60486","post","type-post","status-publish","format-standard","has-post-thumbnail","hentry","category-ekonomi","tag-yatirim"],"_links":{"self":[{"href":"https:\/\/ekamu.net\/index.php\/wp-json\/wp\/v2\/posts\/60486","targetHints":{"allow":["GET"]}}],"collection":[{"href":"https:\/\/ekamu.net\/index.php\/wp-json\/wp\/v2\/posts"}],"about":[{"href":"https:\/\/ekamu.net\/index.php\/wp-json\/wp\/v2\/types\/post"}],"author":[{"embeddable":true,"href":"https:\/\/ekamu.net\/index.php\/wp-json\/wp\/v2\/users\/1"}],"replies":[{"embeddable":true,"href":"https:\/\/ekamu.net\/index.php\/wp-json\/wp\/v2\/comments?post=60486"}],"version-history":[{"count":1,"href":"https:\/\/ekamu.net\/index.php\/wp-json\/wp\/v2\/posts\/60486\/revisions"}],"predecessor-version":[{"id":60488,"href":"https:\/\/ekamu.net\/index.php\/wp-json\/wp\/v2\/posts\/60486\/revisions\/60488"}],"wp:featuredmedia":[{"embeddable":true,"href":"https:\/\/ekamu.net\/index.php\/wp-json\/wp\/v2\/media\/60487"}],"wp:attachment":[{"href":"https:\/\/ekamu.net\/index.php\/wp-json\/wp\/v2\/media?parent=60486"}],"wp:term":[{"taxonomy":"category","embeddable":true,"href":"https:\/\/ekamu.net\/index.php\/wp-json\/wp\/v2\/categories?post=60486"},{"taxonomy":"post_tag","embeddable":true,"href":"https:\/\/ekamu.net\/index.php\/wp-json\/wp\/v2\/tags?post=60486"}],"curies":[{"name":"wp","href":"https:\/\/api.w.org\/{rel}","templated":true}]}}