{"id":60992,"date":"2024-07-14T15:48:04","date_gmt":"2024-07-14T15:48:04","guid":{"rendered":"https:\/\/ekamu.net\/?p=60992"},"modified":"2024-07-14T15:48:04","modified_gmt":"2024-07-14T15:48:04","slug":"vw-audinin-bruksel-fabrikasini-kapatabilir","status":"publish","type":"post","link":"https:\/\/ekamu.net\/index.php\/2024\/07\/14\/vw-audinin-bruksel-fabrikasini-kapatabilir\/","title":{"rendered":"VW, Audi&#8217;nin Br\u00fcksel fabrikas\u0131n\u0131 kapatabilir"},"content":{"rendered":"<div>\n<p>Volkswagen elektrikli otomobillere olan talepteki sert d\u00fc\u015f\u00fc\u015f nedeniyle l\u00fcks markas\u0131 Audi&#8217;nin Br\u00fcksel tesisini kapatabilece\u011fi konusunda uyard\u0131.<\/p>\n<p>2018&#8217;de piyasaya s\u00fcr\u00fclen Audi Q8 e-tron&#8217;a olan talebin hayal k\u0131r\u0131kl\u0131\u011f\u0131 yaratmas\u0131yla otomobil \u00fcreticisi \u00fcretimini tamamen durdurmay\u0131 d\u00fc\u015f\u00fcn\u00fcyordu, \u015firkete yak\u0131n bir kaynak bunun 2025&#8217;te ger\u00e7ekle\u015febilece\u011fini s\u00f6yledi.<\/p>\n<p>Alman otomobil \u00fcreticisi, Sal\u0131 g\u00fcn\u00fc yap\u0131lan bir a\u00e7\u0131klamaya g\u00f6re i\u015fletme getirisi tahminini daha \u00f6nce tahmin edilen en y\u00fcksek seviye olan y\u00fczde 7,5&#8217;ten y\u00fczde 7&#8217;ye kadar d\u00fc\u015f\u00fcrd\u00fc. Br\u00fcksel fabrikas\u0131 i\u00e7in alternatif bir kullan\u0131m bulma veya kapatma maliyetlerinin yan\u0131 s\u0131ra di\u011fer planlanmam\u0131\u015f harcamalar\u0131n 2024 mali y\u0131l\u0131nda toplam 2,6 milyar Euro&#8217;ya kadar bir etkiye sahip olaca\u011f\u0131n\u0131 s\u00f6yledi.<\/p>\n<\/div>\n<div>\n<p>Volkswagen 1988&#8217;de Alabama&#8217;daki Westmoreland tesisini kapatt\u0131\u011f\u0131ndan beri bir fabrikay\u0131 kapatmad\u0131.<\/p>\n<\/div>\n<\/p>\n<p><\/p>\n<p>Kaynak :\u00a0<span style=\"background-color: rgb(255, 249, 236); color: rgb(55, 58, 60); font-size: 14px;\">Bloomberg HT<\/span><\/p>\n<p><span style=\"display: block; width: 343.125px; color: rgb(55, 58, 60); font-size: 14px; background-color: rgb(255, 249, 236);\"><\/span><\/p>\n","protected":false},"excerpt":{"rendered":"<p>VW, elektrikli ara\u00e7 talebinin d\u00fc\u015fmesi nedeniyle Audi&#8217;nin Br\u00fcksel fabrikas\u0131n\u0131n kapatabilir<\/p>\n","protected":false},"author":1,"featured_media":60993,"comment_status":"open","ping_status":"open","sticky":false,"template":"","format":"standard","meta":{"footnotes":""},"categories":[2],"tags":[],"class_list":["post-60992","post","type-post","status-publish","format-standard","has-post-thumbnail","hentry","category-ekonomi"],"_links":{"self":[{"href":"https:\/\/ekamu.net\/index.php\/wp-json\/wp\/v2\/posts\/60992","targetHints":{"allow":["GET"]}}],"collection":[{"href":"https:\/\/ekamu.net\/index.php\/wp-json\/wp\/v2\/posts"}],"about":[{"href":"https:\/\/ekamu.net\/index.php\/wp-json\/wp\/v2\/types\/post"}],"author":[{"embeddable":true,"href":"https:\/\/ekamu.net\/index.php\/wp-json\/wp\/v2\/users\/1"}],"replies":[{"embeddable":true,"href":"https:\/\/ekamu.net\/index.php\/wp-json\/wp\/v2\/comments?post=60992"}],"version-history":[{"count":1,"href":"https:\/\/ekamu.net\/index.php\/wp-json\/wp\/v2\/posts\/60992\/revisions"}],"predecessor-version":[{"id":60994,"href":"https:\/\/ekamu.net\/index.php\/wp-json\/wp\/v2\/posts\/60992\/revisions\/60994"}],"wp:featuredmedia":[{"embeddable":true,"href":"https:\/\/ekamu.net\/index.php\/wp-json\/wp\/v2\/media\/60993"}],"wp:attachment":[{"href":"https:\/\/ekamu.net\/index.php\/wp-json\/wp\/v2\/media?parent=60992"}],"wp:term":[{"taxonomy":"category","embeddable":true,"href":"https:\/\/ekamu.net\/index.php\/wp-json\/wp\/v2\/categories?post=60992"},{"taxonomy":"post_tag","embeddable":true,"href":"https:\/\/ekamu.net\/index.php\/wp-json\/wp\/v2\/tags?post=60992"}],"curies":[{"name":"wp","href":"https:\/\/api.w.org\/{rel}","templated":true}]}}