{"id":61035,"date":"2024-07-14T18:12:07","date_gmt":"2024-07-14T18:12:07","guid":{"rendered":"https:\/\/ekamu.net\/?p=61035"},"modified":"2024-07-14T18:12:07","modified_gmt":"2024-07-14T18:12:07","slug":"bmw-satisina-elektrikli-arac-ivmesi","status":"publish","type":"post","link":"https:\/\/ekamu.net\/index.php\/2024\/07\/14\/bmw-satisina-elektrikli-arac-ivmesi\/","title":{"rendered":"BMW sat\u0131\u015f\u0131na elektrikli ara\u00e7 ivmesi"},"content":{"rendered":"<p><p>BMW Group taraf\u0131ndan a\u00e7\u0131klanan ikinci \u00e7eyre\u011fe ili\u015fkin sat\u0131\u015f rakamlar\u0131na g\u00f6re \u015firketin ana markas\u0131 BMW ara\u00e7 sat\u0131\u015flar\u0131, Nisan-Haziran d\u00f6neminde ge\u00e7en y\u0131l\u0131n ayn\u0131 d\u00f6nemine g\u00f6re y\u00fczde 2 artarak 565 bin 553&#8217;e y\u00fckseldi.<\/p>\n<p>Alman \u00fcreticinin ayn\u0131 \u00e7eyrekte elektrikli ara\u00e7 sat\u0131\u015flar\u0131 ise ge\u00e7en y\u0131l\u0131n ayn\u0131 d\u00f6nemine g\u00f6re y\u00fczde 22,2 artarak 107 bin 933&#8217;e ula\u015ft\u0131.<\/p>\n<p>S\u00f6z konusu d\u00f6nemde \u015firketin en b\u00fcy\u00fck pazar\u0131 olan \u00c7in&#8217;deki (Mini markas\u0131 dahil) ara\u00e7 teslimatlar\u0131n\u0131n y\u00fczde 4,7 azalarak 188 bin 495&#8217;e d\u00fc\u015fmesi dikkati \u00e7ekti.<\/p>\n<p>\u00d6te yandan, BMW Group&#8217;un y\u0131l\u0131n Ocak-Haziran d\u00f6nemindeki sat\u0131\u015flar\u0131 ise ge\u00e7en y\u0131l\u0131n ayn\u0131 d\u00f6nemine g\u00f6re y\u00fczde 0,1 d\u00fc\u015f\u00fc\u015fle 1 milyon 213 bin 359&#8217;a indi.<\/p>\n\n<p><\/p>\n<p>Kaynak :\u00a0<span style=\"background-color: rgb(255, 249, 236); color: rgb(55, 58, 60); font-size: 14px;\">Bloomberg HT<\/span><\/p>\n<p><span style=\"display: block; width: 343.125px; color: rgb(55, 58, 60); font-size: 14px; background-color: rgb(255, 249, 236);\"><\/span><\/p>\n","protected":false},"excerpt":{"rendered":"<p>Alman otomobil \u00fcreticisi BMW Group, elektrikli otomobillerdeki g\u00fc\u00e7l\u00fc b\u00fcy\u00fcmeyle ikinci \u00e7eyrekte ana markas\u0131n\u0131n sat\u0131\u015flar\u0131n\u0131 y\u0131ll\u0131k y\u00fczde 2 art\u0131rd\u0131.<\/p>\n","protected":false},"author":1,"featured_media":61036,"comment_status":"open","ping_status":"open","sticky":false,"template":"","format":"standard","meta":{"footnotes":""},"categories":[2],"tags":[],"class_list":["post-61035","post","type-post","status-publish","format-standard","has-post-thumbnail","hentry","category-ekonomi"],"_links":{"self":[{"href":"https:\/\/ekamu.net\/index.php\/wp-json\/wp\/v2\/posts\/61035","targetHints":{"allow":["GET"]}}],"collection":[{"href":"https:\/\/ekamu.net\/index.php\/wp-json\/wp\/v2\/posts"}],"about":[{"href":"https:\/\/ekamu.net\/index.php\/wp-json\/wp\/v2\/types\/post"}],"author":[{"embeddable":true,"href":"https:\/\/ekamu.net\/index.php\/wp-json\/wp\/v2\/users\/1"}],"replies":[{"embeddable":true,"href":"https:\/\/ekamu.net\/index.php\/wp-json\/wp\/v2\/comments?post=61035"}],"version-history":[{"count":1,"href":"https:\/\/ekamu.net\/index.php\/wp-json\/wp\/v2\/posts\/61035\/revisions"}],"predecessor-version":[{"id":61037,"href":"https:\/\/ekamu.net\/index.php\/wp-json\/wp\/v2\/posts\/61035\/revisions\/61037"}],"wp:featuredmedia":[{"embeddable":true,"href":"https:\/\/ekamu.net\/index.php\/wp-json\/wp\/v2\/media\/61036"}],"wp:attachment":[{"href":"https:\/\/ekamu.net\/index.php\/wp-json\/wp\/v2\/media?parent=61035"}],"wp:term":[{"taxonomy":"category","embeddable":true,"href":"https:\/\/ekamu.net\/index.php\/wp-json\/wp\/v2\/categories?post=61035"},{"taxonomy":"post_tag","embeddable":true,"href":"https:\/\/ekamu.net\/index.php\/wp-json\/wp\/v2\/tags?post=61035"}],"curies":[{"name":"wp","href":"https:\/\/api.w.org\/{rel}","templated":true}]}}