{"id":61230,"date":"2024-07-15T02:48:05","date_gmt":"2024-07-15T02:48:05","guid":{"rendered":"https:\/\/ekamu.net\/?p=61230"},"modified":"2024-07-15T02:48:05","modified_gmt":"2024-07-15T02:48:05","slug":"futbolcumuz-cengiz-underin-dogum-gunu-kutlandi","status":"publish","type":"post","link":"https:\/\/ekamu.net\/index.php\/2024\/07\/15\/futbolcumuz-cengiz-underin-dogum-gunu-kutlandi\/","title":{"rendered":"Futbolcumuz Cengiz \u00dcnder\u2019in do\u011fum g\u00fcn\u00fc kutland\u0131"},"content":{"rendered":"<p>Futbolcumuz Cengiz \u00dcnder\u2019in yeni ya\u015f\u0131 Avusturya kamp\u0131n\u0131n ard\u0131ndan d\u00f6n\u00fc\u015f yolunda kutland\u0131.<\/p>\n<p>  Yeni sezon haz\u0131rl\u0131klar\u0131n\u0131 Avusturya\u2019n\u0131n Graz kentinde oynad\u0131\u011f\u0131 \u00fc\u00e7 haz\u0131rl\u0131k ma\u00e7\u0131yla tamamlayan ve bug\u00fcn \u0130stanbul\u2019a d\u00f6nen Futbol Tak\u0131m\u0131m\u0131zda, Cengiz \u00dcnder\u2019in do\u011fum g\u00fcn\u00fc u\u00e7akta teknik heyet ve tak\u0131m arkada\u015flar\u0131 taraf\u0131ndan s\u00fcrpriz yap\u0131larak kutland\u0131. Tebrikleri kabul eden oyuncumuz, bu jestten dolay\u0131 teknik ekibe ve tak\u0131m arkada\u015flar\u0131na te\u015fekk\u00fcr etti.<\/p>\n<p> <\/p>\n<p><b>Bas\u0131n Foto\u011fraflar\u0131<\/b><\/p>\n<div>\n<figure> <img decoding=\"async\" src=\"https:\/\/ekamu.net\/wp-content\/uploads\/2024\/07\/futbolcumuz-cengiz-underin-dogum-gunu-kutlandi-0-ScCZy3Zd.jpg\"\/> <\/figure>\n<\/p><\/div>\n<\/p>","protected":false},"excerpt":{"rendered":"<p>Futbolcumuz Cengiz \u00dcnder\u2019in yeni ya\u015f\u0131 Avusturya kamp\u0131n\u0131n ard\u0131ndan d\u00f6n\u00fc\u015f yolunda kutland\u0131. Yeni sezon haz\u0131rl\u0131klar\u0131n\u0131 Avusturya\u2019n\u0131n Graz kentinde oynad\u0131\u011f\u0131 \u00fc\u00e7 haz\u0131rl\u0131k ma\u00e7\u0131yla tamamlayan ve bug\u00fcn \u0130stanbul\u2019a d\u00f6nen Futbol Tak\u0131m\u0131m\u0131zda, Cengiz \u00dcnder\u2019in &#8230;<\/p>\n","protected":false},"author":1,"featured_media":61231,"comment_status":"open","ping_status":"open","sticky":false,"template":"","format":"standard","meta":{"footnotes":""},"categories":[11],"tags":[],"class_list":["post-61230","post","type-post","status-publish","format-standard","has-post-thumbnail","hentry","category-fenerbahce"],"_links":{"self":[{"href":"https:\/\/ekamu.net\/index.php\/wp-json\/wp\/v2\/posts\/61230","targetHints":{"allow":["GET"]}}],"collection":[{"href":"https:\/\/ekamu.net\/index.php\/wp-json\/wp\/v2\/posts"}],"about":[{"href":"https:\/\/ekamu.net\/index.php\/wp-json\/wp\/v2\/types\/post"}],"author":[{"embeddable":true,"href":"https:\/\/ekamu.net\/index.php\/wp-json\/wp\/v2\/users\/1"}],"replies":[{"embeddable":true,"href":"https:\/\/ekamu.net\/index.php\/wp-json\/wp\/v2\/comments?post=61230"}],"version-history":[{"count":1,"href":"https:\/\/ekamu.net\/index.php\/wp-json\/wp\/v2\/posts\/61230\/revisions"}],"predecessor-version":[{"id":61233,"href":"https:\/\/ekamu.net\/index.php\/wp-json\/wp\/v2\/posts\/61230\/revisions\/61233"}],"wp:featuredmedia":[{"embeddable":true,"href":"https:\/\/ekamu.net\/index.php\/wp-json\/wp\/v2\/media\/61231"}],"wp:attachment":[{"href":"https:\/\/ekamu.net\/index.php\/wp-json\/wp\/v2\/media?parent=61230"}],"wp:term":[{"taxonomy":"category","embeddable":true,"href":"https:\/\/ekamu.net\/index.php\/wp-json\/wp\/v2\/categories?post=61230"},{"taxonomy":"post_tag","embeddable":true,"href":"https:\/\/ekamu.net\/index.php\/wp-json\/wp\/v2\/tags?post=61230"}],"curies":[{"name":"wp","href":"https:\/\/api.w.org\/{rel}","templated":true}]}}