{"id":61245,"date":"2024-07-15T03:36:03","date_gmt":"2024-07-15T03:36:03","guid":{"rendered":"https:\/\/ekamu.net\/?p=61245"},"modified":"2024-07-15T03:36:03","modified_gmt":"2024-07-15T03:36:03","slug":"nato-zirvesinden-ukraynaya-daha-fazla-destek-sozu-cikti","status":"publish","type":"post","link":"https:\/\/ekamu.net\/index.php\/2024\/07\/15\/nato-zirvesinden-ukraynaya-daha-fazla-destek-sozu-cikti\/","title":{"rendered":"NATO zirvesinden Ukrayna\u2019ya daha fazla destek s\u00f6z\u00fc \u00e7\u0131kt\u0131"},"content":{"rendered":"<div>\n<p>Washington D.C.\u2019de 2 g\u00fcnd\u00fcr devam eden NATO zirvesinin sonu\u00e7 bildirgesi yay\u0131mland\u0131.<\/p>\n<p>Bildirgede , ittifak\u0131n Ukrayna&#8217;y\u0131 &#8220;NATO \u00fcyeli\u011fi de dahil olmak \u00fczere tam Avrupa-Atlantik entegrasyonuna giden geri d\u00f6n\u00fc\u015f\u00fc olmayan yolda&#8221; desteklemeye devam edece\u011fi belirtilerek, m\u00fcttefiklerin gelecek y\u0131l i\u00e7inde Ukrayna&#8217;ya asgari 40 milyar euroluk (43,28 milyar dolar) askeri yard\u0131m finansman\u0131 sa\u011flamay\u0131 planlad\u0131\u011f\u0131 kaydedildi.<\/p>\n<p>M\u00fcttefikler kabul etti\u011finde ve ko\u015fullar kar\u015f\u0131land\u0131\u011f\u0131nda Ukrayna&#8217;ya \u0130ttifak&#8217;a kat\u0131lma davetini g\u00f6nderilece\u011fi teyit edilen bildirgede, \u201cUkrayna&#8217;n\u0131n kendi g\u00fcvenlik d\u00fczenlemelerini se\u00e7me ve d\u0131\u015f m\u00fcdahale olmadan kendi gelece\u011fine karar verme hakk\u0131n\u0131 tam olarak destekliyoruz. Ukrayna&#8217;n\u0131n gelece\u011fi NATO&#8217;dad\u0131r. Ukrayna giderek daha fazla birlikte \u00e7al\u0131\u015fabilir hale geldi ve \u0130ttifak ile siyasi a\u00e7\u0131dan b\u00fct\u00fcnle\u015fti.\u201d ifadeleri payla\u015f\u0131ld\u0131.<\/p>\n<\/div>\n<div>\n<p>Bildirgede, Rusya\u2019n\u0131n, BM \u015eart\u0131 da dahil olmak \u00fczere \u201culuslararas\u0131 hukukun bariz bir ihlali\u201d olarak Ukrayna&#8217;daki sava\u015f\u0131n tek sorumlusu oldu\u011fu, Rus kuvvetlerinin ve yetkililerinin insan haklar\u0131 ihlalleri, sava\u015f su\u00e7lar\u0131 ve di\u011fer uluslararas\u0131 hukuk ihlalleri i\u00e7in cezas\u0131z kalmas\u0131n\u0131n s\u00f6z konusu olamayaca\u011f\u0131 kaydedildi.<\/p>\n<p><b>\u201cRusya&#8217;n\u0131n Ukrayna&#8217;daki sava\u015f\u0131n\u0131 kolayla\u015ft\u0131ran ve dolay\u0131s\u0131yla uzatan herkesi k\u0131n\u0131yoruz\u201d<\/b><\/p>\n<p>T\u00fcm \u00fclkelere Ukrayna\u2019da Rusya&#8217;ya hi\u00e7bir \u015fekilde yard\u0131m etmeme \u00e7a\u011fr\u0131s\u0131 yap\u0131lan bildirgede, Belarus, Kuzey Kore, \u0130ran ve \u00c7in\u2019in isimleri zikredilerek, \u201cRusya&#8217;n\u0131n Ukrayna&#8217;daki sava\u015f\u0131n\u0131 kolayla\u015ft\u0131ran ve dolay\u0131s\u0131yla uzatan herkesi k\u0131n\u0131yoruz.\u201d denildi.<\/p>\n<p>Bildirgede, \u00c7in, Rusya&#8217;n\u0131n Ukrayna&#8217;daki sava\u015f \u00e7abalar\u0131n\u0131n &#8220;kesin olarak kolayla\u015ft\u0131r\u0131c\u0131s\u0131&#8221; \u015feklinde nitelendirilirken, Pekin&#8217;in Avrupa-Atlantik g\u00fcvenli\u011fine sistemik zorluklar yaratmaya devam etti\u011fine dikkat \u00e7ekildi.<\/p>\n<p>\u00c7in&#8217;e, Rusya&#8217;n\u0131n Ukrayna\u2019daki m\u00fccadelesine maddi ve siyasi deste\u011fi durdurmas\u0131 \u00e7a\u011fr\u0131s\u0131nda bulunulurken, ayn\u0131 zamanda \u00c7in&#8217;in uzay yetenekleri ve n\u00fckleer cephaneli\u011finin h\u0131zla geni\u015flemesiyle ilgili endi\u015feler dile getirildi.<\/p>\n<p>Pekin&#8217;e stratejik risk azaltma g\u00f6r\u00fc\u015fmelerine kat\u0131lma \u00e7a\u011fr\u0131s\u0131 yap\u0131lan bildirgede, Rusya\u2019n\u0131n Ukrayna\u2019ya kar\u015f\u0131 m\u00fccadelesinde verdi\u011fi t\u00fcm deste\u011fi durdurmas\u0131 istendi.<\/p>\n<p>Bildirgede, \u201cBirle\u015fmi\u015f Milletler G\u00fcvenlik Konseyi&#8217;nin daimi \u00fcyesi olarak BM \u015eart\u0131&#8217;n\u0131n ama\u00e7 ve ilkelerini destekleme konusunda \u00f6zel bir sorumlulu\u011fa sahip olan \u00c7in Halk Cumhuriyeti&#8217;ne, Rusya&#8217;n\u0131n sava\u015f \u00e7abalar\u0131na her t\u00fcrl\u00fc maddi ve siyasi deste\u011fi durdurmas\u0131 \u00e7a\u011fr\u0131s\u0131nda bulunuyoruz.\u201d ifadesi payla\u015f\u0131ld\u0131.<\/p>\n<p>Ter\u00f6rle m\u00fccadelenin, NATO&#8217;nun kolektif savunmas\u0131 a\u00e7\u0131s\u0131ndan vazge\u00e7ilmez olmaya devam etti\u011fi ifade edilen bildirgede, \u201cTer\u00f6ristler ve ter\u00f6r \u00f6rg\u00fctleri taraf\u0131ndan ortaya konan tehdit ve zorluklara kararl\u0131l\u0131kla kar\u015f\u0131 koymaya devam edece\u011fiz.\u201d denildi.<\/p>\n<p>Bildirgede, Bat\u0131 Balkanlar ve Karadeniz b\u00f6lgeleri \u0130ttifak a\u00e7\u0131s\u0131ndan stratejik \u00f6neme sahip oldu\u011funa da vurgu yap\u0131larak, NATO&#8217;nun b\u00f6lgenin g\u00fcvenli\u011fine ve istikrar\u0131na g\u00fc\u00e7l\u00fc bir \u015fekilde ba\u011fl\u0131 oldu\u011funun alt\u0131 \u00e7izildi.<\/p>\n<p>B\u00f6lgesel bar\u0131\u015f ve g\u00fcvenli\u011fi desteklemek amac\u0131yla Bat\u0131 Balkanlar ile siyasi diyalo\u011fun ve pratik i\u015fbirli\u011finin geli\u015ftirilmeye devam edilece\u011fi kaydedilen bildirgede, 1936 Montr\u00f6 Bo\u011fazlar S\u00f6zle\u015fmesine de at\u0131f yap\u0131larak, M\u00fcttefiklerin Karadeniz b\u00f6lgesinin g\u00fcvenli\u011fi, emniyeti, istikrar\u0131 ve seyr\u00fcsefer \u00f6zg\u00fcrl\u00fc\u011f\u00fcn\u00fc korumaya y\u00f6nelik \u00e7abalar\u0131na destek teyit edildi.<\/p>\n<p>75. NATO Zirvesine ev sahipli\u011fi i\u00e7in ABD\u2019ye te\u015fekk\u00fcr edilirken, 2025&#8217;te Hollanda&#8217;da ger\u00e7ekle\u015fecek zirvenin ard\u0131ndan bir sonraki zirvenin T\u00fcrkiye&#8217;de yap\u0131laca\u011f\u0131 duyuruldu.<\/p>\n<\/div>\n<\/p>\n<p><\/p>\n<p>Kaynak :\u00a0<span style=\"background-color: rgb(255, 249, 236); color: rgb(55, 58, 60); font-size: 14px;\">Bloomberg HT<\/span><\/p>\n<p><span style=\"display: block; width: 343.125px; color: rgb(55, 58, 60); font-size: 14px; background-color: rgb(255, 249, 236);\"><\/span><\/p>\n","protected":false},"excerpt":{"rendered":"<p>ABD\u2019de ger\u00e7ekle\u015ftirilen 75. NATO Devlet ve H\u00fck\u00fcmet Ba\u015fkanlar\u0131 Zirvesi\u2019nin sonu\u00e7 bildirgesinden Rusya\u2019ya kar\u015f\u0131 Ukrayna\u2019ya daha fazla destek s\u00f6z\u00fc ve ba\u015fta \u00c7in olmak \u00fczere Ukrayna\u2019da Rusya\u2019ya destek veren \u00fclkelerin deste\u011fini sonland\u0131rma \u00e7a\u011fr\u0131s\u0131 \u00e7\u0131kt\u0131.<\/p>\n","protected":false},"author":1,"featured_media":61246,"comment_status":"open","ping_status":"open","sticky":false,"template":"","format":"standard","meta":{"footnotes":""},"categories":[2],"tags":[380,953,688,251,785],"class_list":["post-61245","post","type-post","status-publish","format-standard","has-post-thumbnail","hentry","category-ekonomi","tag-cin","tag-nato","tag-rus","tag-savas","tag-ukrayna"],"_links":{"self":[{"href":"https:\/\/ekamu.net\/index.php\/wp-json\/wp\/v2\/posts\/61245","targetHints":{"allow":["GET"]}}],"collection":[{"href":"https:\/\/ekamu.net\/index.php\/wp-json\/wp\/v2\/posts"}],"about":[{"href":"https:\/\/ekamu.net\/index.php\/wp-json\/wp\/v2\/types\/post"}],"author":[{"embeddable":true,"href":"https:\/\/ekamu.net\/index.php\/wp-json\/wp\/v2\/users\/1"}],"replies":[{"embeddable":true,"href":"https:\/\/ekamu.net\/index.php\/wp-json\/wp\/v2\/comments?post=61245"}],"version-history":[{"count":1,"href":"https:\/\/ekamu.net\/index.php\/wp-json\/wp\/v2\/posts\/61245\/revisions"}],"predecessor-version":[{"id":61247,"href":"https:\/\/ekamu.net\/index.php\/wp-json\/wp\/v2\/posts\/61245\/revisions\/61247"}],"wp:featuredmedia":[{"embeddable":true,"href":"https:\/\/ekamu.net\/index.php\/wp-json\/wp\/v2\/media\/61246"}],"wp:attachment":[{"href":"https:\/\/ekamu.net\/index.php\/wp-json\/wp\/v2\/media?parent=61245"}],"wp:term":[{"taxonomy":"category","embeddable":true,"href":"https:\/\/ekamu.net\/index.php\/wp-json\/wp\/v2\/categories?post=61245"},{"taxonomy":"post_tag","embeddable":true,"href":"https:\/\/ekamu.net\/index.php\/wp-json\/wp\/v2\/tags?post=61245"}],"curies":[{"name":"wp","href":"https:\/\/api.w.org\/{rel}","templated":true}]}}