{"id":61266,"date":"2024-07-15T04:36:04","date_gmt":"2024-07-15T04:36:04","guid":{"rendered":"https:\/\/ekamu.net\/?p=61266"},"modified":"2024-07-15T04:36:04","modified_gmt":"2024-07-15T04:36:04","slug":"iphone-17-pro-maxin-muhtemel-kamera-tasarimi-sizdirildi","status":"publish","type":"post","link":"https:\/\/ekamu.net\/index.php\/2024\/07\/15\/iphone-17-pro-maxin-muhtemel-kamera-tasarimi-sizdirildi\/","title":{"rendered":"iPhone 17 Pro Max&#8217;in muhtemel kamera tasar\u0131m\u0131 s\u0131zd\u0131r\u0131ld\u0131"},"content":{"rendered":"<p><figure> <span> <img decoding=\"async\" src=\"https:\/\/ekamu.net\/wp-content\/uploads\/2024\/07\/iphone-17-pro-maxin-muhtemel-kamera-tasarimi-sizdirildi-0-Hs7CpsUJ.jpg\"\/> <\/span> Apple\u00a0iPhone 16 ve 16 Pro&#8217;nun bildi\u011finiz gibi \u00f6n\u00fcm\u00fczdeki Eyl\u00fcl ay\u0131nda tan\u0131t\u0131lmas\u0131 bekleniyor. Ancak \u015fimdiden iPhone 17 \u00f6zelliklerinin nas\u0131l olaca\u011f\u0131 konu\u015fulmaya ba\u015fland\u0131. Hatta bunlardan en b\u00fcy\u00fc\u011f\u00fc<strong> &#8220;Plus&#8221; modelinin sonlanaca\u011f\u0131<\/strong> iddialar\u0131 oldu diyebiliriz. Ge\u00e7ti\u011fimiz saatlerde ise, iPhone 17 Pro Max&#8217;in muhtemel kamera tasar\u0131m\u0131 payla\u015f\u0131ld\u0131.\u00a0 <\/figure>\n<p><b>1\/2,6&#8221; 48 MP tetraprizm kamera ve daha fazlas\u0131<\/b><\/p>\n<p>Analistlerin raporlar\u0131na g\u00f6re Apple\u2019\u0131n 2025 y\u0131l\u0131nda piyasaya s\u00fcrmeyi planlad\u0131\u011f\u0131 iPhone 17 Pro Max, tetraprism zoom lens teknolojisinde \u00f6nemli bir iyile\u015ftirme ile geliyor. Ka\u00e7\u0131ranlar i\u00e7in tetraprizm\u00a0kamera, ilk olarak iPhone 15 Pro Max kullan\u0131lmaya ba\u015flad\u0131 ve bir s\u00fcredir iPhone 16 Pro serisinin 5x Tetraprism kamera ile tan\u0131t\u0131laca\u011f\u0131 g\u00fcndemde.<\/p>\n<p>X \u00fczerinden yapt\u0131\u011f\u0131 payla\u015f\u0131mda Ming-Chi Kuo, iPhone 16 Pro ve iPhone 16 Pro Max modellerinde 1\/3.1 in\u00e7 12MP periskop zoom kamera, iPhone 17 Pro Max&#8217;te ise,\u00a0<strong>1\/2.6 in\u00e7 48MP tetraprism kameraya<\/strong> ge\u00e7i\u015f yap\u0131laca\u011f\u0131n\u0131 belirtti. Bu da <strong>y\u00fczde 19&#8217;luk bir boyut art\u0131\u015f\u0131yla<\/strong> foto\u011fraf kalitesini ve yak\u0131nla\u015ft\u0131rma i\u015flevini art\u0131racak.<\/p>\n<figure> <span> <img decoding=\"async\" src=\"https:\/\/ekamu.net\/wp-content\/uploads\/2024\/07\/iphone-17-pro-maxin-muhtemel-kamera-tasarimi-sizdirildi-1-DCXlRJAk.jpg\"\/> <\/span> Kuo\u2019nun belirtti\u011fine g\u00f6re, Apple\u2019\u0131n birincil prizma lens tedarik\u00e7isi olan Crystal-Optech, gelecekte b\u00fcy\u00fck bir kar ak\u0131\u015f\u0131 sa\u011flamay\u0131 hedefliyor. Bu nedenle Apple&#8217;\u0131n maliyetleri d\u00fc\u015f\u00fcrmek ad\u0131na cam yerine plastik prizma lensler kullanabilece\u011fi iddialar\u0131 mevcut. Kuo ise, bu s\u00f6ylentilere son vererek, Apple\u2019\u0131n \u00f6n\u00fcm\u00fczdeki birka\u00e7 y\u0131l boyunca <strong>cam prizma kullanmaya devam edece\u011fini belirtti.<\/strong> <\/figure>\n<p>\u015eu an i\u00e7in iPhone 17 Pro Max\u2019in y\u00fckseltilmi\u015f periskop zoom lensine sahip tek model olup olmayaca\u011f\u0131 belirsiz. Bu planlar de\u011fi\u015fti\u011fi takdirde Kuo, 2026 y\u0131l\u0131 sonlar\u0131nda \u00e7\u0131kacak olan iPhone 18 Pro modelinin de benzer kameraya sahip olabilece\u011fini belirtiyor.<\/p>\n\n<p><span style=\"display: block; width: 343.125px; color: rgb(55, 58, 60); font-size: 14px; background-color: rgb(255, 249, 236);\"><\/span><\/p>\n<p>Kaynak :\u00a0<span style=\"background-color: rgb(255, 249, 236); color: rgb(55, 58, 60); font-size: 14px;\">https:\/\/www.donanimhaber.com\/iphone-17-pro-max-in-muhtemel-kamera-tasarimi-sizdirildi&#8211;179360<\/span><\/p>\n","protected":false},"excerpt":{"rendered":"<p>Apple\u00a0iPhone 16 ve 16 Pro&#8217;nun bildi\u011finiz gibi \u00f6n\u00fcm\u00fczdeki Eyl\u00fcl ay\u0131nda tan\u0131t\u0131lmas\u0131 bekleniyor. Ancak \u015fimdiden iPhone 17 \u00f6zelliklerinin nas\u0131l olaca\u011f\u0131 konu\u015fulmaya ba\u015fland\u0131. Hatta bunlardan en b\u00fcy\u00fc\u011f\u00fc &#8220;Plus&#8221; modelinin sonlanaca\u011f\u0131 iddialar\u0131 oldu &#8230;<\/p>\n","protected":false},"author":1,"featured_media":61267,"comment_status":"open","ping_status":"open","sticky":false,"template":"","format":"standard","meta":{"footnotes":""},"categories":[8],"tags":[454,2801,117,2926],"class_list":["post-61266","post","type-post","status-publish","format-standard","has-post-thumbnail","hentry","category-teknoloji","tag-iphone","tag-iphone-17","tag-kamera","tag-pro-max"],"_links":{"self":[{"href":"https:\/\/ekamu.net\/index.php\/wp-json\/wp\/v2\/posts\/61266","targetHints":{"allow":["GET"]}}],"collection":[{"href":"https:\/\/ekamu.net\/index.php\/wp-json\/wp\/v2\/posts"}],"about":[{"href":"https:\/\/ekamu.net\/index.php\/wp-json\/wp\/v2\/types\/post"}],"author":[{"embeddable":true,"href":"https:\/\/ekamu.net\/index.php\/wp-json\/wp\/v2\/users\/1"}],"replies":[{"embeddable":true,"href":"https:\/\/ekamu.net\/index.php\/wp-json\/wp\/v2\/comments?post=61266"}],"version-history":[{"count":1,"href":"https:\/\/ekamu.net\/index.php\/wp-json\/wp\/v2\/posts\/61266\/revisions"}],"predecessor-version":[{"id":61270,"href":"https:\/\/ekamu.net\/index.php\/wp-json\/wp\/v2\/posts\/61266\/revisions\/61270"}],"wp:featuredmedia":[{"embeddable":true,"href":"https:\/\/ekamu.net\/index.php\/wp-json\/wp\/v2\/media\/61267"}],"wp:attachment":[{"href":"https:\/\/ekamu.net\/index.php\/wp-json\/wp\/v2\/media?parent=61266"}],"wp:term":[{"taxonomy":"category","embeddable":true,"href":"https:\/\/ekamu.net\/index.php\/wp-json\/wp\/v2\/categories?post=61266"},{"taxonomy":"post_tag","embeddable":true,"href":"https:\/\/ekamu.net\/index.php\/wp-json\/wp\/v2\/tags?post=61266"}],"curies":[{"name":"wp","href":"https:\/\/api.w.org\/{rel}","templated":true}]}}