{"id":61294,"date":"2024-07-15T06:00:05","date_gmt":"2024-07-15T06:00:05","guid":{"rendered":"https:\/\/ekamu.net\/?p=61294"},"modified":"2024-07-15T06:00:05","modified_gmt":"2024-07-15T06:00:05","slug":"canon-2024teki-ilk-buyuk-lansman-etkinligini-duyurdu","status":"publish","type":"post","link":"https:\/\/ekamu.net\/index.php\/2024\/07\/15\/canon-2024teki-ilk-buyuk-lansman-etkinligini-duyurdu\/","title":{"rendered":"Canon, 2024&#8217;teki ilk b\u00fcy\u00fck lansman etkinli\u011fini duyurdu"},"content":{"rendered":"<p><figure> <span> <img decoding=\"async\" src=\"https:\/\/ekamu.net\/wp-content\/uploads\/2024\/07\/canon-2024teki-ilk-buyuk-lansman-etkinligini-duyurdu-0-MYEqynUu.jpg\"\/> <\/span> Kamera devi <strong>Canon<\/strong>\u00a0sonunda 2024&#8217;\u00fcn ilk lansman etkinli\u011fini duyurdu. S\u00f6ylentilere g\u00f6re <strong>Canon\u00a0EOS R1<\/strong>\u00a0ve\u00a0<strong>Canon EOS R5 II<\/strong>\u00a0modellerinin lansman\u0131n ana akt\u00f6rleri olmas\u0131 bekleniyor. Etkinlik\u00a017 Temmuz&#8217;da TS\u0130 13:00&#8217;da ba\u015flayacak ve YouTube \u00fczerinden canl\u0131 olarak takip edilebilecek. <\/figure>\n<p><b>2024&#8217;te yeni Canon kameralar alabileceksiniz<\/b><\/p>\n<p>Etkinlikte Canon &#8216;un amiral gemisi <strong>EOS R1<\/strong> ve gelecek vaat eden <strong>EOS R5 II<\/strong> i\u00e7in payla\u015f\u0131mlar yap\u0131lmas\u0131 bekleniyor. Canon, May\u0131s ay\u0131nda bir EOS R1 geli\u015ftirme duyurusu yapm\u0131\u015ft\u0131 ancak yeni <strong>Digic Accelerator i\u015flemcisi<\/strong> d\u0131\u015f\u0131nda herhangi bir \u00f6zellik a\u00e7\u0131klamad\u0131.<\/p>\n<p>Baz\u0131\u00a0EOS R1 s\u00f6ylentileri <strong>Quad Pixel otomatik odaklama<\/strong> ve yeni nesil <strong>Eye Control AF<\/strong> sistemiyle <strong>24MP<\/strong> tam kare sens\u00f6re sahip olaca\u011f\u0131n\u0131 \u00f6ng\u00f6rm\u00fc\u015ft\u00fc. Ancak\u00a0amiral gemisinin geli\u015fmi\u015f dinamik aral\u0131k i\u00e7in bir <strong>DGO sens\u00f6r\u00fc<\/strong> sunabilece\u011fi g\u00fcndemde.<\/p>\n<p>DGO sens\u00f6r\u00fc, size daha geni\u015f bir <strong>dinamik aral\u0131k<\/strong> sa\u011flamak i\u00e7in farkl\u0131 piksel amplifikasyon seviyelerini birle\u015ftirerek \u00e7al\u0131\u015f\u0131r. Di\u011fer baz\u0131 s\u00f6ylentiler aras\u0131nda d\u00fc\u011fmeler i\u00e7in ayd\u0131nlatma, y\u00fcksek \u00e7\u00f6z\u00fcn\u00fcrl\u00fckl\u00fc g\u00f6r\u00fcnt\u00fcler i\u00e7in \u00fcst\u00fcn piksel kayd\u0131rma modu, tam boyutlu bir <strong>HDMI ba\u011flant\u0131 noktas\u0131<\/strong> ve iyile\u015ftirilmi\u015f pil performans\u0131 yer al\u0131yor.<\/p>\n<p>Bunlar, 45MP BSI y\u0131\u011f\u0131lm\u0131\u015f tam kare sens\u00f6r, h\u0131zl\u0131 seri \u00e7ekim (mekanik deklan\u015f\u00f6rle 12 fps veya elektronik deklan\u015f\u00f6rle 30 fps) ve\u00a0<strong>8K\u00a0\/ 60p video modu<\/strong> gibi s\u00f6ylentiler aras\u0131nda yer alan mevcut \u00f6zelliklere kat\u0131l\u0131yor.<\/p>\n<p><strong>Canon<\/strong>\u00a0May\u0131s 2023&#8217;te yetersiz kalan Canon EOS R100&#8217;den\u00a0bu yana kamera duyurusu yapmad\u0131. Canon&#8217;un,\u00a0Sony\u00a0ve Nikon&#8217;un etkileyici s\u00fcr\u00fcmleri kar\u015f\u0131s\u0131nda hayranlar\u0131n\u0131 mutlu edebilmek i\u00e7in birka\u00e7 b\u00fcy\u00fck \u00f6zellik payla\u015fmas\u0131 bekleniyor.<\/p>\n<p>Canon&#8217;un <strong>Sony A1<\/strong>\u00a0veya\u00a0<strong>Nikon Z9<\/strong>\u00a0ile rekabet edebilecek ger\u00e7ek bir amiral gemisi kameras\u0131 yok\u00a0ve Canon EOS R5 Temmuz 2020&#8217;de piyasaya s\u00fcr\u00fcld\u00fc. Kameralar aras\u0131ndaki d\u00f6rt y\u0131ll\u0131k bir bo\u015fluk art\u0131k \u00e7ok uzun kabul ediliyor. Bu nedenle EOS R5&#8217;in halefinin baz\u0131 \u00f6nemli y\u00fckseltmelere ihtiyac\u0131 var ve s\u00f6ylentiler de bunlar\u0131n olaca\u011f\u0131n\u0131 g\u00f6steriyor.<\/p>\n\n<p><span style=\"display: block; width: 343.125px; color: rgb(55, 58, 60); font-size: 14px; background-color: rgb(255, 249, 236);\">https:\/\/www.youtube.com\/embed\/6AGpJLyf3Yo<\/span><\/p>\n<p>Kaynak :\u00a0<span style=\"background-color: rgb(255, 249, 236); color: rgb(55, 58, 60); font-size: 14px;\">https:\/\/www.donanimhaber.com\/canon-2024-teki-ilk-buyuk-lansman-etkinligini-duyurdu&#8211;179357<\/span><\/p>\n","protected":false},"excerpt":{"rendered":"<p>Kamera devi Canon\u00a0sonunda 2024&#8217;\u00fcn ilk lansman etkinli\u011fini duyurdu. S\u00f6ylentilere g\u00f6re Canon\u00a0EOS R1\u00a0ve\u00a0Canon EOS R5 II\u00a0modellerinin lansman\u0131n ana akt\u00f6rleri olmas\u0131 bekleniyor. Etkinlik\u00a017 Temmuz&#8217;da TS\u0130 13:00&#8217;da ba\u015flayacak ve YouTube \u00fczerinden canl\u0131 &#8230;<\/p>\n","protected":false},"author":1,"featured_media":61295,"comment_status":"open","ping_status":"open","sticky":false,"template":"","format":"standard","meta":{"footnotes":""},"categories":[8],"tags":[2927,117,2928],"class_list":["post-61294","post","type-post","status-publish","format-standard","has-post-thumbnail","hentry","category-teknoloji","tag-canon","tag-kamera","tag-soylentiler"],"_links":{"self":[{"href":"https:\/\/ekamu.net\/index.php\/wp-json\/wp\/v2\/posts\/61294","targetHints":{"allow":["GET"]}}],"collection":[{"href":"https:\/\/ekamu.net\/index.php\/wp-json\/wp\/v2\/posts"}],"about":[{"href":"https:\/\/ekamu.net\/index.php\/wp-json\/wp\/v2\/types\/post"}],"author":[{"embeddable":true,"href":"https:\/\/ekamu.net\/index.php\/wp-json\/wp\/v2\/users\/1"}],"replies":[{"embeddable":true,"href":"https:\/\/ekamu.net\/index.php\/wp-json\/wp\/v2\/comments?post=61294"}],"version-history":[{"count":1,"href":"https:\/\/ekamu.net\/index.php\/wp-json\/wp\/v2\/posts\/61294\/revisions"}],"predecessor-version":[{"id":61297,"href":"https:\/\/ekamu.net\/index.php\/wp-json\/wp\/v2\/posts\/61294\/revisions\/61297"}],"wp:featuredmedia":[{"embeddable":true,"href":"https:\/\/ekamu.net\/index.php\/wp-json\/wp\/v2\/media\/61295"}],"wp:attachment":[{"href":"https:\/\/ekamu.net\/index.php\/wp-json\/wp\/v2\/media?parent=61294"}],"wp:term":[{"taxonomy":"category","embeddable":true,"href":"https:\/\/ekamu.net\/index.php\/wp-json\/wp\/v2\/categories?post=61294"},{"taxonomy":"post_tag","embeddable":true,"href":"https:\/\/ekamu.net\/index.php\/wp-json\/wp\/v2\/tags?post=61294"}],"curies":[{"name":"wp","href":"https:\/\/api.w.org\/{rel}","templated":true}]}}