{"id":61316,"date":"2024-07-15T07:12:06","date_gmt":"2024-07-15T07:12:06","guid":{"rendered":"https:\/\/ekamu.net\/?p=61316"},"modified":"2024-07-15T07:12:06","modified_gmt":"2024-07-15T07:12:06","slug":"bidena-agir-isimlerden-cekilme-cagrisi","status":"publish","type":"post","link":"https:\/\/ekamu.net\/index.php\/2024\/07\/15\/bidena-agir-isimlerden-cekilme-cagrisi\/","title":{"rendered":"Biden&#8217;a a\u011f\u0131r isimlerden \u00e7ekilme \u00e7a\u011fr\u0131s\u0131"},"content":{"rendered":"<div>\n<p>ABD\u2019de Demokrat Parti\u2019nin a\u011f\u0131rl\u0131\u011f\u0131 y\u00fcksek isimlerinin Ba\u015fkan Joe Biden\u2019a \u00e7ekilme \u00e7a\u011fr\u0131s\u0131 yapmas\u0131 Biden \u00fczerindeki bask\u0131n\u0131n artmas\u0131na yol a\u00e7\u0131yor.<\/p>\n<p>Vermont eyaletinin Demokrat senat\u00f6r\u00fc Peter Welch, 81 ya\u015f\u0131ndaki ba\u015fkan\u0131n \u00e7ekilmesi gerekti\u011fini do\u011frudan s\u00f6yleyen ilk senat\u00f6r oldu. Welch, Washington Post\u2019a yazd\u0131\u011f\u0131 ve olas\u0131 ikinci Donald Trump d\u00f6neminin tehlikelerine dikkat \u00e7ekti\u011fi yaz\u0131da \u201c\u00dclkenin iyili\u011fi i\u00e7in Ba\u015fkan Biden\u2019a yar\u0131\u015ftan \u00e7ekilme \u00e7a\u011fr\u0131s\u0131 yap\u0131yorum\u201d ifadelerini kulland\u0131.<\/p>\n<p>Eski Temsilciler Meclisi Ba\u015fkan\u0131 Nancy Pelosi de Joe Biden\u2019\u0131n \u00e7abuk bir \u015fekilde yar\u0131\u015fta kal\u0131p kalmayaca\u011f\u0131na karar vermesi gerekti\u011fini belirtti.<\/p>\n<\/div>\n<div>\n<p>\u00d6te yandan Axios\u2019un haberine g\u00f6re ABD Senatosu \u00e7o\u011funluk lideri Chuck Schumer, se\u00e7im yar\u0131\u015f\u0131na ba\u015fka bir adayla girilmesi fikrine a\u00e7\u0131k.<\/p>\n<p>Schumer, Axios\u2019un haberinin sorulmas\u0131 \u00fczerine Bloomberg\u2019e yapt\u0131\u011f\u0131 a\u00e7\u0131klamada \u201cJoe\u2019nun yan\u0131nday\u0131m\u201d dedi, daha fazla yorum yapmad\u0131.<\/p>\n<p>Pop\u00fcler fig\u00fcrler de Biden\u2019a kar\u015f\u0131 sesini y\u00fckseltiyor. Akt\u00f6r George Clooney, New York Times\u2019a yazd\u0131\u011f\u0131 yorum yaz\u0131s\u0131nda \u201cBa\u015f\u0131m\u0131z\u0131 kuma g\u00f6mebilir, dua edebilir ve Kas\u0131m&#8217;da bir mucize bekleyebiliriz. Ya da ger\u00e7ekleri konu\u015fabiliriz\u201d diyerek Biden\u2019\u0131 \u00e7ekilmeye davet etti.<\/p>\n<p>Clooney, ABD ba\u015fkan\u0131 i\u00e7in ge\u00e7ti\u011fimiz ay bir etkinlikte 30 milyon dolar ba\u011f\u0131\u015f toplanmas\u0131na yard\u0131m etmi\u015fti.<\/p>\n<\/div>\n<p><\/p>\n<p>Kaynak :\u00a0<span style=\"background-color: rgb(255, 249, 236); color: rgb(55, 58, 60); font-size: 14px;\">Bloomberg HT<\/span><\/p>\n<p><span style=\"display: block; width: 343.125px; color: rgb(55, 58, 60); font-size: 14px; background-color: rgb(255, 249, 236);\"><\/span><\/p>\n","protected":false},"excerpt":{"rendered":"<p>ABD\u2019de a\u011f\u0131rl\u0131\u011f\u0131 y\u00fcksek isimlerin \u00e7ekilme \u00e7a\u011fr\u0131s\u0131yla Joe Biden \u00fczerindeki bask\u0131 art\u0131yor.\u00a0<\/p>\n","protected":false},"author":1,"featured_media":61317,"comment_status":"open","ping_status":"open","sticky":false,"template":"","format":"standard","meta":{"footnotes":""},"categories":[2],"tags":[197,1207],"class_list":["post-61316","post","type-post","status-publish","format-standard","has-post-thumbnail","hentry","category-ekonomi","tag-baskan","tag-biden"],"_links":{"self":[{"href":"https:\/\/ekamu.net\/index.php\/wp-json\/wp\/v2\/posts\/61316","targetHints":{"allow":["GET"]}}],"collection":[{"href":"https:\/\/ekamu.net\/index.php\/wp-json\/wp\/v2\/posts"}],"about":[{"href":"https:\/\/ekamu.net\/index.php\/wp-json\/wp\/v2\/types\/post"}],"author":[{"embeddable":true,"href":"https:\/\/ekamu.net\/index.php\/wp-json\/wp\/v2\/users\/1"}],"replies":[{"embeddable":true,"href":"https:\/\/ekamu.net\/index.php\/wp-json\/wp\/v2\/comments?post=61316"}],"version-history":[{"count":1,"href":"https:\/\/ekamu.net\/index.php\/wp-json\/wp\/v2\/posts\/61316\/revisions"}],"predecessor-version":[{"id":61318,"href":"https:\/\/ekamu.net\/index.php\/wp-json\/wp\/v2\/posts\/61316\/revisions\/61318"}],"wp:featuredmedia":[{"embeddable":true,"href":"https:\/\/ekamu.net\/index.php\/wp-json\/wp\/v2\/media\/61317"}],"wp:attachment":[{"href":"https:\/\/ekamu.net\/index.php\/wp-json\/wp\/v2\/media?parent=61316"}],"wp:term":[{"taxonomy":"category","embeddable":true,"href":"https:\/\/ekamu.net\/index.php\/wp-json\/wp\/v2\/categories?post=61316"},{"taxonomy":"post_tag","embeddable":true,"href":"https:\/\/ekamu.net\/index.php\/wp-json\/wp\/v2\/tags?post=61316"}],"curies":[{"name":"wp","href":"https:\/\/api.w.org\/{rel}","templated":true}]}}