{"id":61401,"date":"2024-07-15T11:36:07","date_gmt":"2024-07-15T11:36:07","guid":{"rendered":"https:\/\/ekamu.net\/?p=61401"},"modified":"2024-07-15T11:36:07","modified_gmt":"2024-07-15T11:36:07","slug":"kkm-2-trilyon-tlnin-altina-indi","status":"publish","type":"post","link":"https:\/\/ekamu.net\/index.php\/2024\/07\/15\/kkm-2-trilyon-tlnin-altina-indi\/","title":{"rendered":"KKM 2 trilyon TL&#8217;nin alt\u0131na indi"},"content":{"rendered":"<div>\n<p>Kur korumal\u0131 mevduatlarda d\u00fc\u015f\u00fc\u015f ivmesi devam ederken, a\u015fa\u011f\u0131 y\u00f6nl\u00fc kritik e\u015fik de geride b\u0131rak\u0131ld\u0131.<\/p>\n<p>Bankac\u0131l\u0131k D\u00fczenleme ve Denetleme Kurumu (BDDK) verilerine g\u00f6re 5 Temmuz haftas\u0131 itibariyle kur korumal\u0131 mevduatlar 23 milyar TL d\u00fc\u015ft\u00fc. B\u00f6ylelikle kur korumal\u0131 mevduatlar zirveyi g\u00f6rd\u00fckten sonra ilk kez 2 trilyon TL&#8217;nin alt\u0131na geriledi.<\/p>\n<p>Kur korumal\u0131 mevduatlardaki d\u00fc\u015f\u00fc\u015f Hazine ve Maliye Bakan\u0131 Mehmet \u015eim\u015fek&#8217;in de g\u00fcndemindeydi. \u015eim\u015fek, kur korumal\u0131 mevduatlardaki d\u00fc\u015f\u00fc\u015f\u00fcn Temmuz ay\u0131nda h\u0131zlanarak devam edece\u011fini s\u00f6yledi.<\/p>\n<p>Ge\u00e7en y\u0131l 143 milyar dolarla zirveyi g\u00f6ren Kur Korumal\u0131 Mevduat\u2019\u0131n bug\u00fcn 60 milyar dolar\u0131n alt\u0131na indi\u011fini belirten \u015eim\u015fek, \u201cVergi te\u015fviklerini kald\u0131rd\u0131\u011f\u0131m\u0131z i\u00e7in KKM\u2019den \u00e7\u0131k\u0131\u015f \u00e7ok daha h\u0131zlancak ve T\u00fcrkiye bu fasl\u0131 da kapatm\u0131\u015f olacakt\u0131r\u201d dedi.<\/p>\n<\/div>\n<\/p>\n<p><\/p>\n<p>Kaynak :\u00a0<span style=\"background-color: rgb(255, 249, 236); color: rgb(55, 58, 60); font-size: 14px;\">Bloomberg HT<\/span><\/p>\n<p><span style=\"display: block; width: 343.125px; color: rgb(55, 58, 60); font-size: 14px; background-color: rgb(255, 249, 236);\"><\/span><\/p>\n","protected":false},"excerpt":{"rendered":"<p>Kur korumal\u0131 mevduatlar ge\u00e7en hafta itibariyle 2 trilyon TL&#8217;nin alt\u0131na geriledi.<\/p>\n","protected":false},"author":1,"featured_media":61402,"comment_status":"open","ping_status":"open","sticky":false,"template":"","format":"standard","meta":{"footnotes":""},"categories":[2],"tags":[],"class_list":["post-61401","post","type-post","status-publish","format-standard","has-post-thumbnail","hentry","category-ekonomi"],"_links":{"self":[{"href":"https:\/\/ekamu.net\/index.php\/wp-json\/wp\/v2\/posts\/61401","targetHints":{"allow":["GET"]}}],"collection":[{"href":"https:\/\/ekamu.net\/index.php\/wp-json\/wp\/v2\/posts"}],"about":[{"href":"https:\/\/ekamu.net\/index.php\/wp-json\/wp\/v2\/types\/post"}],"author":[{"embeddable":true,"href":"https:\/\/ekamu.net\/index.php\/wp-json\/wp\/v2\/users\/1"}],"replies":[{"embeddable":true,"href":"https:\/\/ekamu.net\/index.php\/wp-json\/wp\/v2\/comments?post=61401"}],"version-history":[{"count":1,"href":"https:\/\/ekamu.net\/index.php\/wp-json\/wp\/v2\/posts\/61401\/revisions"}],"predecessor-version":[{"id":61403,"href":"https:\/\/ekamu.net\/index.php\/wp-json\/wp\/v2\/posts\/61401\/revisions\/61403"}],"wp:featuredmedia":[{"embeddable":true,"href":"https:\/\/ekamu.net\/index.php\/wp-json\/wp\/v2\/media\/61402"}],"wp:attachment":[{"href":"https:\/\/ekamu.net\/index.php\/wp-json\/wp\/v2\/media?parent=61401"}],"wp:term":[{"taxonomy":"category","embeddable":true,"href":"https:\/\/ekamu.net\/index.php\/wp-json\/wp\/v2\/categories?post=61401"},{"taxonomy":"post_tag","embeddable":true,"href":"https:\/\/ekamu.net\/index.php\/wp-json\/wp\/v2\/tags?post=61401"}],"curies":[{"name":"wp","href":"https:\/\/api.w.org\/{rel}","templated":true}]}}